{"id":3864,"date":"2015-09-07T14:21:35","date_gmt":"2015-09-07T14:21:35","guid":{"rendered":"http:\/\/www.slineamt.ro\/apostolul\/?p=3864"},"modified":"2015-11-07T14:25:02","modified_gmt":"2015-11-07T14:25:02","slug":"buletinul-asociatiei-invatatorilor-din-judetul-neamt","status":"publish","type":"post","link":"http:\/\/www.slineamt.ro\/apostolul\/scoala-nemteana-la-zi\/buletinul-asociatiei-invatatorilor-din-judetul-neamt\/","title":{"rendered":"BULETINUL ASOCIA\u0162IEI \u00ceNV\u0102\u0162\u0102TORILOR DIN JUDE\u0162UL NEAM\u0162"},"content":{"rendered":"<p><a href=\"http:\/\/www.slineamt.ro\/apostolul\/wp-content\/uploads\/2015\/11\/Asoc-Inv-Neamt.jpg\"><img loading=\"lazy\" decoding=\"async\" class=\"wp-image-3865 alignleft\" src=\"http:\/\/www.slineamt.ro\/apostolul\/wp-content\/uploads\/2015\/11\/Asoc-Inv-Neamt.jpg\" alt=\"Asoc Inv Neamt\" width=\"192\" height=\"198\" \/><\/a><\/p>\n<p>Asocia\u0163ia \u00cenv\u0103\u0163\u0103torilor la \u00eenceput de martie<\/p>\n<p>&nbsp;<\/p>\n<p>Cu m\u0103r\u0163i\u015foare, flori, multe flori \u015fi felicit\u0103ri, Asocia\u0163ia \u00cenv\u0103\u0163\u0103torilor din jude\u0163ul Neam\u0163 a s\u0103rb\u0103torit, la acest \u00eenceput timid de prim\u0103var\u0103, Ziua interna\u0163ional\u0103 a Femeii. Au fost organizate c\u00e2teva activit\u0103\u0163i de suflet dedicate tuturor doamnelor \u015fi domni\u015foarelor din \u015fcolile nem\u0163ene.<\/p>\n<p>&nbsp;<\/p>\n<p>M\u0103r\u0163i\u015foare, m\u0103r\u0163i\u015foare&#8230;<\/p>\n<p>&nbsp;<\/p>\n<p>\u00cen sala de festivit\u0103\u0163i a Asocia\u0163iei \u00cenv\u0103\u0163\u0103torilor a fost organizat\u0103 o expozi\u0163ie de m\u0103r\u0163i\u015foare me\u015fte\u015fugite cu dragoste \u015fi emo\u0163ie de elevii din clasele primare ale \u015ecolii Gimnaziale Nr. 3, Piatra Neam\u0163 \u00eendruma\u0163i de doamnele \u00eenv\u0103\u0163\u0103toare Elena Amariei, Mihaela Roxana Amaicei \u2013 Bilbor \u015fi Carmen Olteanu. Am fost impresiona\u0163i de ima\u00adgina\u0163ia copiilor care au reu\u015fit s\u0103 ne aduc\u0103 c\u00e2te un strop de prim\u0103var\u0103.<\/p>\n<p><a href=\"http:\/\/www.slineamt.ro\/apostolul\/wp-content\/uploads\/2015\/11\/8-martie-1.jpg\"><img loading=\"lazy\" decoding=\"async\" class=\"size-medium wp-image-3866 alignright\" src=\"http:\/\/www.slineamt.ro\/apostolul\/wp-content\/uploads\/2015\/11\/8-martie-1-300x225.jpg\" alt=\"8 martie-1\" width=\"300\" height=\"225\" srcset=\"http:\/\/www.slineamt.ro\/apostolul\/wp-content\/uploads\/2015\/11\/8-martie-1-300x225.jpg 300w, http:\/\/www.slineamt.ro\/apostolul\/wp-content\/uploads\/2015\/11\/8-martie-1.jpg 397w\" sizes=\"auto, (max-width: 300px) 100vw, 300px\" \/><\/a><\/p>\n<p>Omagiu doamnei \u00eenv\u0103\u0163\u0103toare<\/p>\n<p>&nbsp;<\/p>\n<p>Asocia\u0163ia \u00cenv\u0103\u0163\u0103torilor din Jude\u0163ul Neam\u0163 \u00een parteneriat cu \u015ecoala Gimnazial\u0103 Nr. 3 Piatra Neam\u0163 a organizat joi, 5 martie 2015, ora 13, la sediul din strada Mihail Sadoveanu, nr. 21, o manifestare ce s-a dorit a fi o punte de leg\u0103tur\u0103 \u00eentre genera\u0163ii. Ne-am readus aminte de chipuri luminoase de \u00eenv\u0103\u0163\u0103toare \u015fi profesoare trecute \u00een nefiin\u0163\u0103: Georgeta Grigoriu, Evelina Ceau\u015fu, Ana Teodorescu, Eufrosina Savin, Genoveva Petrescu \u015f.a. Portretele vor fi f\u0103cute de fo\u015ftii elevi, ast\u0103zi dasc\u0103li de renume, pentru care chipul doamnei \u00eenv\u0103\u0163\u0103toare \/ profesoare \u00eenseamn\u0103, dup\u0103 at\u00e2\u0163ia ani, tot bun\u0103tate, iubire, \u00een\u0163elegere, \u00een\u0163elepciune. Cu emo\u0163ie \u015fi respect au vorbit \u00een fa\u0163a unui auditoriu la fel de emo\u0163ionat, profesorii Ana Catzaidi, Tatiana Antonovici. Maria S\u0103il\u0103, Maria Daniela Ciuraru,Vasile S\u0103il\u0103. Doamna Maria Diaconu a recitat c\u00e2teva poezii dedicate tuturor \u00eenv\u0103\u0163\u0103toarelor \u015fi profesoarelor. Profesoara Mihaela Tanovici, directoarea Colegiului Na\u0163ional \u201eRoman Vod\u0103\u201d a omagiat-o pe doamna profesoar\u0103 Maria Teodorescu, un exemplu de profesionalism \u015fi d\u0103ruire, o adev\u0103rat\u0103 \u201eroman-vodist\u0103\u201d.<\/p>\n<p>Toate doamnele au primit flori \u015fi m\u0103r\u0163i\u015foare.<\/p>\n<p>&nbsp;<\/p>\n<p>C\u00e2ntec pentru mama<\/p>\n<p>&nbsp;<\/p>\n<p>Un scurt program artistic a fost sus\u0163inut de elevii Amaicei \u2013 Bilbor Bogdan, Horghidan Anastasia, T\u0103nas\u0103 Teodora \u015fi Laz\u0103r Ana-Maria, de la \u015ecoala Gimnazial\u0103 Nr. 3 din Piatra Neam\u0163. Fondul muzical a fost sus\u0163inut de profesorul Corneliu Gheorghi\u0163\u0103.<\/p>\n<p>&nbsp;<\/p>\n<p>Balul m\u0103r\u0163i\u015forului<\/p>\n<p>&nbsp;<\/p>\n<p>Meniul restaurantului unde ne-am \u00eent\u00e2lnit s\u0103 s\u0103rb\u0103torim ziua doamnelor noastre a cuprins: bun\u0103 dispozi\u0163ie, muzic\u0103 de calitate, dans, veselie&#8230;<\/p>\n<p>&nbsp;<\/p>\n<p>Urare<\/p>\n<p>E ziua ta! Ce am putea s\u0103-\u0163i dorim mai mult dec\u00e2t s\u0103 ai \u00een suflet ve\u015fnic prim\u0103vara.<\/p>\n<p>&nbsp;<\/p>\n<p>Prof. Liviu RUSU,<\/p>\n<p>pre\u015fedintele Asocia\u0163iei \u00cenv\u0103\u0163\u0103torilor din Jude\u0163ul Neam\u0163<\/p>\n","protected":false},"excerpt":{"rendered":"<p>Asocia\u0163ia \u00cenv\u0103\u0163\u0103torilor la \u00eenceput de martie &nbsp; Cu m\u0103r\u0163i\u015foare, flori, multe flori \u015fi felicit\u0103ri, Asocia\u0163ia \u00cenv\u0103\u0163\u0103torilor din jude\u0163ul Neam\u0163 a s\u0103rb\u0103torit, la acest \u00eenceput timid de prim\u0103var\u0103, Ziua interna\u0163ional\u0103 a Femeii. Au fost organizate c\u00e2teva activit\u0103\u0163i de suflet dedicate tuturor&hellip;<\/p>\n<p class=\"more-link-p\"><a class=\"more-link\" href=\"http:\/\/www.slineamt.ro\/apostolul\/scoala-nemteana-la-zi\/buletinul-asociatiei-invatatorilor-din-judetul-neamt\/\">Read more &rarr;<\/a><\/p>\n","protected":false},"author":1,"featured_media":0,"comment_status":"open","ping_status":"open","sticky":false,"template":"","format":"standard","meta":{"footnotes":""},"categories":[10,57],"tags":[],"class_list":["post-3864","post","type-post","status-publish","format-standard","hentry","category-scoala-nemteana-la-zi","category-nr-175-martie-2015"],"_links":{"self":[{"href":"http:\/\/www.slineamt.ro\/apostolul\/wp-json\/wp\/v2\/posts\/3864","targetHints":{"allow":["GET"]}}],"collection":[{"href":"http:\/\/www.slineamt.ro\/apostolul\/wp-json\/wp\/v2\/posts"}],"about":[{"href":"http:\/\/www.slineamt.ro\/apostolul\/wp-json\/wp\/v2\/types\/post"}],"author":[{"embeddable":true,"href":"http:\/\/www.slineamt.ro\/apostolul\/wp-json\/wp\/v2\/users\/1"}],"replies":[{"embeddable":true,"href":"http:\/\/www.slineamt.ro\/apostolul\/wp-json\/wp\/v2\/comments?post=3864"}],"version-history":[{"count":2,"href":"http:\/\/www.slineamt.ro\/apostolul\/wp-json\/wp\/v2\/posts\/3864\/revisions"}],"predecessor-version":[{"id":3868,"href":"http:\/\/www.slineamt.ro\/apostolul\/wp-json\/wp\/v2\/posts\/3864\/revisions\/3868"}],"wp:attachment":[{"href":"http:\/\/www.slineamt.ro\/apostolul\/wp-json\/wp\/v2\/media?parent=3864"}],"wp:term":[{"taxonomy":"category","embeddable":true,"href":"http:\/\/www.slineamt.ro\/apostolul\/wp-json\/wp\/v2\/categories?post=3864"},{"taxonomy":"post_tag","embeddable":true,"href":"http:\/\/www.slineamt.ro\/apostolul\/wp-json\/wp\/v2\/tags?post=3864"}],"curies":[{"name":"wp","href":"https:\/\/api.w.org\/{rel}","templated":true}]}}