{"id":4381,"date":"2016-02-14T14:23:01","date_gmt":"2016-02-14T14:23:01","guid":{"rendered":"http:\/\/www.slineamt.ro\/apostolul\/?p=4381"},"modified":"2016-02-14T14:23:43","modified_gmt":"2016-02-14T14:23:43","slug":"4381","status":"publish","type":"post","link":"http:\/\/www.slineamt.ro\/apostolul\/viata-sindicala-imperative\/4381\/","title":{"rendered":"2016 \u2013 PRIORIT\u0102\u0162I \u015eI PERSPECTIVE"},"content":{"rendered":"<p>* Interviu cu dl. Gabriel PLOSC\u0102, pre\u015fedintele SLLICS Neam\u0163<\/p>\n<p>&nbsp;<\/p>\n<p>\u2013 Domnule Gabriel Plosc\u0103, am \u00een fa\u0163\u0103 \u2013 \u015fi vom \u015fi publica \u2013 dou\u0103 documente care vizeaz\u0103 activitatea recent\u0103 \u015fi de perspectiv\u0103 a Sindicatului Liber al Lucr\u0103torilor din \u00cenv\u0103\u0163\u0103m\u00e2nt \u015fi Cercetare \u015etiin\u0163ific\u0103 Neam\u0163: Raportul asupra activit\u0103\u0163ii desf\u0103\u015furate \u00een anul 2015 \u015fi Strategia pentru anii 2015 \u2013 2016. Mie mi se par dou\u0103 materiale concludente. Dori\u0163i s\u0103 le comenta\u0163i sau s\u0103 ad\u0103uga\u0163i c\u00e2teva accente privind priorit\u0103\u0163ile anului deja \u00eenceput?<\/p>\n<p>\u2013 Pentru a \u00eendeplini obiectivele prev\u0103zute \u00een strategia sindicatului nostru, foarte multe dintre activit\u0103\u0163ile pe care le-am desf\u0103\u015furat \u00een 2015 vor continua \u015fi \u00een 2016. Dar, cu siguran\u0163\u0103, vor fi \u015fi ac\u0163iuni noi, \u015fi o s\u0103 m\u0103 refer \u00een continuare doar la c\u00e2teva dintre acestea:<\/p>\n<p>\u00cen ceea ce prive\u015fte ac\u0163iunile \u00een instan\u0163\u0103, pentru anul 2016, ne-am propus \u00een cadrul Biroului Operativ s\u0103 d\u0103m prioritate acelor ac\u0163iuni prin care urmeaz\u0103 s\u0103 recuper\u0103m dob\u00e2nda legal\u0103 pentru drepturile salariale aferente anului 2011, drepturi c\u00e2\u015ftigate de noi prin hot\u0103r\u00e2ri judec\u0103tore\u015fti. De asemenea, dac\u0103 va fi cazul, sigur vom continua ac\u0163iunile \u00een instan\u0163\u0103 pentru recuperarea sumelor care provin din decontarea navetei, dar aceasta \u00een func\u0163ie de semnalele primite de la colegii no\u015ftri din \u015fcolile unde sunt astfel de probleme.<\/p>\n<p>Mai departe, vorbind despre ac\u0163iunile de formare, sunt \u00een m\u0103sur\u0103 s\u0103 afirm c\u0103 vom definitiva \u00een cur\u00e2nd condi\u0163iile pentru a desf\u0103\u015fura activit\u0103\u0163i de formare, pe tema Dialogul social \u015fi leadership \u00een educa\u0163ie. Aceste cursuri de formare se adreseaz\u0103 liderilor de sindicat din unit\u0103\u0163ile \u015fcolare, \u015fi sper\u0103m c\u0103 to\u0163i ace\u015ftia le vor urma, p\u00e2n\u0103 la vacan\u0163a de var\u0103. Exist\u0103 \u00eenc\u0103 destule lucruri de pus la punct din punct de vedere organizatoric, dar noi sper\u0103m c\u0103, \u00een final, vom asigura toate condi\u0163iile pentru ca aceste cursuri s\u0103 se desf\u0103\u015foare \u00een condi\u0163ii optime.<\/p>\n<p>Totodat\u0103 von finaliza \u015fi cursurile de prim ajutor pe care dorim s\u0103 le desf\u0103\u015fur\u0103m \u00eentr-un parteneriat cu organiza\u0163ia de Crucea Ro\u015fie din jude\u0163ul Neam\u0163. Aceste cursuri au fost solicitate de foarte mul\u0163i dintre colegii no\u015ftri, membri de sindicat, \u015fi credem c\u0103 sunt foarte utile \u00een unit\u0103\u0163ile \u015fcolare, mai ales pentru cadrele didactice care lucreaz\u0103 cu copii sau cu \u015fcolari de v\u00e2rste mici.<\/p>\n<p>De asemenea, \u00een 2016 vom \u00eencepe s\u0103 \u00eentocmim documentele necesare pentru a \u00eenfiin\u0163a o Agen\u0163ie de turism, obiectiv prins \u00een Strategia sindicatului nostru, adoptat\u0103 \u00een Conferin\u0163a din iunie 2013. \u015ei sper\u0103m ca, p\u00e2n\u0103 la sf\u00e2r\u015fitul prezentului mandat, aceast\u0103 agen\u0163ie de turism s\u0103 fie func\u0163ional\u0103.<\/p>\n<p>Dorim \u00een continuare s\u0103 ne preocup\u0103m, s\u0103 identific\u0103m \u015fi s\u0103 \u00eencheiem noi parteneriate cu agen\u0163i economici, parteneriate prin care colegii no\u015ftri s\u0103 beneficieze de anumite bonusuri \u00een cea ce prive\u015fte sc\u0103derea pre\u0163urilor.<\/p>\n<p>Tot ca o noutate \u00een acest an, \u00een ceea ce prive\u015fte biletele de tratament \u015fi odihn\u0103, ne-am g\u00e2ndit c\u0103 ar fi bine s\u0103 promov\u0103m \u015fi modalitatea de a achizi\u0163iona bilete pentru tratament \u015fi odihn\u0103 \u00een rate. Poate c\u0103 \u00een acest fel, efortul financiar pentru cump\u0103rarea unui bilet, \u00eemp\u0103r\u0163it pe mai multe luni, va fi mai u\u015for de suportat. \u015ei deja am trimis \u00een unit\u0103\u0163ile \u015fcolare o ofert\u0103 cu plata \u00een rate, pentru anul acesta, la mare. Cu siguran\u0163\u0103 vom mai avea \u015fi alte oferte \u015fi pentru odihn\u0103 \u015fi pentru tratament.<\/p>\n<p>Acestea ar fi \u00een mare nuan\u0163ele de noutate pe care dorim s\u0103 le implement\u0103m \u00een activitatea noastr\u0103 din anul 2016, subliniind \u00eenc\u0103 o dat\u0103 c\u0103 toate celelalte activit\u0103\u0163i urm\u0103resc s\u0103 duc\u0103 la \u00eendeplinire ac\u0163iunile \u015fi obiectivele stabilite \u00een Strategia noastr\u0103 pentru anii 2015 \u015fi 2016. Trebuie precizat \u00eens\u0103 c\u0103, \u015fi \u00een afar\u0103 de lucrurile men\u0163ionate p\u00e2n\u0103 acum, \u00een 2016 vor fi \u015fi alte activit\u0103\u0163i care vor marca implicarea noastr\u0103 \u00een ac\u0163iunile organizate la nivel federativ \u015fi confederativ.<\/p>\n<p>\u2013 Exist\u0103 o doz\u0103 de optimism \u00een tonul dumneavoastr\u0103, ceea ce m\u0103 face s\u0103 privesc cu mai pu\u0163in\u0103 suspiciune viitorul, \u015fi s\u0103 v\u0103 doresc ca, la bilan\u0163ul din ianuarie viitor, s\u0103 v\u0103 p\u0103stra\u0163i acela\u015fi z\u00e2mbet \u00een continuare. Spor la treab\u0103!<\/p>\n<p>M.Z.<\/p>\n","protected":false},"excerpt":{"rendered":"<p>* Interviu cu dl. Gabriel PLOSC\u0102, pre\u015fedintele SLLICS Neam\u0163 &nbsp; \u2013 Domnule Gabriel Plosc\u0103, am \u00een fa\u0163\u0103 \u2013 \u015fi vom \u015fi publica \u2013 dou\u0103 documente care vizeaz\u0103 activitatea recent\u0103 \u015fi de perspectiv\u0103 a Sindicatului Liber al Lucr\u0103torilor din \u00cenv\u0103\u0163\u0103m\u00e2nt \u015fi&hellip;<\/p>\n<p class=\"more-link-p\"><a class=\"more-link\" href=\"http:\/\/www.slineamt.ro\/apostolul\/viata-sindicala-imperative\/4381\/\">Read more &rarr;<\/a><\/p>\n","protected":false},"author":1,"featured_media":0,"comment_status":"open","ping_status":"open","sticky":false,"template":"","format":"standard","meta":{"footnotes":""},"categories":[11,64],"tags":[],"class_list":["post-4381","post","type-post","status-publish","format-standard","hentry","category-viata-sindicala-imperative","category-numarul-184"],"_links":{"self":[{"href":"http:\/\/www.slineamt.ro\/apostolul\/wp-json\/wp\/v2\/posts\/4381","targetHints":{"allow":["GET"]}}],"collection":[{"href":"http:\/\/www.slineamt.ro\/apostolul\/wp-json\/wp\/v2\/posts"}],"about":[{"href":"http:\/\/www.slineamt.ro\/apostolul\/wp-json\/wp\/v2\/types\/post"}],"author":[{"embeddable":true,"href":"http:\/\/www.slineamt.ro\/apostolul\/wp-json\/wp\/v2\/users\/1"}],"replies":[{"embeddable":true,"href":"http:\/\/www.slineamt.ro\/apostolul\/wp-json\/wp\/v2\/comments?post=4381"}],"version-history":[{"count":3,"href":"http:\/\/www.slineamt.ro\/apostolul\/wp-json\/wp\/v2\/posts\/4381\/revisions"}],"predecessor-version":[{"id":4388,"href":"http:\/\/www.slineamt.ro\/apostolul\/wp-json\/wp\/v2\/posts\/4381\/revisions\/4388"}],"wp:attachment":[{"href":"http:\/\/www.slineamt.ro\/apostolul\/wp-json\/wp\/v2\/media?parent=4381"}],"wp:term":[{"taxonomy":"category","embeddable":true,"href":"http:\/\/www.slineamt.ro\/apostolul\/wp-json\/wp\/v2\/categories?post=4381"},{"taxonomy":"post_tag","embeddable":true,"href":"http:\/\/www.slineamt.ro\/apostolul\/wp-json\/wp\/v2\/tags?post=4381"}],"curies":[{"name":"wp","href":"https:\/\/api.w.org\/{rel}","templated":true}]}}