{"id":4498,"date":"2015-09-04T08:53:11","date_gmt":"2015-09-04T08:53:11","guid":{"rendered":"http:\/\/www.slineamt.ro\/apostolul\/?p=4498"},"modified":"2016-03-19T08:53:38","modified_gmt":"2016-03-19T08:53:38","slug":"dumnezeu-isi-face-treaba-cu-generozitate-avem-resurse-colosale-de-talent","status":"publish","type":"post","link":"http:\/\/www.slineamt.ro\/apostolul\/ancheta-revistei-apostolul\/dumnezeu-isi-face-treaba-cu-generozitate-avem-resurse-colosale-de-talent\/","title":{"rendered":"Dumnezeu \u00ee\u015fi face treaba cu generozitate, avem resurse colosale de talent"},"content":{"rendered":"<p>&nbsp;<\/p>\n<p>&nbsp;<\/p>\n<p><a href=\"http:\/\/www.slineamt.ro\/apostolul\/wp-content\/uploads\/2016\/03\/Elenescu-grup.jpg\" rel=\"attachment wp-att-4499\"><img loading=\"lazy\" decoding=\"async\" class=\"size-medium wp-image-4499 alignleft\" src=\"http:\/\/www.slineamt.ro\/apostolul\/wp-content\/uploads\/2016\/03\/Elenescu-grup-300x182.jpg\" alt=\"Elenescu grup\" width=\"300\" height=\"182\" srcset=\"http:\/\/www.slineamt.ro\/apostolul\/wp-content\/uploads\/2016\/03\/Elenescu-grup-300x182.jpg 300w, http:\/\/www.slineamt.ro\/apostolul\/wp-content\/uploads\/2016\/03\/Elenescu-grup-260x158.jpg 260w, http:\/\/www.slineamt.ro\/apostolul\/wp-content\/uploads\/2016\/03\/Elenescu-grup-160x97.jpg 160w, http:\/\/www.slineamt.ro\/apostolul\/wp-content\/uploads\/2016\/03\/Elenescu-grup.jpg 411w\" sizes=\"auto, (max-width: 300px) 100vw, 300px\" \/><\/a>\u201eDumnezeu \u00ee\u015fi face treaba cu generozitate, avem resurse colosale de talent\u201d<\/p>\n<p>&nbsp;<\/p>\n<p>* Interviu cu muzicolog dr. Vasilica Stoiciu-Frunz\u0103, director artistic al Concursului de interpretare muzical\u0103 \u201eEmanuel Elenescu\u201d, Piatra-Neam\u0163<\/p>\n<p>&nbsp;<\/p>\n<p>Mi-a pl\u0103cut sintagma Dvs. \u201edesprins din cartea de aur a muzicii rom\u00e2ne\u015fti\u201d, asociat\u0103 numelui lui Emanuel Elenescu (ba chiar am \u015fi preluat-o). Dac\u0103 ar fi s\u0103 nuan\u0163a\u0163i, cam la ce capitol a\u0163i a\u015feza numele lui Elenescu? Sau, mai direct: care ar fi vecinii de pagin\u0103 ai muzicianului nostru?<\/p>\n<p>\u2013 A\u015f privi tema din dou\u0103 direc\u0163ii. Pe de o parte, din perspectiva vie\u0163ii de maestru \u00een toate etapele devenirii sale, timp de multi, multi ani, 92. Emanuel Elenescu (1911-2003) a avut timpul necesar s\u0103 ia cuno\u015ftin\u0163\u0103 cu mai multe genera\u0163ii de \u201ecolegi de scen\u0103\u201d, dirijori, interpre\u0163i de mare faim\u0103. Spre exemplu, de la Ionel Perlea, George Georgescu, Antonin Ciolan, Constantin Silvestri, Ion Baciu, mai t\u00e2n\u0103rul Ilarion Ionescu Gala\u0163i, ca s\u0103 amintim doar c\u00e2teva nume sonore de dirijori rom\u00e2ni, interpre\u0163i precum Ion Voicu, \u015etefan Ruha, Valentin Gheorghiu, p\u00e2n\u0103 la t\u00e2n\u0103rul Florin Ionescu Gala\u0163i, violonistul solist al ultimului concert dirijat de maestrul Elenescu.<\/p>\n<p>Pe de alt\u0103 parte, din fotoliul publicului, de unde foarte mul\u0163i muzicieni \u015fi melomani urm\u0103reau construc\u0163iile sonore solide, pline de culoare \u015fi mesaj artistic ie\u015fit din grija pentru cele mai mici detalii ale dirijorului Emanuel Elenescu. Dar \u015fi din fotoliul de acas\u0103 unde, la radio, au putut \u015fi pot fi \u00een continuare ascultate mii de minute de muzic\u0103, exemplar \u00eenregistrat\u0103 sub bagheta sa.<\/p>\n<p>Am avut ocazia s\u0103 fiu \u00een sal\u0103 la multe din concertele sale dirijate la Filarmonica din Ia\u015fi, evenimente adev\u0103rate. Pentru cine a avut ocazia, \u015fi repeti\u0163iile au r\u0103mas de neuitat.<\/p>\n<p>Faptul c\u0103 numele muzicianului se afl\u0103 \u015fi \u00een documentele de stare civil\u0103 ca fiind n\u0103scut la Piatra-Neam\u0163, este un adev\u0103r pe care, poate, ar fi bine s\u0103-l subliniem nu numai \u00een contextul concursului muzical \u00een discu\u0163ie. Ce a\u0163i spune de o institu\u0163ie de art\u0103 care s\u0103 \u00eei poarte numele?<\/p>\n<p>\u015etiu c\u0103 \u00een calitatea Dvs. de director artistic al Concursului, a\u0163i avut un cuv\u00e2nt greu de spus \u00een reg\u00e2ndirea orient\u0103rii \u015fi structurii concursului, \u00een modificarea regulamentului s\u0103u. Au disp\u0103rut ni\u015fte sec\u0163ii, au ap\u0103rut altele noi? Cu ce criterii a\u0163i operat \u015fi argumentat?<\/p>\n<p>\u2013 \u00centotdeauna cu criterii profesionale, de competen\u0163\u0103. De la prima colaborare la acest concurs, am descoperit detaliile care i-au asigurat longevitatea: tenacitatea organizatorilor, Liceul de arte \u201eVictor Brauner\u201d din Piatra-Neam\u0163, prin prof. Mih\u0103i\u0163\u0103 Albu, ini\u0163iatorul determinat \u015fi motorul celor, ast\u0103zi, dou\u0103zeci \u015fi patru de edi\u0163ii; apeten\u0163a profesorilor, greu de imaginat de multe ori, de a lucra cu elevii pentru \u015fi \u00een spiritul competi\u0163iei; izvorul, a\u015f spune nesecat de talente ce se expune an de an proasp\u0103t, surprinz\u0103tor, d\u0103t\u0103tor de bucurie \u015fi satisfac\u0163ii artistice; receptivitatea p\u0103rin\u0163ilor, unii nepreg\u0103ti\u0163i pentru acea superb\u0103 situa\u0163ie care spune c\u0103, atunci c\u00e2nd un copil \u00eencepe s\u0103 studieze un instrument muzical, \u00eencepe toat\u0103 familia. P\u00e2n\u0103 la urm\u0103 nu avem voie s\u0103 \u00een\u0103bu\u015fim acel \u201etalant\u201d cu neputin\u0163\u0103 de m\u0103surat obiectiv, sau s\u0103 \u201et\u0103iem aripile\u201d.<\/p>\n<p>Din perspectiva celui neintegrat \u00een sistemul \u00eenv\u0103\u0163\u0103m\u00e2ntului preuniversitar, mi-a fost chiar foarte greu s\u0103 \u00een\u0163eleg, spre exemplu, mecanismul juriz\u0103rii \u00een dou\u0103 zile (!) a peste 500 de concuren\u0163i. Realitatea a dovedit c\u0103 se poate face bine, cu temei.<\/p>\n<p>Sesizam, \u00eens\u0103, \u015fi c\u00e2teva detalii de organizare, de regulament, pe care eu le vedeam altfel. Plec\u00e2nd de la premisa c\u0103, pentru a reprezenta \u00eentradev\u0103r ceva \u00een cariera unui viitor muzician, nu numai o diplom\u0103 sau un posibil trofeu, acest concurs e bine s\u0103 capete o \u00eenf\u0103\u0163i\u015fare profesional\u0103 bazat\u0103 pe principii de talia altor competi\u0163ii interna\u0163ionale, p\u0103str\u00e2ndu-\u015fi, evident, particularit\u0103\u0163ile. De anul acesta s-a f\u0103cut o necesar\u0103 separa\u0163ie \u00eentre componenta academic\u0103 \u2013 categorii de instrumente, repertoriu \u2013 \u015fi folclor.<\/p>\n<p>Aceasta devenise necesar\u0103 pentru a ne concentra aten\u0163ia asupra prezentului \u015fi, de ce nu, a viitorului artei muzicale interpretative instrumentale \u2013 de anul acesta, toate instrumentele orchestrei simfonice \u2013 \u015fi vocale \u2013 canto clasic. Un stimulent firesc a fost oferit \u015fi celei mai rafinate forme de comunicare sonor\u0103, muzica de camer\u0103.<\/p>\n<p>V\u0103z\u00e2nd \u00een juriu numele lui Constantin Stanciu, care a debutat \u00een urm\u0103 cu peste 40 de ani la Piatra-Neam\u0163 cu Cvartetul \u201eVoces\u201d, m-am g\u00e2ndit c\u0103 emula\u0163ia \u015fi efervescen\u0163a provocate de Vacan\u0163ele muzicale, par a fi preluate, la alt nivel desigur, de aceast\u0103 nou\u0103 genera\u0163ie. C\u00e2t de tare trebuie crezut \u00een aceast\u0103 idee?<\/p>\n<p>\u2013 Pu\u0163in adev\u0103r istoric nu stric\u0103. Cu 41 de ani \u00een urm\u0103 lua fiin\u0163\u0103 cvartetul ie\u015fean Voces Contemporanae, devenit celebrul, inconfundabilul, Voces. \u00cen 24 iunie 1974 tinerii, pe atunci studen\u0163i ai Conservatorului \u201eGeorge Enescu\u201d, sus\u0163ineau primul concert la Vacan\u0163ele muzicale de la Piatra-Neam\u0163 (la Biblioteca jude\u0163ean\u0103) \u00een prima componen\u0163\u0103, Bujor Prelipcean (vioara I), Adrian Anania (vioara a II-a), Gheorghe Haag (viol\u0103), Dan Prelipcean (violoncel). Maestrul Constantin Stanciu a devenit membru al cvartetului dup\u0103 10 ani, \u00een 1983 (dup\u0103 r\u0103m\u00e2nerea \u00een Germania a bracistului Gheorghe Haag) \u015fi, f\u0103r\u0103 \u00eentrerupere, \u015fi-a urmat destinul muzical pe teritoriul fascinant al muzicii de camer\u0103. De c\u00e2\u0163iva ani, trei dintre membrii cvartetului sunt profesori \u00een mediul academic muzical ie\u015fean.<\/p>\n<p>Cu trei ani \u00een urm\u0103 am avut pl\u0103cerea ca prof. univ. dr. Constantin Stanciu s\u0103 r\u0103spund\u0103 cu bucurie invita\u0163iei pe care i-am f\u0103cut-o de a ni se al\u0103tura \u00een juriul concursului despre care vorbim. Mai mult dec\u00e2t at\u00e2t, cu generozitate \u015fi responsabilitate exemplar\u0103, a venit cu idei, a sus\u0163inut redimensionarea regulamentului, ridicarea \u015ftachetei valorice a repertoriului \u015fi, bine\u00een\u0163eles, a exigen\u0163elor.<\/p>\n<p>Dac\u0103 risc\u0103m s\u0103 aducem \u00een discu\u0163ie Vacan\u0163ele muzicale, \u00een esen\u0163\u0103, fenomen artistic unic \u00een Rom\u00e2nia, \u015fi dac\u0103 \u0163inem cont \u2013 ar fi chiar obligatoriu! \u2013 de paginile deloc \u00eeng\u0103lbenite ale istoriei lor, ne putem da seama cu u\u015furin\u0163\u0103 de faptul c\u0103 sunt un concept cu totul diferit \u015fi e bine s\u0103 r\u0103m\u00e2n\u0103 a\u015fa (dac\u0103 vor r\u0103m\u00e2ne&#8230;).<\/p>\n<p>Preluarea de c\u0103tre genera\u0163ia nou\u0103 se poate face, dar pe cu totul alte criterii, de la alte niveluri, c\u0103ci Vacan\u0163ele muzicale se adreseaz\u0103, pe de o parte, perfec\u0163ion\u0103rii, m\u0103iestriei artistice a celor forma\u0163i \u00een mediul academic \u2013 studen\u0163i, masteranzi, doctoranzi \u2013, pe de alt\u0103 parte spectatorilor ce pot deveni, \u00een timp, cunosc\u0103tori cu discern\u0103m\u00e2nt artistic. Nu poate fi uitat publicul meloman \u00een cea mai frumoasa ipostaz\u0103 a no\u0163iunii, un public-barometru \u00een fa\u0163a c\u0103ruia arti\u015fti de renume \u00ee\u015fi doreau s\u0103 apar\u0103. Este impresionant s\u0103 vezi public numeros, dar c\u00e2\u0163i sunt, \u00eentr-adev\u0103r cunosc\u0103tori&#8230; ca odinioar\u0103? \u015ei nu m\u0103 refer doar la domeniul muzical, ci la arte \u00een complexitatea \u015fi anvergura lor. E doar o chestiune de memorie vie, nu de nostalgie pr\u0103fuit\u0103&#8230;<\/p>\n<p>Desigur, tema \u00eentreb\u0103rii poate fi analizat\u0103 mult mai profund, \u00eentr-un alt cadru; dup\u0103 p\u0103rerea mea, fiecare din cele dou\u0103 subiecte, concursul Elenescu \u015fi Vacan\u0163ele, e s\u0103n\u0103tos s\u0103 r\u0103m\u00e2n\u0103 entit\u0103\u0163i distincte, bine f\u0103cute. Voi sublinia ori de c\u00e2te ori voi avea ocazia, a\u015fa cum am f\u0103cut, de altfel, la deschiderea concursului \u015fi la Gala laurea\u0163ilor, faptul c\u0103 ora\u015fului nostru \u00eei st\u0103 bine \u00een haine culturale de marc\u0103 \u015fi are nevoie de primenire, pentru c\u0103 oamenii conteaz\u0103. Privind cu aten\u0163ie, oarecum \u00eenapoi, sesiz\u0103m existen\u0163a \u00een memoria colectiv\u0103 a unor repere care au amprentat multe genera\u0163ii de intelectuali, edi\u0163iile de anvergur\u0103 na\u0163ional\u0103 \u015fi interna\u0163ional\u0103 real\u0103 a Vacan\u0163elor muzicale, Festivalul de teatru (ce frumos!&#8230;), \u00eent\u00e2lnirile literare, cele din domeniul artelor plastice, Festivalul filmului pentru copii \u015f.a.m.d. Revenind la \u201ece facem acum\u201d, constat\u0103m c\u0103 evenimentul muzical de la cump\u0103na anotimpurilor friguroase este Concursul interna\u0163ional de interpretare muzical\u0103 \u201eEmanuel Elenescu\u201d.<\/p>\n<p>Mi-am aruncat ochii pe rezultatele concursului. Dintre cei opt finali\u015fti, trei erau de la Chi\u015fin\u0103u. \u015ei fra\u0163ii moldoveni mai adjudecaser\u0103 vreo treizeci \u015fi cinci de premii I, \u015fi alte numeroase \u015fi elocvente locuri de podium. Cum explica\u0163i dispropor\u0163ia dintre num\u0103rul premian\u0163ilor de pe cele dou\u0103 maluri ale Prutului?<\/p>\n<p>\u2013 \u00cenainte de toate, a\u015f spune c\u0103, \u00een noua configura\u0163ie, la edi\u0163ia recent \u00eencheiat\u0103 am fost foarte pl\u0103cut impresionat\u0103 de num\u0103rul participan\u0163ilor veni\u0163i din toate zonele \u0163\u0103rii \u015fi din Republica Moldova.<\/p>\n<p>O spun cu mare bucurie, dar \u015fi cu \u00eengrijorare, pentru c\u0103, privind cu aten\u0163ie via\u0163a de zi cu zi, derapajele sistemului \u00een care ne tot mir\u0103m cum de nu ne-am pr\u0103bu\u015fit definitiv, r\u0103t\u0103cirile \u015fi experimentele f\u0103r\u0103 de sf\u00e2r\u015fit ale a\u015fa-numitului sistem de \u00eenv\u0103\u0163\u0103m\u00e2nt, realiz\u0103m ce resurse colosale de talent avem, de prea multe ori \u00eentru nep\u0103sarea celor care, ori au nimerit \u00eentr-un loc nepotrivit, ori \u015fi-au asumat ce nu pot duce.<\/p>\n<p>Dumnezeu \u00ee\u015fi face treaba cu generozitate, cu con\u015ftiinciozitate.<\/p>\n<p>Din nefericire, sistemul a fost l\u0103sat \u00een deriv\u0103 \u015fi a distrus reflexele bune; concret, lucrul cu r\u0103bdare \u015fi temei, calm, modelarea cu grij\u0103 a caracterului, sensibilit\u0103\u0163ii, g\u00e2ndirii copiilor cu calit\u0103\u0163i artistice, atmosfera general\u0103 de seriozitate \u015fi atitudine profesionist\u0103. Desigur, sunt multe excep\u0163ii, confirmate de num\u0103rul \u015fi nivelul premiilor. De multe ori, din con\u015ftiinciozitate, d\u0103ruire sau interese strict administrative, profesorii fac eroism \u00eenot\u00e2nd \u00eempotriva curentului; de fapt, demonstreaz\u0103 c\u0103 se poate face performan\u0163\u0103 \u015fi f\u0103r\u0103 condi\u0163ii specifice, u\u015fureaz\u0103 de r\u0103spunderi \u015fi implicare pe cei despre care vorbeam mai sus. Am \u00eent\u00e2lnit cazuri similare \u015fi \u00een alte domenii&#8230; Oare nu e straniu c\u0103 \u00eenc\u0103 vorbim, dup\u0103 25 de ani, despre condi\u0163ii vitrege, modeste, din alt secol?<\/p>\n<p>Atunci s\u0103 nu ne mir\u0103m c\u0103 premiile pleac\u0103 pe alte meleaguri.<\/p>\n<p>P\u0103str\u00e2nd propor\u0163iile, este ca \u015fi \u00een cazul concursului George Enescu, sec\u0163iunea vioar\u0103, la care, cu ni\u015fte ani \u00een urm\u0103 \u00een etapa final\u0103 ajungeau 4-5 rom\u00e2ni, iar anul acesta nu a fost nici unul&#8230;<\/p>\n<p>Desigur c\u0103 numele pre\u015fedintelui juriului \u2013 prof. Wolfgang Klos de la Universit\u00e4t f\u00fcr Musik und Darstellende Kunst, Wien (Austria), este un nume sonor \u015fi d\u0103 bine oriunde (mai ales c\u0103 tot se poart\u0103 nem\u0163ii). \u00cen afar\u0103 de glorie, ce aduce implicarea sa \u00een aceast\u0103 ac\u0163iune? Ce \u015fanse de a deveni cu adev\u0103rat interna\u0163ional are Concursul Elenescu?<\/p>\n<p>\u2013 Profesorul Wolfgang Klos a acceptat s\u0103 vin\u0103 la Piatra-Neam\u0163 \u00een 2012 din ra\u0163iuni strict profesionale (atunci, moda nem\u0163easc\u0103 \u2013 austriac\u0103 \u00een acest caz \u2013 era mai discret\u0103&#8230;), fiind solicitat nu pentru c\u0103 \u201ed\u0103 bine\u201d, ci pentru c\u0103 am g\u00e2ndit o posibil\u0103 nou\u0103 etap\u0103 \u00een via\u0163a concursului. \u00cen calitate de pre\u015fedinte al ESTA Austria (Asocia\u0163ia interna\u0163ional\u0103 a profesorilor de instrumente de coarde), poate avea \u00een aten\u0163ie desf\u0103\u015furarea de for\u0163e artistice de la Piatra-Neam\u0163, \u00eensemn\u00e2nd at\u00e2t elevi, c\u00e2t \u015fi profesori; a adus premii, este un \u201ecap\u201d obiectiv, cu experien\u0163\u0103 \u00een circuitul muzical european. Pas cu pas (de multe ori o atitudine benefic\u0103, devenit\u0103, desi\u00adgur conjunctural&#8230; titlu de carte, dar nu la asta m\u0103 refer), dar \u00eentr-un ritm mai alert, sus\u0163inut, \u00eencerc\u0103m s\u0103 l\u0103rgim orizontul interna\u0163ional, s\u0103 stimul\u0103m interesul pentru acest concurs, bine\u00een\u00ad- \u0163eles, cu acceptul domnului profesor Mih\u0103i\u0163\u0103 Albu \u015fi a conducerii Liceului de Art\u0103 \u201eVictor Brauner\u201d. \u015etiu c\u0103 merit\u0103, \u015ftim c\u0103 se poate. C\u00e2nd? vom vedea.<\/p>\n<p>M-am mai luminat. Mul\u0163umesc mult \u015fi succese str\u0103lucitoare \u00een continuare.<\/p>\n<p>&nbsp;<\/p>\n<p>A \u00eentrebat Mircea ZAHARIA<\/p>\n<p>&nbsp;<\/p>\n<p>&nbsp;<\/p>\n<p>&nbsp;<\/p>\n<p>&nbsp;<\/p>\n<p><a href=\"http:\/\/www.slineamt.ro\/apostolul\/wp-content\/uploads\/2016\/03\/Vasilica-Stoiciu-1.jpg\" rel=\"attachment wp-att-4500\"><img loading=\"lazy\" decoding=\"async\" class=\"size-medium wp-image-4500 alignright\" src=\"http:\/\/www.slineamt.ro\/apostolul\/wp-content\/uploads\/2016\/03\/Vasilica-Stoiciu-1-227x300.jpg\" alt=\"Vasilica Stoiciu-1\" width=\"227\" height=\"300\" srcset=\"http:\/\/www.slineamt.ro\/apostolul\/wp-content\/uploads\/2016\/03\/Vasilica-Stoiciu-1-227x300.jpg 227w, http:\/\/www.slineamt.ro\/apostolul\/wp-content\/uploads\/2016\/03\/Vasilica-Stoiciu-1-260x343.jpg 260w, http:\/\/www.slineamt.ro\/apostolul\/wp-content\/uploads\/2016\/03\/Vasilica-Stoiciu-1-160x211.jpg 160w, http:\/\/www.slineamt.ro\/apostolul\/wp-content\/uploads\/2016\/03\/Vasilica-Stoiciu-1.jpg 278w\" sizes=\"auto, (max-width: 227px) 100vw, 227px\" \/><\/a>Vasilica Stoiciu-Frunz\u0103<\/p>\n<p>&nbsp;<\/p>\n<p>A absolvit studiile universitare de muzicologie la Conservatorul \u201eGeorge Enescu\u201d din Ia\u015fi (Universitatea de Arte) \u015fi studii doctorale la Universitatea Na\u0163ional\u0103 de Muzic\u0103 din Bucure\u015fti unde, \u00een anul 2006 a sus\u0163inut public teza cu titlul Opera Na\u0163ional\u0103 Rom\u00e2n\u0103 Ia\u015fi \u2013 viziune cultural-istoric\u0103.<\/p>\n<p>Este pasionat\u0103 de mai multe domenii culturale, spre exemplu administra\u0163ie artistic\u0103\/ management cultural, \u00een calitate de secretar muzical, apoi consultant artistic al Operei Na\u0163ionale Rom\u00e2ne Ia\u015fi (1990 \u2013 2012); consultant artistic al unor evenimente muzicale cu impact public major, cum ar fi concertele Clasic 300 \u00een anii 2012, 2013, Festivalul interna\u0163ional al educa\u0163iei Ia\u015fi, edi\u0163ia 2013; director artistic al Concursului de interpretare muzical\u0103 \u201eEmanuel Elenescu\u201d, Piatra-Neam\u0163 (din anul 2010) etc.<\/p>\n<p>In ipostaza de pianist acompaniator are un repertoriu foarte variat, bucuria mobilit\u0103\u0163ii stilistice fiind remarcat\u0103 de fiecare dat\u0103 c\u00e2nd c\u00e2nt\u0103 cu soli\u015fti instrumenti\u015fti sau c\u00e2nt\u0103re\u0163i de oper\u0103.<\/p>\n<p>Din 1991, Vasilica\u00a0 Stoiciu-Frunz\u0103\u00a0 este\u00a0 cadru didactic\u00a0 asociat\u00a0 la Universitatea de Arte \u201eGeorge Enescu\u201d din Ia\u015fi \u00een calitate de profesor acompaniator \u015fi profesor la discipline teoretice (estetic\u0103, management artistic)<\/p>\n<p>Subscrie ideii c\u0103 \u201evia\u0163a e prea scurt\u0103 ca s\u0103 fim mediocri\u201d.<\/p>\n","protected":false},"excerpt":{"rendered":"<p>&nbsp; &nbsp; \u201eDumnezeu \u00ee\u015fi face treaba cu generozitate, avem resurse colosale de talent\u201d &nbsp; * Interviu cu muzicolog dr. Vasilica Stoiciu-Frunz\u0103, director artistic al Concursului de interpretare muzical\u0103 \u201eEmanuel Elenescu\u201d, Piatra-Neam\u0163 &nbsp; Mi-a pl\u0103cut sintagma Dvs. \u201edesprins din cartea de&hellip;<\/p>\n<p class=\"more-link-p\"><a class=\"more-link\" href=\"http:\/\/www.slineamt.ro\/apostolul\/ancheta-revistei-apostolul\/dumnezeu-isi-face-treaba-cu-generozitate-avem-resurse-colosale-de-talent\/\">Read more &rarr;<\/a><\/p>\n","protected":false},"author":1,"featured_media":0,"comment_status":"open","ping_status":"open","sticky":false,"template":"","format":"standard","meta":{"footnotes":""},"categories":[20,61],"tags":[],"class_list":["post-4498","post","type-post","status-publish","format-standard","hentry","category-ancheta-revistei-apostolul","category-numarul-172"],"_links":{"self":[{"href":"http:\/\/www.slineamt.ro\/apostolul\/wp-json\/wp\/v2\/posts\/4498","targetHints":{"allow":["GET"]}}],"collection":[{"href":"http:\/\/www.slineamt.ro\/apostolul\/wp-json\/wp\/v2\/posts"}],"about":[{"href":"http:\/\/www.slineamt.ro\/apostolul\/wp-json\/wp\/v2\/types\/post"}],"author":[{"embeddable":true,"href":"http:\/\/www.slineamt.ro\/apostolul\/wp-json\/wp\/v2\/users\/1"}],"replies":[{"embeddable":true,"href":"http:\/\/www.slineamt.ro\/apostolul\/wp-json\/wp\/v2\/comments?post=4498"}],"version-history":[{"count":1,"href":"http:\/\/www.slineamt.ro\/apostolul\/wp-json\/wp\/v2\/posts\/4498\/revisions"}],"predecessor-version":[{"id":4501,"href":"http:\/\/www.slineamt.ro\/apostolul\/wp-json\/wp\/v2\/posts\/4498\/revisions\/4501"}],"wp:attachment":[{"href":"http:\/\/www.slineamt.ro\/apostolul\/wp-json\/wp\/v2\/media?parent=4498"}],"wp:term":[{"taxonomy":"category","embeddable":true,"href":"http:\/\/www.slineamt.ro\/apostolul\/wp-json\/wp\/v2\/categories?post=4498"},{"taxonomy":"post_tag","embeddable":true,"href":"http:\/\/www.slineamt.ro\/apostolul\/wp-json\/wp\/v2\/tags?post=4498"}],"curies":[{"name":"wp","href":"https:\/\/api.w.org\/{rel}","templated":true}]}}