{"id":5206,"date":"2016-10-10T09:48:14","date_gmt":"2016-10-10T09:48:14","guid":{"rendered":"http:\/\/www.slineamt.ro\/apostolul\/?p=5206"},"modified":"2016-10-10T09:48:14","modified_gmt":"2016-10-10T09:48:14","slug":"targul-de-carte-libris-2016","status":"publish","type":"post","link":"http:\/\/www.slineamt.ro\/apostolul\/eveniment\/targul-de-carte-libris-2016\/","title":{"rendered":"T\u00e2rgul de carte LIBRIS, 2016"},"content":{"rendered":"<p>&nbsp;<\/p>\n<p>&nbsp;<\/p>\n<p>&nbsp;<\/p>\n<p>*S\u0103 ne \u00eempiedic\u0103m de carte<\/p>\n<p>&nbsp;<\/p>\n<p><a href=\"http:\/\/www.slineamt.ro\/apostolul\/wp-content\/uploads\/2016\/10\/04-ap191-foto1.jpg\"><img loading=\"lazy\" decoding=\"async\" class=\"size-medium wp-image-5207 alignright\" src=\"http:\/\/www.slineamt.ro\/apostolul\/wp-content\/uploads\/2016\/10\/04-ap191-foto1-214x300.jpg\" alt=\"04-ap191-foto1\" width=\"214\" height=\"300\" srcset=\"http:\/\/www.slineamt.ro\/apostolul\/wp-content\/uploads\/2016\/10\/04-ap191-foto1-214x300.jpg 214w, http:\/\/www.slineamt.ro\/apostolul\/wp-content\/uploads\/2016\/10\/04-ap191-foto1-260x364.jpg 260w, http:\/\/www.slineamt.ro\/apostolul\/wp-content\/uploads\/2016\/10\/04-ap191-foto1-160x224.jpg 160w, http:\/\/www.slineamt.ro\/apostolul\/wp-content\/uploads\/2016\/10\/04-ap191-foto1.jpg 357w\" sizes=\"auto, (max-width: 214px) 100vw, 214px\" \/><\/a>\u00cen perioada 15-18 septembrie, \u00een Parcul Tineretului din Piatra-Neam\u0163, s-a desf\u0103\u015furat T\u00e2rgul de Carte LIBRIS, o manifestare care tinde s\u0103 recidiveze, ajung\u00e2nd ast\u0103zi la cea de a VI-a edi\u0163ie.<\/p>\n<p>Evenimentul cultural (c\u0103 n-ai cum s\u0103-i spui altfel) este organizat de Camera de Comer\u0163 \u015fi Industrie Neam\u0163, \u00eempreun\u0103 cu urm\u0103torii parteneri: Consiliul Jude\u0163ean Neam\u0163, Prim\u0103ria Piatra-Neam\u0163, Societatea Scriitorilor din jude\u0163ul Neam\u0163, Biblioteca Jude\u0163ean\u0103 \u201eG.T. Kirileanu\u201d \u015fi Uniunea Scriitorilor din Rom\u00e2nia, filiala Neam\u0163.<\/p>\n<p>Organizatorii au prognozat c\u0103 vor particip\u0103 32 de edituri, vor fi lansate 114 c\u0103r\u0163i semnate de 103 autori, vor fi 47 de moderatori, iar lans\u0103rile de carte vor \u00eensuma 36 de ore. B\u0103nuiesc c\u0103 prognoza a fost dep\u0103\u015fit\u0103, \u015fi \u00eemi place s\u0103 cred c\u0103 n-a stat nimeni cu pixu&#8217; \u015fi cu cronometru&#8217; \u00een m\u00e2n\u0103.<\/p>\n<p>Re\u0163inem printre premierele acestei edi\u0163ii prezen\u0163a editurilor \u201eJunimea\u201d \u015fi \u201ePolirom\u201d (dar \u015fi a consacratelor, de notorietate, \u201eTimpul\u201d \u015fi \u201eCartea Rom\u00e2neasc\u0103\u201d), o serie de lans\u0103ri de carte \u00een liceele din municipiu, atmosfera colocvial\u0103, prezent\u0103rile insolite, desfacerea sau refacerea unor prietenii de cartel, dar \u015fi premiile oferite, la final, participan\u0163ilor din \u00eentreaga \u0163ar\u0103.<\/p>\n<p>La festivitatea de deschidere au luat parte primarul Drago\u015f Chitic; inspectorul general al ISJ Neam\u0163, Viorel Stan; directorul Bibliotecii jude\u0163ene \u201eG.T. Kirileanu\u201d, Adrian Alui Gheorghe; pre\u015fedintele USR Neam\u0163, Cristian Livescu \u015fi pre\u015fedintele Camerei de Comer\u0163 \u015fi Industrie Neam\u0163, Mihai Apopii. Vorbitorii s-au str\u0103duit s\u0103 catalogheze evenimentul (o s\u0103rb\u0103toare a c\u0103r\u0163ii, o olimpiad\u0103 la care c\u00e2\u015ftig\u0103 cititorul, un prilej de a te \u00eempiedica de carte, o negustorie, o bucurie pentru publicul pietrean), au pus la cale un parteneriat \u00eentre filiala Neam\u0163 a Uniunii Scriitorilor \u015fi ISJ. Cristian Livescu: Fac apel c\u0103tre cei de la Inspectoratul \u015ecolar s\u0103 ne sprijine \u00een \u00eencercarea noastr\u0103 de a-i determina pe elevi s\u0103-\u015fi fac\u0103 propria bibliotec\u0103, nu pe cea mo\u015ftenit\u0103 de la p\u0103rin\u0163i sau bunici.<\/p>\n<p>T\u00e2rgul a debutat cu lansarea proasp\u0103tului roman \u201eLuna Zadar\u201d a lui Adrian Alui Gheorghe, prezentat de Adrian G. Romila \u015fi Cristian Livescu, \u015fi a continuat cu o cavalcad\u0103 din care n-au lipsit editurile pietrene (\u201eCetatea Doamnei\u201d, \u201eConta\u201d, \u201eCrigarux\u201d, \u201eR\u0103ze\u015fu\u201d, \u201eNona\u201d) \u015fi condeieri nem\u0163eni \u00een calitate de autori sau prezentatori (Adrian Alui Gheorghe, Vasile Baghiu, Constantin Bostan, Emil Bucure\u015fteanu, Gheorghe Bunghez, Bic\u0103 C\u0103ciuleanu, Vlad A. Gheorghiu, Mihai Hanganu, Dan Iacob, Martin Leibovici, Cristian Livescu, Mihai Merticaru, Constantin Munteanu, Emil Nicolae, Dorin Ploscaru, Virgil R\u0103ze\u015fu, Adrian G. Romila, Lucian Strochi, Constantin Tom\u015fa, Cezar \u0162ucu \u015f.a.?).<\/p>\n<p>\u00cenchiderea T\u00e2rgului LIBRIS Neam\u0163 2016 a fost marcat\u0103 prin premierea unei edituri \u015fi a unor realiz\u0103ri editoriale remarcabile. Astfel, tipografia \u201eArhiprint\u201d a premiat cartea \u201eTrandafirul albastru\u201d de Virgil R\u0103ze\u015fu, iar tipografia \u201eAutograf\u201d a premiat editura \u201eCrigarux\u201d din Piatra-Neam\u0163. La final, editura \u201eR\u0103ze\u015fu\u201d a oferit premiul \u201eYvona R\u0103ze\u015fu\u201d, pentru cea mai valoroas\u0103 apari\u0163ie editorial\u0103 prezentat\u0103 \u00een cadrul T\u00e2rgului de Carte LIBRIS. Premiul a fost adjudecat de Ioan Holban, autorul monumentalei lucr\u0103ri \u201eUn dic\u0163ionar al scriitorilor rom\u00e2ni contemporani\u201d, ap\u0103rut\u0103 la prestigioasa editur\u0103 \u201eTipo Moldova\u201d din Ia\u015fi.<\/p>\n<p>Public\u0103m al\u0103turat doar consemnarea c\u0103r\u0163ii colegului nostru Mihai Floroaia, o ofert\u0103 important\u0103 a T\u00e2rgului. \u015ei fiindc\u0103 tot e la mod\u0103 plagiatul (vezi Alexandru Dobrescu \u201eLa Oglind\u0103. Istoria plagiatelor rom\u00e2ne\u015fti p\u00e2n\u0103 la1900\u201d, o alt\u0103 ofert\u0103 a LIBRIS, 2016), termin\u0103m cit\u00e2nd c\u00e2teva versuri, cu care Adrian Alui Gheorghe \u015fi-a \u00eencheiat una dintre interven\u0163ii, relu\u00e2nd finalul poemului \u201eRug\u0103ciunea cititorului\u201d, de Gaston Bachelard:<\/p>\n<p>Foamea noastr\u0103 cea de toate zilele\/ D\u0103-ne-o nou\u0103 \u015fi ast\u0103zi\/\u015ei nu ne lipsi de cartea de care avem nevoie\/ C\u0103 doar prin intermediul cuv\u00e2ntului\/ Ce este \u00een Cer a\u015fa ajunge s\u0103 fie \u015fi pe p\u0103m\u00e2nt.\/\/ \u015ei du-ne pe noi \u00een ispita c\u0103ut\u0103rii,\/ Ca s\u0103 ne m\u00e2ntuim de p\u0103catul ignoran\u0163ei. (M. Z.)<\/p>\n","protected":false},"excerpt":{"rendered":"<p>&nbsp; &nbsp; &nbsp; *S\u0103 ne \u00eempiedic\u0103m de carte &nbsp; \u00cen perioada 15-18 septembrie, \u00een Parcul Tineretului din Piatra-Neam\u0163, s-a desf\u0103\u015furat T\u00e2rgul de Carte LIBRIS, o manifestare care tinde s\u0103 recidiveze, ajung\u00e2nd ast\u0103zi la cea de a VI-a edi\u0163ie. Evenimentul cultural&hellip;<\/p>\n<p class=\"more-link-p\"><a class=\"more-link\" href=\"http:\/\/www.slineamt.ro\/apostolul\/eveniment\/targul-de-carte-libris-2016\/\">Read more &rarr;<\/a><\/p>\n","protected":false},"author":1,"featured_media":0,"comment_status":"open","ping_status":"open","sticky":false,"template":"","format":"standard","meta":{"footnotes":""},"categories":[18,72],"tags":[],"class_list":["post-5206","post","type-post","status-publish","format-standard","hentry","category-eveniment","category-numarul-191"],"_links":{"self":[{"href":"http:\/\/www.slineamt.ro\/apostolul\/wp-json\/wp\/v2\/posts\/5206","targetHints":{"allow":["GET"]}}],"collection":[{"href":"http:\/\/www.slineamt.ro\/apostolul\/wp-json\/wp\/v2\/posts"}],"about":[{"href":"http:\/\/www.slineamt.ro\/apostolul\/wp-json\/wp\/v2\/types\/post"}],"author":[{"embeddable":true,"href":"http:\/\/www.slineamt.ro\/apostolul\/wp-json\/wp\/v2\/users\/1"}],"replies":[{"embeddable":true,"href":"http:\/\/www.slineamt.ro\/apostolul\/wp-json\/wp\/v2\/comments?post=5206"}],"version-history":[{"count":1,"href":"http:\/\/www.slineamt.ro\/apostolul\/wp-json\/wp\/v2\/posts\/5206\/revisions"}],"predecessor-version":[{"id":5208,"href":"http:\/\/www.slineamt.ro\/apostolul\/wp-json\/wp\/v2\/posts\/5206\/revisions\/5208"}],"wp:attachment":[{"href":"http:\/\/www.slineamt.ro\/apostolul\/wp-json\/wp\/v2\/media?parent=5206"}],"wp:term":[{"taxonomy":"category","embeddable":true,"href":"http:\/\/www.slineamt.ro\/apostolul\/wp-json\/wp\/v2\/categories?post=5206"},{"taxonomy":"post_tag","embeddable":true,"href":"http:\/\/www.slineamt.ro\/apostolul\/wp-json\/wp\/v2\/tags?post=5206"}],"curies":[{"name":"wp","href":"https:\/\/api.w.org\/{rel}","templated":true}]}}