{"id":6628,"date":"2017-03-02T10:02:02","date_gmt":"2017-03-02T10:02:02","guid":{"rendered":"http:\/\/www.slineamt.ro\/apostolul\/?p=6628"},"modified":"2017-03-02T10:02:02","modified_gmt":"2017-03-02T10:02:02","slug":"solicitarile-ultimului-consiliu-national-al-elevilor","status":"publish","type":"post","link":"http:\/\/www.slineamt.ro\/apostolul\/eveniment\/solicitarile-ultimului-consiliu-national-al-elevilor\/","title":{"rendered":"Solicit\u0103rile ultimului Consiliu Na\u0163ional al Elevilor"},"content":{"rendered":"<p>&nbsp;<\/p>\n<p>Cea de-a XXII-a Adunare General\u0103 a Consiliului Na\u0163ional al Elevilor a avut loc \u00een perioada 3-6 februarie 2017, la R\u00e2mnicu V\u00e2lcea, \u015fi a dezb\u0103tut subiectele actuale de interes general privind \u00eenv\u0103\u0163\u0103m\u00e2ntul preuniversitar din Rom\u00e2nia, organizarea alegerilor pentru viitoarea conducere a unicei structuri reprezentative a elevilor la nivel na\u0163ional, starea sistemului de \u00eenv\u0103\u0163\u0103m\u00e2nt.<\/p>\n<p>Adunarea General\u0103 a solicitat ca vacan\u0163a de var\u0103 s\u0103 \u00eenceap\u0103 pe 1 iunie, iar anul \u015fcolar pe 1 septembrie. Reprezentan\u0163ii elevilor propun aceast\u0103 modificare pentru a echivala num\u0103rul de s\u0103pt\u0103m\u00e2ni ale semestrelor, astfel \u00eenc\u00e2t vacan\u0163a de iarn\u0103 s\u0103 fie extins\u0103 cu o s\u0103pt\u0103m\u00e2n\u0103.<\/p>\n<p>Totodat\u0103 s-au stabilit direc\u0163iile fundamentale de ac\u0163iune ale Consiliului Na\u0163ional al Elevilor \u00een vederea asigur\u0103rii continuit\u0103\u0163ii luptei pentru reformarea actului educa\u0163ional, astfel \u00eenc\u00e2t principiile sus\u0163inute de legisla\u0163ia \u00een vigoare s\u0103 fie aplicate corespunz\u0103tor \u015fi, \u00een acela\u015fi timp, s\u0103 existe o compatibilizare cu nevoile societ\u0103\u0163ii contemporane.<\/p>\n<p>Alte discu\u0163ii esen\u0163iale au f\u0103cut referire la situa\u0163ia problematic\u0103 a manualelor \u015fcolare, r\u0103mase \u00eenc\u0103 neactualizate \u00een raport cu noua paradigm\u0103 educa\u0163ional\u0103, organizarea transparent\u0103 \u015fi riguroas\u0103 a concursului pentru ocuparea func\u0163iilor de director \u015fi inspector \u015fcolar \u015fi Codul de etic\u0103 \u00een \u00eenv\u0103\u0163\u0103m\u00e2ntul preuniversitar, cod pe care reprezentan\u0163ii elevilor l-au amendat, \u00eens\u0103 nu \u00eel consider\u0103 aplicabil \u00een actuala cutum\u0103 a sistemului de \u00eenv\u0103\u0163\u0103m\u00e2nt preuniversitar.<\/p>\n<p>\u201eNe afl\u0103m la coada clasamentului mondial c\u00e2nd vine vorba de vacan\u0163e alocate elevilor a declarat Vlad \u015etefan, Pre\u015fedintele Consiliului Na\u0163ional al Elevilor, a\u015fadar ne dorim o s\u0103pt\u0103m\u00e2n\u0103 \u00een plus la vacan\u0163a de iarn\u0103, echival\u00e2nd astfel cele dou\u0103 semestre. \u015ei dac\u0103 privim problema strict din interesul \u015fcolii, m\u0103rirea vacan\u0163ei de iarn\u0103 poate restr\u00e2nge consumul mare de resurse alocate \u00eenc\u0103lzirii \u015fcolii, aspect esen\u0163ial \u00een gestionarea eficient\u0103 a bugetului. Referitor la codul de etic\u0103 al profesorului, forma actual\u0103 este foarte bun\u0103, \u00eens\u0103 ne temem c\u0103 va r\u0103m\u00e2ne doar pe h\u00e2rtie \u015fi nu vom fi parte a asum\u0103rii generalizate a principiilor \u015fi valorilor invocate de c\u0103tre to\u0163i actorii implica\u0163i \u00een educa\u0163ie\u201d. (Red.)<\/p>\n","protected":false},"excerpt":{"rendered":"<p>&nbsp; Cea de-a XXII-a Adunare General\u0103 a Consiliului Na\u0163ional al Elevilor a avut loc \u00een perioada 3-6 februarie 2017, la R\u00e2mnicu V\u00e2lcea, \u015fi a dezb\u0103tut subiectele actuale de interes general privind \u00eenv\u0103\u0163\u0103m\u00e2ntul preuniversitar din Rom\u00e2nia, organizarea alegerilor pentru viitoarea conducere&hellip;<\/p>\n<p class=\"more-link-p\"><a class=\"more-link\" href=\"http:\/\/www.slineamt.ro\/apostolul\/eveniment\/solicitarile-ultimului-consiliu-national-al-elevilor\/\">Read more &rarr;<\/a><\/p>\n","protected":false},"author":1,"featured_media":0,"comment_status":"open","ping_status":"closed","sticky":false,"template":"","format":"standard","meta":{"footnotes":""},"categories":[18,118],"tags":[],"class_list":["post-6628","post","type-post","status-publish","format-standard","hentry","category-eveniment","category-numarul-196"],"_links":{"self":[{"href":"http:\/\/www.slineamt.ro\/apostolul\/wp-json\/wp\/v2\/posts\/6628","targetHints":{"allow":["GET"]}}],"collection":[{"href":"http:\/\/www.slineamt.ro\/apostolul\/wp-json\/wp\/v2\/posts"}],"about":[{"href":"http:\/\/www.slineamt.ro\/apostolul\/wp-json\/wp\/v2\/types\/post"}],"author":[{"embeddable":true,"href":"http:\/\/www.slineamt.ro\/apostolul\/wp-json\/wp\/v2\/users\/1"}],"replies":[{"embeddable":true,"href":"http:\/\/www.slineamt.ro\/apostolul\/wp-json\/wp\/v2\/comments?post=6628"}],"version-history":[{"count":1,"href":"http:\/\/www.slineamt.ro\/apostolul\/wp-json\/wp\/v2\/posts\/6628\/revisions"}],"predecessor-version":[{"id":6631,"href":"http:\/\/www.slineamt.ro\/apostolul\/wp-json\/wp\/v2\/posts\/6628\/revisions\/6631"}],"wp:attachment":[{"href":"http:\/\/www.slineamt.ro\/apostolul\/wp-json\/wp\/v2\/media?parent=6628"}],"wp:term":[{"taxonomy":"category","embeddable":true,"href":"http:\/\/www.slineamt.ro\/apostolul\/wp-json\/wp\/v2\/categories?post=6628"},{"taxonomy":"post_tag","embeddable":true,"href":"http:\/\/www.slineamt.ro\/apostolul\/wp-json\/wp\/v2\/tags?post=6628"}],"curies":[{"name":"wp","href":"https:\/\/api.w.org\/{rel}","templated":true}]}}