{"id":6643,"date":"2017-03-02T10:05:19","date_gmt":"2017-03-02T10:05:19","guid":{"rendered":"http:\/\/www.slineamt.ro\/apostolul\/?p=6643"},"modified":"2017-03-02T10:05:19","modified_gmt":"2017-03-02T10:05:19","slug":"constantin-grasu-istorisiri-intre-dor-si-umor","status":"publish","type":"post","link":"http:\/\/www.slineamt.ro\/apostolul\/eveniment\/constantin-grasu-istorisiri-intre-dor-si-umor\/","title":{"rendered":"Constantin Grasu \u2013 istorisiri \u00eentre dor \u015fi umor"},"content":{"rendered":"<p>&nbsp;<\/p>\n<p>Profesorului Constantin Grasu i-a pl\u0103cut s\u0103 \u00eenve\u0163e; a f\u0103cut Liceul \u201ePetru Rare\u015f\u201d, a fost \u015fef de promo\u0163ie al Facult\u0103\u0163ii de Geografie \u2013 Geologie a Universit\u0103\u0163ii \u201eAl. I. Cuza\u201d din Ia\u015fi, are un doctorat \u00een geologie, luat pe vremea \u00een care aceste examene nu aveau damf de mititei, \u015fi c\u00e2teva premii ale Academiei pentru activitatea \u015ftiin\u0163ific\u0103.<\/p>\n<p>Probabil i-a pl\u0103cut s\u0103-i \u00eenve\u0163e \u015fi pe al\u0163ii; un stagiu \u00een cercetare, a fost \u015fi cadru didactic universitar, timp de 25 de ani, p\u00e2n\u0103 la pensionare, \u00een 2004, la facultatea unde a fost student.<\/p>\n<p>A\u015f zice c\u0103 i-a pl\u0103cut \u015fi s\u0103 scrie: zeci de c\u0103r\u0163i \u015fi studii de specialitate \u00een care s-a concretizat activitatea sa \u015ftiin\u0163ific\u0103 (de nevoie) \u015fi patru c\u0103r\u0163i aflate la grani\u0163a memorialisticii cu beletristica (din propria voie). Dar s\u0103-l l\u0103s\u0103m pe autor s\u0103-\u015fi prezinte singur opera literar\u0103:<\/p>\n<p>Vacan\u0163e ratate (Editura Junimea Ia\u015fi, 2005) \u00een care \u00eendr\u0103zneam s\u0103 \u00eencredin\u0163ez paginilor c\u00e2te ceva din experien\u0163a de via\u0163\u0103, rememor\u00e2nd anii de \u015fcoal\u0103, studen\u0163ia sau anii consacra\u0163i profesiei, la care ad\u0103ugam \u015fi c\u00e2teva capitole \u00een care erau adunate laolalt\u0103 titluri ce-mi apar\u0163ineau, dar fuseser\u0103 risipite prin presa ie\u015fean\u0103, nem\u0163ean\u0103 sau chiar central\u0103.<\/p>\n<p>Vacan\u0163e recuperate (Editura Junime Ia\u015fi, 2007), \u00een care, evoc\u0103rilor autobiografice, completate cu c\u00e2teva noi capitole, le-am ad\u0103ugat un set de impresii de c\u0103l\u0103torie. Copiii mei, fiul \u015fi fiica, c\u0103p\u0103t\u00e2nd cet\u0103\u0163enie american\u0103, respectiv australian\u0103, \u00eemi d\u0103duser\u0103 posibilitatea s\u0103 v\u0103d noi meleaguri exotice, pline de farmec, dar mai ales de istorie care am considerat c\u0103 meritau s\u0103 fie consemnate, cel pu\u0163in informativ \u015fi pentru cei care \u00eemi sunt apropia\u0163i&#8230;<\/p>\n<p>Rememor\u0103ri tardive (Editura Universit\u0103\u0163ii \u201eAl. I. Cuza\u201d Ia\u015fi, 2014) este consacrat\u0103 evoc\u0103rii personalit\u0103\u0163ii fo\u015ftilor mei dasc\u0103li universitari, dar \u015fi a unor colegi de breasl\u0103, disp\u0103ru\u0163i dureros de timpuriu \u015fi cu mult \u00eenainte de a-\u015fi fi etalat \u00eentreaga lor capacitate de crea\u0163ie; \u015fi acest volum are \u00een completare c\u00e2teva impresii de c\u0103l\u0103torie legate de revederea Italiei \u015fi, mai ales, sejurul de o s\u0103pt\u0103m\u00e2n\u0103 la Paris, ocazie cu care mi-am readus \u00een memorie trecutele lecturi viz\u00e2nd Revolu\u0163ia Francez\u0103, Epoca Napoleonean\u0103, Restaura\u0163ia sau evenimentele celui de Al Doilea Imperiu.<\/p>\n<p>Istorisiri amalgamate. (Editura Constantin M\u0103tase Piatra-Neam\u0163, 2015) Pe l\u00e2ng\u0103 preocup\u0103rile de strict\u0103 specialitate, au continuat s\u0103 m\u0103 intereseze \u015fi alte subiecte pentru care am avut dintotdeauna o anume sl\u0103biciune, \u015fi anume \u015ftiin\u0163a popularizat\u0103, ecologia sau ocrotirea naturii, teme care, \u00een ultimul timp, s-au concretizat \u00eentr-o serie de articole, \u00een mare parte ap\u0103rute \u00een presa local\u0103. &#8230; M-am g\u00e2ndit \u015fi, dat\u0103 fiind eterogenitatea tematic\u0103, am ajuns la titlul de Istorisiri amalgamate.<\/p>\n<p>F\u0103r\u0103 \u00eendoial\u0103, Constantin Grasu a avut \u015fi are patima cetitului, mult \u015fi intens, probabil \u015fi pentru a r\u0103zbuna mai multe genera\u0163ii de str\u0103mo\u015fi care n-au avut \u00een cas\u0103 dec\u00e2t Biblia. Lecturile sale, dincolo de cele \u015ftiin\u0163ifice obligatorii, sunt vaste \u015fi variate, aria cuno\u015ftin\u0163elor e surprinz\u0103toare \u015fi cultura e temeinic\u0103. Dac\u0103 apuc\u0103 s\u0103 se deschid\u0103 spre dialog, pentru c\u0103 alt\u00adminteri e un ciufut t\u0103cut care se ocup\u0103 cu atenta c\u00e2nt\u0103rire a interlocutorilor, personajul e plin de farmec. Bun cozeur \u015fi bun conviv, profesorul Grasu probeaz\u0103 la fiecare pas c\u0103 nu \u015fi-a des\u0103v\u00e2r\u015fit instruc\u0163ia numai la Biblioteca Academiei, ci \u015fi la academiile de la \u201eBolta rece\u201d, Bucium \u015fi \u015eorogari. Sunt locuri bune \u00een care am deprins \u015fi eu c\u00e2te ceva \u2013 Ia\u015ful fiind \u00eentotdeauna renumit pentru c\u0103ldura rela\u0163iei dintre magistru \u015fi discipoli, peripatetismul lor rodind mai mult \u00een haltele citate dec\u00e2t \u00een drum sau \u00een gimnaziu.<\/p>\n<p>Ad\u0103uga\u0163i la aceasta, mai ales dac\u0103 ne referim la opera scris\u0103 a Profesorului, verbul acid \u015fi proprietatea limbajului, stilul h\u00e2tru \u00een descrierea portretelor \u015fi nararea \u00eent\u00e2mpl\u0103rilor. \u00centre Tarc\u0103u \u015fi Humule\u015fti nu-i dec\u00e2t o arunc\u0103tur\u0103 de b\u0103\u0163, iar ironia \u015fi umorul negru se plimb\u0103 \u0163an\u0163o\u015fe pe uli\u0163a mare. \u00cen acela\u015fi timp, erudi\u0163ia sa vast\u0103 produce trimiteri culturale inedite sau citeaz\u0103 non\u015falant, dar la obiect. Cum ar spune Petre \u0162u\u0163ea despre Nae Ionescu: \u201escuip\u0103 inteligen\u0163\u0103\u201d.<\/p>\n<p>\u00cenchei prin a observa c\u0103, dac\u0103 tematic opera e \u201eamalgamat\u0103\u201d, ea e unitar\u0103 stilistic \u015fi, mai ales, prin subtext. Constantin Grasu este un \u0163\u0103ran care \u00ee\u015fi iube\u015fte \u0163ara, cu oamenii \u015fi p\u0103catele ei. Nu scap\u0103 niciodat\u0103 prilejul de a face referiri la marile contribu\u0163ii aduse \u015ftiin\u0163ei \u015fi culturii universale de c\u0103tre rom\u00e2ni, de a omagia personalit\u0103\u0163i sau institu\u0163ii care au acreditat \u00een timp o imagine luminoas\u0103 a spa\u0163iului natal. Confruntat cu alte spa\u0163ii geografice \u00eens\u0103, nu-\u015fi pierde sim\u0163ul realit\u0103\u0163ii \u00een evaluarea propor\u0163iilor, g\u00e2ndindu-se, totu\u015fi, cu drag, acas\u0103. Asta ne-a omor\u00e2t: dorul de cas\u0103 \u015fi umorul cu care am primit\/privit orice \u015fut \u00een fund. \u00cen fond, se poate \u015fi mai r\u0103u, nu?<\/p>\n<p>&nbsp;<\/p>\n<p><strong><em>Mircea ZAHARIA<\/em><\/strong><\/p>\n","protected":false},"excerpt":{"rendered":"<p>&nbsp; Profesorului Constantin Grasu i-a pl\u0103cut s\u0103 \u00eenve\u0163e; a f\u0103cut Liceul \u201ePetru Rare\u015f\u201d, a fost \u015fef de promo\u0163ie al Facult\u0103\u0163ii de Geografie \u2013 Geologie a Universit\u0103\u0163ii \u201eAl. I. Cuza\u201d din Ia\u015fi, are un doctorat \u00een geologie, luat pe vremea \u00een&hellip;<\/p>\n<p class=\"more-link-p\"><a class=\"more-link\" href=\"http:\/\/www.slineamt.ro\/apostolul\/eveniment\/constantin-grasu-istorisiri-intre-dor-si-umor\/\">Read more &rarr;<\/a><\/p>\n","protected":false},"author":1,"featured_media":0,"comment_status":"open","ping_status":"closed","sticky":false,"template":"","format":"standard","meta":{"footnotes":""},"categories":[18,118],"tags":[],"class_list":["post-6643","post","type-post","status-publish","format-standard","hentry","category-eveniment","category-numarul-196"],"_links":{"self":[{"href":"http:\/\/www.slineamt.ro\/apostolul\/wp-json\/wp\/v2\/posts\/6643","targetHints":{"allow":["GET"]}}],"collection":[{"href":"http:\/\/www.slineamt.ro\/apostolul\/wp-json\/wp\/v2\/posts"}],"about":[{"href":"http:\/\/www.slineamt.ro\/apostolul\/wp-json\/wp\/v2\/types\/post"}],"author":[{"embeddable":true,"href":"http:\/\/www.slineamt.ro\/apostolul\/wp-json\/wp\/v2\/users\/1"}],"replies":[{"embeddable":true,"href":"http:\/\/www.slineamt.ro\/apostolul\/wp-json\/wp\/v2\/comments?post=6643"}],"version-history":[{"count":1,"href":"http:\/\/www.slineamt.ro\/apostolul\/wp-json\/wp\/v2\/posts\/6643\/revisions"}],"predecessor-version":[{"id":6646,"href":"http:\/\/www.slineamt.ro\/apostolul\/wp-json\/wp\/v2\/posts\/6643\/revisions\/6646"}],"wp:attachment":[{"href":"http:\/\/www.slineamt.ro\/apostolul\/wp-json\/wp\/v2\/media?parent=6643"}],"wp:term":[{"taxonomy":"category","embeddable":true,"href":"http:\/\/www.slineamt.ro\/apostolul\/wp-json\/wp\/v2\/categories?post=6643"},{"taxonomy":"post_tag","embeddable":true,"href":"http:\/\/www.slineamt.ro\/apostolul\/wp-json\/wp\/v2\/tags?post=6643"}],"curies":[{"name":"wp","href":"https:\/\/api.w.org\/{rel}","templated":true}]}}