{"id":6664,"date":"2017-03-02T10:14:04","date_gmt":"2017-03-02T10:14:04","guid":{"rendered":"http:\/\/www.slineamt.ro\/apostolul\/?p=6664"},"modified":"2017-03-02T10:14:04","modified_gmt":"2017-03-02T10:14:04","slug":"complexul-muzeal-judetean-neamt-impact-major-in-viata-cetatii","status":"publish","type":"post","link":"http:\/\/www.slineamt.ro\/apostolul\/studii-si-sinteze\/complexul-muzeal-judetean-neamt-impact-major-in-viata-cetatii\/","title":{"rendered":"Complexul Muzeal Jude\u0163ean Neam\u0163 \u2013 impact major \u00een via\u0163a cet\u0103\u0163ii"},"content":{"rendered":"<p>Indiscutabil, evolu\u0163ia \u015fi afirmarea institu\u0163iilor muzeale din jude\u0163ul Neam\u0163 sunt str\u00e2ns legate de specificul \u015fi nevoile culturale ale acestui \u0163inut, remarcat de mult timp prin patrimoniul s\u0103u istoric, artistic, etnografic, memorialistic \u015fi \u015ftiin\u0163ific, dar \u015fi de activitatea desf\u0103\u015furat\u0103 de colectivele de speciali\u015fti care deservesc muzeele nem\u0163ene, centre culturale, creatoare \u015fi animatoare ale muzeografiei, pentru beneficiarii din mediile urban \u015fi rural, deopotriv\u0103.<\/p>\n<p>Pentru anul 2016, raportat la anul 2015, la nivelul Complexului Muzeal Jude\u0163ean Neam\u0163, cifra de beneficiari culturali estimat\u0103 (230.000) a fost dep\u0103\u015fit\u0103 (334.228) din cel pu\u0163in dou\u0103 motive: includerea \u00een calendar a unor noi ac\u0163iuni cultural-\u015ftiin\u0163ifice pentru publicul larg \u015fi extinderea programului de vizitare. La aceast\u0103 evolu\u0163ie au contribuit:<\/p>\n<p>* cre\u015fterea num\u0103rului de proiecte \u015fi ac\u0163iuni de pedagogie muzeal\u0103 la Muzeul de Istorie \u015fi Arheologie Piatra Neam\u0163 \u015fi Muzeul de Istorie Roman;<\/p>\n<p>* realizarea expozi\u0163iei permanente la Curtea Domneasc\u0103 Piatra-Neam\u0163 (Pivni\u0163a II);<\/p>\n<p>* realizarea expozi\u0163iei permanente a Muzeului de \u015etiin\u0163ele Naturii Roman (parter);<\/p>\n<p>* cre\u015fterea num\u0103rului de materiale de promovare, inclusiv a celor gratuite pentru publicul larg;<\/p>\n<p>* organizarea unor expozi\u0163ii cu mare impact la public (C\u0103lim\u0103ri de epoc\u0103, 22 ianuarie \u2013 4 martie la MIAPN; Arta v\u00e2n\u0103torii, 11 martie \u2013 22 mai la MIAPN; Pofti\u0163i la \u015fez\u0103toare&#8230; acas\u0103 la Ion Creang\u0103 (edi\u0163ia a II-a), 18 mai la MMICH; Conferin\u0163a Na\u0163ional\u0103 a Comisiei de Istorie a Ora\u015felor din Rom\u00e2nia, 19 \u2013 21 mai la MIAPN; Ziua interna\u0163ional\u0103 a Muzeelor \u015fi Noaptea muzeelor, 18 mai; Festivalul de art\u0103 popular\u0103 \u201eLada cu zestre\u201d, edi\u0163ia a XI-a, 27-29 mai; Lumea LEGO, 1-30 iunie la MIAPN; Performan\u0163e ale sportului nem\u0163ean, 13 iulie \u2013 5 august la MIAPN; Universul p\u0103pu\u015filor de por\u0163elan (24 august \u2013 9 octombrie), la MIAPN; Victor Brauner \u2013 50 de ani de la moarte, 24 iunie, MAPN; Zilele Cet\u0103\u0163ii Neam\u0163: expozi\u0163ii, concerte, 1-3 iulie la MCN; Sarea-ingredient, aliment, medicament, 8 septembrie \u2013 25 nov. la MIETN; Aurul \u015fi argintul antic al Rom\u00e2niei, 21 septembrie \u2013 30 octombrie la MAPN; Colocviu, Cercet\u0103ri interdisciplinare asupra Culturii Cucuteni, 4-9 dec la MAECPN; 100 de ani de la intrarea Rom\u00e2niei \u00een Primul R\u0103zboi Mondial, octombrie la MIAPN; Zilele Ion Creang\u0103, edi\u0163ia a XLVII-a, 9-11 dec. la MMICH; T\u00e2rgul de Cr\u0103ciun, dec. 2016 \u2013 ian. 2017);<\/p>\n<p>* diversificarea serviciilor culturale;<\/p>\n<p>* valorificarea poten\u0163ialului de vizitare a muzeelor din cadrul Complexului Muzeal Jude\u0163ean Neam\u0163 prin intermediul actorilor de audien\u0163\u0103 local\u0103 (site, mass-media, publica\u0163ii de specialitate), na\u0163ional\u0103 (site, media, publica\u0163ii de specialitate) \u015fi interna\u0163ional\u0103 (site, media, publica\u0163ii de specialitate).<\/p>\n<p>Amenajarea de noi spa\u0163ii expozi\u0163ionale a dus la: cre\u015fterea atractivit\u0103\u0163ii unit\u0103\u0163ilor muzeale, diversificarea serviciilor culturale \u015fi punerea \u00een valoare a patrimoniului existent. Toate evenimentele organizate \u00een cadrul institu\u0163iei s-au bucurat de o cre\u015ftere a beneficiarilor comparativ cu anii anteriori datorit\u0103 cre\u015fterii calit\u0103\u0163ii, iar cercet\u0103rile arheologice pe l\u00e2ng\u0103 faptul c\u0103 au permis \u00eembun\u0103t\u0103\u0163irea colec\u0163iilor cu piese unicat, au dus la valorificarea descoperirilor printr-o serie de studii, articole, rapoarte \u015fi prezen\u0163e la expozi\u0163ii na\u0163ionale, care au atras publicul. Vizitele gratuite au reprezentat unul dintre motivele care au determinat publicul t\u00e2n\u0103r s\u0103 se \u00eendrepte c\u0103tre muzee. Publica\u0163iile Complexului Muzeal Jude\u0163ean Neam\u0163, prin calitatea \u015ftiin\u0163ific\u0103, informa\u0163ional\u0103 \u015fi grafic\u0103 au atras aten\u0163ia unor importan\u0163i cercet\u0103tori (arheologi, istorici de art\u0103, teologi, etnografi) din \u0163ar\u0103 \u015fi str\u0103in\u0103tate.<\/p>\n<p>Expozi\u0163iile, simpozioanele \u015fi celelalte manifest\u0103ri culturale au contribuit la diversificarea ofertei culturale a jude\u0163ului, urm\u0103rind s\u0103 satisfac\u0103 o gam\u0103 larg\u0103 de gusturi culturale (festival medieval, seri muzicale, expozi\u0163ii cu arti\u015fti plastici importan\u0163i, concerte \u015fi\/sau spectacole muzicale etc.) \u015fi s\u0103 concentreze un num\u0103r mai mare de manifest\u0103ri culturale importante pe durata sezonului turistic de var\u0103.<\/p>\n<p>&nbsp;<\/p>\n<p><strong><em>Dr. Dorin NICOLA<\/em><\/strong><\/p>\n","protected":false},"excerpt":{"rendered":"<p>Indiscutabil, evolu\u0163ia \u015fi afirmarea institu\u0163iilor muzeale din jude\u0163ul Neam\u0163 sunt str\u00e2ns legate de specificul \u015fi nevoile culturale ale acestui \u0163inut, remarcat de mult timp prin patrimoniul s\u0103u istoric, artistic, etnografic, memorialistic \u015fi \u015ftiin\u0163ific, dar \u015fi de activitatea desf\u0103\u015furat\u0103 de colectivele&hellip;<\/p>\n<p class=\"more-link-p\"><a class=\"more-link\" href=\"http:\/\/www.slineamt.ro\/apostolul\/studii-si-sinteze\/complexul-muzeal-judetean-neamt-impact-major-in-viata-cetatii\/\">Read more &rarr;<\/a><\/p>\n","protected":false},"author":1,"featured_media":0,"comment_status":"open","ping_status":"closed","sticky":false,"template":"","format":"standard","meta":{"footnotes":""},"categories":[14,118],"tags":[],"class_list":["post-6664","post","type-post","status-publish","format-standard","hentry","category-studii-si-sinteze","category-numarul-196"],"_links":{"self":[{"href":"http:\/\/www.slineamt.ro\/apostolul\/wp-json\/wp\/v2\/posts\/6664","targetHints":{"allow":["GET"]}}],"collection":[{"href":"http:\/\/www.slineamt.ro\/apostolul\/wp-json\/wp\/v2\/posts"}],"about":[{"href":"http:\/\/www.slineamt.ro\/apostolul\/wp-json\/wp\/v2\/types\/post"}],"author":[{"embeddable":true,"href":"http:\/\/www.slineamt.ro\/apostolul\/wp-json\/wp\/v2\/users\/1"}],"replies":[{"embeddable":true,"href":"http:\/\/www.slineamt.ro\/apostolul\/wp-json\/wp\/v2\/comments?post=6664"}],"version-history":[{"count":1,"href":"http:\/\/www.slineamt.ro\/apostolul\/wp-json\/wp\/v2\/posts\/6664\/revisions"}],"predecessor-version":[{"id":6667,"href":"http:\/\/www.slineamt.ro\/apostolul\/wp-json\/wp\/v2\/posts\/6664\/revisions\/6667"}],"wp:attachment":[{"href":"http:\/\/www.slineamt.ro\/apostolul\/wp-json\/wp\/v2\/media?parent=6664"}],"wp:term":[{"taxonomy":"category","embeddable":true,"href":"http:\/\/www.slineamt.ro\/apostolul\/wp-json\/wp\/v2\/categories?post=6664"},{"taxonomy":"post_tag","embeddable":true,"href":"http:\/\/www.slineamt.ro\/apostolul\/wp-json\/wp\/v2\/tags?post=6664"}],"curies":[{"name":"wp","href":"https:\/\/api.w.org\/{rel}","templated":true}]}}