{"id":6676,"date":"2017-03-02T10:17:52","date_gmt":"2017-03-02T10:17:52","guid":{"rendered":"http:\/\/www.slineamt.ro\/apostolul\/?p=6676"},"modified":"2017-03-02T10:17:52","modified_gmt":"2017-03-02T10:17:52","slug":"cultura-biblioteca-si-noi","status":"publish","type":"post","link":"http:\/\/www.slineamt.ro\/apostolul\/cogito-ergo-sum\/cultura-biblioteca-si-noi\/","title":{"rendered":"Cultura, biblioteca \u015fi noi"},"content":{"rendered":"<p>&nbsp;<\/p>\n<p><a href=\"http:\/\/www.slineamt.ro\/apostolul\/wp-content\/uploads\/2017\/03\/03-ap196-foto1.jpg\"><img loading=\"lazy\" decoding=\"async\" class=\"size-medium wp-image-6679 alignleft\" src=\"http:\/\/www.slineamt.ro\/apostolul\/wp-content\/uploads\/2017\/03\/03-ap196-foto1-300x225.jpg\" alt=\"\" width=\"300\" height=\"225\" srcset=\"http:\/\/www.slineamt.ro\/apostolul\/wp-content\/uploads\/2017\/03\/03-ap196-foto1-300x225.jpg 300w, http:\/\/www.slineamt.ro\/apostolul\/wp-content\/uploads\/2017\/03\/03-ap196-foto1-560x420.jpg 560w, http:\/\/www.slineamt.ro\/apostolul\/wp-content\/uploads\/2017\/03\/03-ap196-foto1-260x195.jpg 260w, http:\/\/www.slineamt.ro\/apostolul\/wp-content\/uploads\/2017\/03\/03-ap196-foto1-160x120.jpg 160w, http:\/\/www.slineamt.ro\/apostolul\/wp-content\/uploads\/2017\/03\/03-ap196-foto1.jpg 567w\" sizes=\"auto, (max-width: 300px) 100vw, 300px\" \/><\/a>Cultura e confundat\u0103 cu acumularea de informa\u0163ii, prea adesea. A\u015fa cum educa\u0163ia, \u00een \u00eenv\u0103\u0163\u0103m\u00e2ntul nostru, nu formeaz\u0103, ci stocheaz\u0103 informa\u0163ii \u00een creierele tinere. De asta, informa\u0163ia pare a fi o hran\u0103 imperioas\u0103, zilnic\u0103, a omului din acest sf\u00e2r\u015fit de istorie \u015fi \u00eenceput de mileniu. Ziarele, radioul, televiziunea, internetul, reclamele, afi\u015fele\u2026 ne informeaz\u0103 continuu. Capt\u0103m informa\u0163iile, le diger\u0103m sau nu, le credem sau nu, ne modific\u0103 sau nu. \u00centr-un \u201eundeva\u201d indistinct se \u00eent\u00e2mpl\u0103 mereu \u201eceva\u201d care potole\u015fte aceast\u0103 foame colectiv\u0103 de informa\u0163ie, de nou, de senza\u0163ional. Crime, accidente, violuri, catastrofe, deraieri spectaculoase, descoperiri epocale (care \u0163in c\u00e2t puful de p\u0103p\u0103die), b\u00e2rfe etc. sunt \u00eenf\u0103ptuite de \u201epersonaje\u201d indistincte care tr\u0103iesc, parc\u0103, pentru a declan\u015fa senza\u0163ionalul. Cu c\u00e2t se vehiculeaz\u0103 mai mult acest tip de informa\u0163ie, impersonal\u0103, cu at\u00e2t lumea asta pare caricatura lumii pentru care avem senza\u0163ia c\u0103 ne-am n\u0103scut. \u00cen acest timp cultura circul\u0103 \u00een discretele ei \u201evase comunicante\u201d, tot mai ascunse, tot mai neglijate. Rivardo Paseyro, \u00eentr-o deja celebr\u0103 carte, \u201eElogiul analfabetismului pentru uzul fal\u015filor indivizi\u201d (Editura Robert Lafont, Paris, 1989) spunea \u00eendrept\u0103\u0163it: \u201eNiciodat\u0103 nu s-au editat at\u00e2tea c\u0103r\u0163i, niciodat\u0103, poate nu au fost at\u00e2t de prost citite\u2026 Mijloacele de informare \u015fi \u00eenv\u0103\u0163\u0103m\u00e2ntul nu se mai adreseaz\u0103 persoanei, individului: ele vizeaz\u0103 Marile Impersonalit\u0103\u0163i, sedimentul fiziologic \u015fi psihologic al speciei umane\u2026\u201d. \u00cen aceste condi\u0163ii analfabe\u0163ii nu mai sunt cei care nu \u015ftiu s\u0103 citeasc\u0103, ci acei care nu \u015ftiu ce s\u0103 citeasc\u0103.<\/p>\n<p>De asta avem Biblioteca, de asta avem bibliotecari. Spunea Albert Camus: \u201eBiblioteca e, realmente, un templu \u00een care arde continuu flac\u0103ra ra\u0163iunii; c\u00e2nd se va stinge aceasta pentru omenire va fi prea t\u00e2rziu &#8230;!\u201d. Mai mult, Biblioteca este, \u00een esen\u0163\u0103, memoria culturii, indiferent sub ce form\u0103 se manifest\u0103. Iar \u00eencercarea de a scoate \u00een eviden\u0163\u0103 lucrurile sugestive dintr-o comunitate, \u00eentr-o tentativ\u0103 de \u201etop cultural\u201d, \u0163ine, cred, de cultura memoriei.<\/p>\n<p>Doamnelor, domnilor, s\u0103 fim de partea Bibliotecii!<\/p>\n<p>&nbsp;<\/p>\n<p>(Cuv\u00e2nt de deschidere la Gala \u201eSuperlativele Culturale ale anului 2016\u201d)<\/p>\n<p><strong><em>Adrian ALUI GHEORGHE<\/em><\/strong><\/p>\n","protected":false},"excerpt":{"rendered":"<p>&nbsp; Cultura e confundat\u0103 cu acumularea de informa\u0163ii, prea adesea. A\u015fa cum educa\u0163ia, \u00een \u00eenv\u0103\u0163\u0103m\u00e2ntul nostru, nu formeaz\u0103, ci stocheaz\u0103 informa\u0163ii \u00een creierele tinere. De asta, informa\u0163ia pare a fi o hran\u0103 imperioas\u0103, zilnic\u0103, a omului din acest sf\u00e2r\u015fit de&hellip;<\/p>\n<p class=\"more-link-p\"><a class=\"more-link\" href=\"http:\/\/www.slineamt.ro\/apostolul\/cogito-ergo-sum\/cultura-biblioteca-si-noi\/\">Read more &rarr;<\/a><\/p>\n","protected":false},"author":1,"featured_media":0,"comment_status":"open","ping_status":"closed","sticky":false,"template":"","format":"standard","meta":{"footnotes":""},"categories":[17,118],"tags":[],"class_list":["post-6676","post","type-post","status-publish","format-standard","hentry","category-cogito-ergo-sum","category-numarul-196"],"_links":{"self":[{"href":"http:\/\/www.slineamt.ro\/apostolul\/wp-json\/wp\/v2\/posts\/6676","targetHints":{"allow":["GET"]}}],"collection":[{"href":"http:\/\/www.slineamt.ro\/apostolul\/wp-json\/wp\/v2\/posts"}],"about":[{"href":"http:\/\/www.slineamt.ro\/apostolul\/wp-json\/wp\/v2\/types\/post"}],"author":[{"embeddable":true,"href":"http:\/\/www.slineamt.ro\/apostolul\/wp-json\/wp\/v2\/users\/1"}],"replies":[{"embeddable":true,"href":"http:\/\/www.slineamt.ro\/apostolul\/wp-json\/wp\/v2\/comments?post=6676"}],"version-history":[{"count":1,"href":"http:\/\/www.slineamt.ro\/apostolul\/wp-json\/wp\/v2\/posts\/6676\/revisions"}],"predecessor-version":[{"id":6682,"href":"http:\/\/www.slineamt.ro\/apostolul\/wp-json\/wp\/v2\/posts\/6676\/revisions\/6682"}],"wp:attachment":[{"href":"http:\/\/www.slineamt.ro\/apostolul\/wp-json\/wp\/v2\/media?parent=6676"}],"wp:term":[{"taxonomy":"category","embeddable":true,"href":"http:\/\/www.slineamt.ro\/apostolul\/wp-json\/wp\/v2\/categories?post=6676"},{"taxonomy":"post_tag","embeddable":true,"href":"http:\/\/www.slineamt.ro\/apostolul\/wp-json\/wp\/v2\/tags?post=6676"}],"curies":[{"name":"wp","href":"https:\/\/api.w.org\/{rel}","templated":true}]}}