{"id":6685,"date":"2017-03-02T10:19:18","date_gmt":"2017-03-02T10:19:18","guid":{"rendered":"http:\/\/www.slineamt.ro\/apostolul\/?p=6685"},"modified":"2017-03-02T10:19:18","modified_gmt":"2017-03-02T10:19:18","slug":"obiectivele-federatiei-sindicatelor-libere-din-invatamant-in-anul-2017","status":"publish","type":"post","link":"http:\/\/www.slineamt.ro\/apostolul\/viata-sindicala-imperative\/obiectivele-federatiei-sindicatelor-libere-din-invatamant-in-anul-2017\/","title":{"rendered":"OBIECTIVELE FEDERA\u0162IEI SINDICATELOR LIBERE DIN \u00ceNV\u0102\u0162\u0102M\u00c2NT \u00ceN ANUL 2017"},"content":{"rendered":"<p>&nbsp;<\/p>\n<p><a href=\"http:\/\/www.slineamt.ro\/apostolul\/wp-content\/uploads\/2017\/03\/02-ap196-foto1.jpg\"><img loading=\"lazy\" decoding=\"async\" class=\"size-full wp-image-6688 alignleft\" src=\"http:\/\/www.slineamt.ro\/apostolul\/wp-content\/uploads\/2017\/03\/02-ap196-foto1.jpg\" alt=\"\" width=\"255\" height=\"255\" srcset=\"http:\/\/www.slineamt.ro\/apostolul\/wp-content\/uploads\/2017\/03\/02-ap196-foto1.jpg 255w, http:\/\/www.slineamt.ro\/apostolul\/wp-content\/uploads\/2017\/03\/02-ap196-foto1-150x150.jpg 150w, http:\/\/www.slineamt.ro\/apostolul\/wp-content\/uploads\/2017\/03\/02-ap196-foto1-160x160.jpg 160w\" sizes=\"auto, (max-width: 255px) 100vw, 255px\" \/><\/a><\/p>\n<ol>\n<li>\u00centreprinderea demersurilor necesare pentru o salarizare echitabil\u0103 a personalului din \u00eenv\u0103\u0163\u0103m\u00e2nt, prin noua lege de salarizare unitar\u0103.<\/li>\n<li>Implicarea \u00een elaborarea unei noi legi a educa\u0163iei na\u0163ionale \u015fi a Legii privind Statutul personalului didactic.<\/li>\n<li>\u00centreprinderea diligen\u0163elor necesare pentru modificarea legisla\u0163iei \u00een domeniul pensiilor, astfel \u00eenc\u00e2t stabilirea \u015fi plata acestora pentru toate categoriile s\u0103 aib\u0103 la baz\u0103 principiul contributivit\u0103\u0163ii la fondul de pensii.<\/li>\n<li>Demararea demersurilor c\u0103tre cele dou\u0103 camere ale Parlamentului Rom\u00e2niei pentru ca s\u0103 se adopte ini\u0163iativele legilative promovate de parlamentari, la propunerea FSLI, respectiv: proiectul de Lege privind \u00eenvestirea personalului didactic de predare, de conducere, de \u00eendrumare \u015fi de control cu exerci\u0163iul autorit\u0103\u0163ii publice pe timpul \u015fi \u00een leg\u0103tur\u0103 cu \u00eendeplinirea atribu\u0163iilor de serviciu; proiectul de Lege privind modificarea \u015fi completarea art. 12 din Legea educa\u0163iei na\u0163ionale nr. 1\/2011, prin care, elevii \u00eenscri\u015fi \u00een \u00eenv\u0103\u0163\u0103m\u00e2ntul profesional \u015fi tehnic cu durata de minimum 3 ani beneficiaz\u0103 de mas\u0103 \u015fi cazare gratuite \u00een cantinele \u015fi internatele \u015fcolare; proiect de Lege pentru modificarea \u015fi completarea art. 69 din Legea educa\u0163iei na\u0163ionale nr. 1\/2011, prin care se reglementeaz\u0103 regimul juridic al manualelor \u015fcolare; proiectul de lege de modificare \u015fi completare a art. 284 din Legea educa\u0163iei na\u0163ionale nr. 1\/2011, \u00een vederea rezolv\u0103rii problemelor existente \u00een ceea ce prive\u015fte pensionarea personalului didactic; proiect de lege de modificare a art. 262 alin. (4) din Legea educa\u0163iei na\u0163ionale, astfel \u00eenc\u00e2t reducerea normei didactice de predare cu 2 ore s\u0103pt\u0103m\u00e2nal s\u0103 nu fie condi\u0163ionat\u0103 de \u00eencadrarea \u00een bugetul aprobat.<\/li>\n<li>Intervenirea, la nivelul factorilor decizionali, pentru a se asigura plata drepturilor de natur\u0103 salarial\u0103 acordate personalului din \u00eenv\u0103\u0163\u0103m\u00e2nt prin hot\u0103r\u00e2ri judec\u0103tore\u015fti, inclusiv pentru plata sumelor reprezent\u00e2nd dob\u00e2nzi legale acordate de instan\u0163ele de judecat\u0103.<\/li>\n<li>Continuarea ac\u0163iunii de debirocratizare a \u00eenv\u0103\u0163\u0103m\u00e2ntului preuniversitar.<\/li>\n<li>Preg\u0103tirea Conferin\u0163ei Na\u0163ionale a F.S.L.I.<\/li>\n<\/ol>\n<p>&nbsp;<\/p>\n<p><strong><em>COLEGIUL NA\u0162IONAL AL LIDERILOR<\/em><\/strong><\/p>\n","protected":false},"excerpt":{"rendered":"<p>&nbsp; \u00centreprinderea demersurilor necesare pentru o salarizare echitabil\u0103 a personalului din \u00eenv\u0103\u0163\u0103m\u00e2nt, prin noua lege de salarizare unitar\u0103. Implicarea \u00een elaborarea unei noi legi a educa\u0163iei na\u0163ionale \u015fi a Legii privind Statutul personalului didactic. \u00centreprinderea diligen\u0163elor necesare pentru modificarea legisla\u0163iei&hellip;<\/p>\n<p class=\"more-link-p\"><a class=\"more-link\" href=\"http:\/\/www.slineamt.ro\/apostolul\/viata-sindicala-imperative\/obiectivele-federatiei-sindicatelor-libere-din-invatamant-in-anul-2017\/\">Read more &rarr;<\/a><\/p>\n","protected":false},"author":1,"featured_media":0,"comment_status":"open","ping_status":"closed","sticky":false,"template":"","format":"standard","meta":{"footnotes":""},"categories":[11,118],"tags":[],"class_list":["post-6685","post","type-post","status-publish","format-standard","hentry","category-viata-sindicala-imperative","category-numarul-196"],"_links":{"self":[{"href":"http:\/\/www.slineamt.ro\/apostolul\/wp-json\/wp\/v2\/posts\/6685","targetHints":{"allow":["GET"]}}],"collection":[{"href":"http:\/\/www.slineamt.ro\/apostolul\/wp-json\/wp\/v2\/posts"}],"about":[{"href":"http:\/\/www.slineamt.ro\/apostolul\/wp-json\/wp\/v2\/types\/post"}],"author":[{"embeddable":true,"href":"http:\/\/www.slineamt.ro\/apostolul\/wp-json\/wp\/v2\/users\/1"}],"replies":[{"embeddable":true,"href":"http:\/\/www.slineamt.ro\/apostolul\/wp-json\/wp\/v2\/comments?post=6685"}],"version-history":[{"count":1,"href":"http:\/\/www.slineamt.ro\/apostolul\/wp-json\/wp\/v2\/posts\/6685\/revisions"}],"predecessor-version":[{"id":6691,"href":"http:\/\/www.slineamt.ro\/apostolul\/wp-json\/wp\/v2\/posts\/6685\/revisions\/6691"}],"wp:attachment":[{"href":"http:\/\/www.slineamt.ro\/apostolul\/wp-json\/wp\/v2\/media?parent=6685"}],"wp:term":[{"taxonomy":"category","embeddable":true,"href":"http:\/\/www.slineamt.ro\/apostolul\/wp-json\/wp\/v2\/categories?post=6685"},{"taxonomy":"post_tag","embeddable":true,"href":"http:\/\/www.slineamt.ro\/apostolul\/wp-json\/wp\/v2\/tags?post=6685"}],"curies":[{"name":"wp","href":"https:\/\/api.w.org\/{rel}","templated":true}]}}