{"id":6694,"date":"2017-03-02T10:20:26","date_gmt":"2017-03-02T10:20:26","guid":{"rendered":"http:\/\/www.slineamt.ro\/apostolul\/?p=6694"},"modified":"2017-03-02T10:20:26","modified_gmt":"2017-03-02T10:20:26","slug":"mostenirea-tehnocratilor-minciuna-si-harababura","status":"publish","type":"post","link":"http:\/\/www.slineamt.ro\/apostolul\/viata-sindicala-imperative\/mostenirea-tehnocratilor-minciuna-si-harababura\/","title":{"rendered":"Mo\u015ftenirea tehnocra\u0163ilor:  MINCIUN\u0102 \u015fi HARABABUR\u0102!"},"content":{"rendered":"<p>&nbsp;<\/p>\n<p>* Interviu cu domnul Gabriel Plosc\u0103, pre\u015fedintele Sindicatului din \u00cenv\u0103\u0163\u0103m\u00e2nt Neam\u0163<\/p>\n<p>&nbsp;<\/p>\n<p>\u2013 Domnule Gabriel Plosc\u0103, \u015ftim cu to\u0163ii c\u0103, urmare a ultimelor ac\u0163iuni sindicale concertate, \u00een \u00eenv\u0103\u0163\u0103m\u00e2nt erau anun\u0163ate \u015fi urmau s\u0103 aib\u0103 loc unele major\u0103ri de salarii. S-a \u00eent\u00e2mplat acest lucru efectiv?<\/p>\n<p>\u2013 Da. De la 1 ianuarie s-au majorat salariile personalului didactic \u015fi didactic auxiliar, \u00een medie cu 15% \u015fi aceste major\u0103ri s-au sim\u0163it \u00een buzunare \u00een luna februarie, c\u00e2nd s-au luat salariile pe ianuarie. Vreau \u00eens\u0103 s\u0103 men\u0163ionez aici ni\u015fte lucruri care trebuie neap\u0103rat cunoscute. A fost foarte greu ca majorarea s\u0103 intre cu aceast\u0103 dat\u0103 datorit\u0103 hot\u0103r\u00e2rilor \u015fi actelor normative l\u0103sate vrai\u015fte de c\u0103tre guvernul care tocmai a plecat \u2013 \u015fi aici m\u0103 refer la Ordonan\u0163a nr. 20 \u015fi la Legea 250. Pentru a se putea aplica aceste major\u0103ri \u00eencep\u00e2nd cu data de 1 ianuarie, a\u015fa cum promisese actuala putere prin programul de guvernare, a trebuit s\u0103 se dea alte acte normative: Ordonan\u0163a 2\/2017 \u015fi H.G. 38\/2017. Din p\u0103cate, datorit\u0103 haosului politic a fost greu ca aceste acte normative s\u0103 pun\u0103 \u00een totalitate lucrurile \u00een matca lor fireasc\u0103. \u00cenc\u0103 mai exist\u0103 probleme pentru ca aceast\u0103 m\u0103rire s\u0103 fie aplicat\u0103 pentru toate categoriile de personal, a\u015fa cum a fost g\u00e2ndit\u0103. \u00cen continuare celebrul sistem EduSAL nu poate fi sincronizat cu acest sistem de salarizare \u015fi Federa\u0163ia noastr\u0103 a \u00eencercat \u015fi \u00eencearc\u0103 remedierea problemelor ivite. Un lucru \u00eens\u0103 \u00eemi este limpede: haosul din sistemul de salarizare din \u00eenv\u0103\u0163\u0103m\u00e2nt nu poate fi rezolvat dec\u00e2t printr-o Lege a salariz\u0103rii unitare pentru bugetari. Trebuie plecat de la zero; a c\u00e2rpi mereu un act normativ cu altul nu \u00eenseamn\u0103 dec\u00e2t men\u0163inerea actualei harababuri. Din informa\u0163iile pe care le de\u0163inem, au \u00eenceput deja discu\u0163iile \u00een acest sens \u015fi e posibil ca spre sf\u00e2r\u015fitul semestrului doi s\u0103 avem o Lege a salariz\u0103rii \u00een care ne punem speran\u0163a unor alte cre\u015fteri. Dac\u0103 Bugetul o va permite.<\/p>\n<p>Tot la capitolul salarizare trebuie semnalat faptul c\u0103, \u00eencep\u00e2nd cu 1 februarie, personalul nedidactic specific \u00eenv\u0103\u0163\u0103m\u00e2ntului va primi o majorare de 20%. Noi am cerut Guvernului ca, eventual, s\u0103 emit\u0103 un nou act normativ \u00een care lucrul acesta s\u0103 fie foarte clar. Fiindc\u0103 s-ar putea ca unii s\u0103 interpreteze prevederile Ordonan\u0163ei 2\/2017 \u015fi s\u0103 sus\u0163in\u0103 c\u0103 nu ar intra \u015fi personalul nedidactic specific \u00eenv\u0103\u0163\u0103m\u00e2ntului. Sper\u0103m ca acest lucru s\u0103 nu se \u00eent\u00e2mple \u015fi \u00een martie oamenii s\u0103-\u015fi primeasc\u0103 salariile m\u0103rite.<\/p>\n<p>Mai doresc s\u0103 men\u0163ionez, tot la acest punct al discu\u0163iei noastre, faptul c\u0103, \u00eencep\u00e2nd cu 1 februarie, salariul minim garantat \u00een plat\u0103 a crescut la 1.450 de lei. Deci exact a\u015fa cum este prev\u0103zut \u00een programul de guvernare. Desigur c\u0103 toate aceste m\u0103riri influen\u0163eaz\u0103 puterea de cump\u0103rare \u015fi cre\u015fterea standardului de via\u0163\u0103, \u015fi sper\u0103m s\u0103 avem o guvernare \u00een\u0163eleapt\u0103 care s\u0103 ne ajute s\u0103 intr\u0103m \u015fi noi \u00een r\u00e2ndul lumii. De\u015fi \u2013 \u015fi aici exprim un punct de vedere absolut personal \u2013 se pare c\u0103 unora nu le convine lucrul acesta, c\u0103 \u00eenv\u0103\u0163\u0103m\u00e2ntul ar trebui mereu pus la zid \u015fi biciuit, iar slujitorii \u015fcolii ar trebui s\u0103 tr\u0103iasc\u0103 sub limita decen\u0163ei, pentru a fi umili\u0163i \u00een continuare de cei care m\u00e2nuiesc b\u00e2ta puterii.<\/p>\n<p>\u2013 \u015etiu c\u0103 exist\u0103 probleme cu Contractul colectiv de munc\u0103. Cel vechi a expirat, cel nou nu s-a n\u0103scut, iar vidul acesta nu poate fi dec\u00e2t d\u0103un\u0103tor&#8230;.<\/p>\n<p>\u2013 Ultima dat\u0103 c\u00e2nd am vorbit despre acest subiect precizam faptul c\u0103, de\u015fi documentul a fost semnat de fostul ministru, acesta a renun\u0163at pe ultima sut\u0103 de metri s\u0103-l mai trimit\u0103 la Ministerul Muncii pentru a fi \u00eenregistrat. \u00cen aceast\u0103 situa\u0163ie, noi am \u00eencercat s\u0103 negociem un nou contract. Numai c\u0103, legea nu permite acest lucru dec\u00e2t dup\u0103 aprobarea bugetului, fapt care s-a \u00eent\u00e2mplat abia ieri. (N.R. Interviul a fost realizat pe data de 17 februarie). Drept care au \u00eenceput s\u0103 apar\u0103 problemele. Prima e legat\u0103 de ob\u0163inerea grada\u0163iilor de merit. Exist\u0103 o \u00eentreag\u0103 metodologie privind procedura de acordare a grada\u0163iilor, pe baza unor criterii \u015fi a unei competi\u0163ii. \u015ei \u00een aceast\u0103 metodologie prima precizare face referire la hot\u0103r\u00e2rile Comisiei paritare privind detalierea punctajelor din Fi\u015fele de evaluare care se \u00eentrunesc \u00een vederea atribuirii grada\u0163iilor de merit. Aici, de asemenea, se repartizeaz\u0103 num\u0103rul de grada\u0163ii de merit pe discipline \u015fi se stabile\u015fte punctajul minim de la care se poate ob\u0163ine grada\u0163ia, pe categorii de personal. Cum Comisiile paritare aveau ca fundament legal Contractul colectiv de munc\u0103, iar acest act nu exist\u0103, eram \u00een imposibilitatea de a demara procedura acord\u0103rii grada\u0163iilor \u00een discu\u0163ie. Sigur c\u0103 s-a alertat toat\u0103 lumea \u015fi noi am alertat MENCS pentru elaborarea unei noi metodologii de acordare a grada\u0163iilor, chiar \u00een absen\u0163a sindicatelor din Comisia paritar\u0103. Lucru care nu este nici democratic, nici \u00een ordine. \u00centr-o alt\u0103 variant\u0103 de rezolvare a problemei, s-a \u00eencercat s\u0103 se \u00eenregistreze totu\u015fi contractul semnat de vechiul ministru. Numai c\u0103, surpriz\u0103: din cele patru exemplare originale semnate, nu s-a mai g\u0103sit nici unul. Mai mult, purt\u0103toarea de cuv\u00e2nt a ministrului a f\u0103cut o declara\u0163ie mincinoas\u0103 \u00een care sus\u0163ine c\u0103 \u00een mod sigur c\u00e2te un exemplar al contractului s-ar afla la pre\u015fedin\u0163ii H\u0103ncescu \u015fi Nistor. Lucru neconfirmat de cei doi, care au cerut s\u0103 se demareze o anchet\u0103 \u00een minister.<\/p>\n<p>O informa\u0163ie de ultim\u0103 or\u0103 pe care o avem arat\u0103 c\u0103 este posibil ca luni (N.R. 20 febr.) s\u0103 avem o nou\u0103 variant\u0103 a Contractului colectiv de munc\u0103, o variant\u0103 care ar putea fi \u015fi semnat\u0103, dup\u0103 cum ne \u00eencredin\u0163eaz\u0103 secretarul de stat Liviu Marian Pop. \u00cen orice caz, v\u0103z\u00e2nd tergiversarea bugetului, noi am avansat \u015fi ideea reprogram\u0103rii etapelor necesare acord\u0103rii grada\u0163iilor de merit. Eu nu \u015ftiu ce se va \u00eent\u00e2mpla acum, pentru c\u0103 bugetul a fost aprobat, dar g\u00e2ndesc c\u0103 m\u0103car prima etap\u0103 din procedura de acordare a grada\u0163iilor trebuie dus\u0103 cu c\u00e2teva zile mai \u00eencolo. \u00cen orice caz, noi, la Neam\u0163, dup\u0103 ce am avut discu\u0163ii, am hot\u0103r\u00e2t s\u0103 ne \u00eent\u00e2lnim luni \u00een comisie paritar\u0103.<\/p>\n<p>\u2013 Alte evenimente?<\/p>\n<p>\u2013 \u00cen alt\u0103 ordine de idei, vreau s\u0103 semnalez faptul c\u0103 \u00een urma dezbaterilor care au fost \u00een Colegiul Na\u0163ional al Liderilor s-au conturat \u015fi obiectivele FSLI pentru anul 2017. Sigur c\u0103 noi avem obiectivele Sindicatelor din \u00cenv\u0103\u0163\u0103m\u00e2nt din jude\u0163ul Neam\u0163, pe care le-am \u015fi f\u0103cut publice \u00een num\u0103rul anterior al revistei, dar ele se refer\u0103 lucruri care pot fi rezolvate la nivel teritorial. Obiectivele Federa\u0163iei \u00eens\u0103 sunt de interes na\u0163ional \u015fi trebuie s\u0103 le avem cu to\u0163i \u00een vedere, ne\u00eendeplinirea lor afect\u00e2ndu-ne pe fiecare dintre noi.<\/p>\n<p>\u2013 Le vom publica imediat, ca s\u0103 fim afecta\u0163i c\u00e2t mai pu\u0163in. Mul\u0163umesc pentru informa\u0163ii.<\/p>\n<p>&nbsp;<\/p>\n<p><strong><em>A consemnat Mircea ZAHARIA<\/em><\/strong><\/p>\n","protected":false},"excerpt":{"rendered":"<p>&nbsp; * Interviu cu domnul Gabriel Plosc\u0103, pre\u015fedintele Sindicatului din \u00cenv\u0103\u0163\u0103m\u00e2nt Neam\u0163 &nbsp; \u2013 Domnule Gabriel Plosc\u0103, \u015ftim cu to\u0163ii c\u0103, urmare a ultimelor ac\u0163iuni sindicale concertate, \u00een \u00eenv\u0103\u0163\u0103m\u00e2nt erau anun\u0163ate \u015fi urmau s\u0103 aib\u0103 loc unele major\u0103ri de salarii.&hellip;<\/p>\n<p class=\"more-link-p\"><a class=\"more-link\" href=\"http:\/\/www.slineamt.ro\/apostolul\/viata-sindicala-imperative\/mostenirea-tehnocratilor-minciuna-si-harababura\/\">Read more &rarr;<\/a><\/p>\n","protected":false},"author":1,"featured_media":0,"comment_status":"open","ping_status":"closed","sticky":false,"template":"","format":"standard","meta":{"footnotes":""},"categories":[11,118],"tags":[],"class_list":["post-6694","post","type-post","status-publish","format-standard","hentry","category-viata-sindicala-imperative","category-numarul-196"],"_links":{"self":[{"href":"http:\/\/www.slineamt.ro\/apostolul\/wp-json\/wp\/v2\/posts\/6694","targetHints":{"allow":["GET"]}}],"collection":[{"href":"http:\/\/www.slineamt.ro\/apostolul\/wp-json\/wp\/v2\/posts"}],"about":[{"href":"http:\/\/www.slineamt.ro\/apostolul\/wp-json\/wp\/v2\/types\/post"}],"author":[{"embeddable":true,"href":"http:\/\/www.slineamt.ro\/apostolul\/wp-json\/wp\/v2\/users\/1"}],"replies":[{"embeddable":true,"href":"http:\/\/www.slineamt.ro\/apostolul\/wp-json\/wp\/v2\/comments?post=6694"}],"version-history":[{"count":1,"href":"http:\/\/www.slineamt.ro\/apostolul\/wp-json\/wp\/v2\/posts\/6694\/revisions"}],"predecessor-version":[{"id":6697,"href":"http:\/\/www.slineamt.ro\/apostolul\/wp-json\/wp\/v2\/posts\/6694\/revisions\/6697"}],"wp:attachment":[{"href":"http:\/\/www.slineamt.ro\/apostolul\/wp-json\/wp\/v2\/media?parent=6694"}],"wp:term":[{"taxonomy":"category","embeddable":true,"href":"http:\/\/www.slineamt.ro\/apostolul\/wp-json\/wp\/v2\/categories?post=6694"},{"taxonomy":"post_tag","embeddable":true,"href":"http:\/\/www.slineamt.ro\/apostolul\/wp-json\/wp\/v2\/tags?post=6694"}],"curies":[{"name":"wp","href":"https:\/\/api.w.org\/{rel}","templated":true}]}}