{"id":7280,"date":"2017-04-29T11:22:23","date_gmt":"2017-04-29T11:22:23","guid":{"rendered":"http:\/\/www.slineamt.ro\/apostolul\/?p=7280"},"modified":"2017-04-29T11:22:23","modified_gmt":"2017-04-29T11:22:23","slug":"raport-asupra-activitatii-desfasurate-de-asociatia-invatatorilor-din-judetul-neamt-aint-in-perioada-2013-2017","status":"publish","type":"post","link":"http:\/\/www.slineamt.ro\/apostolul\/viata-sindicala-imperative\/raport-asupra-activitatii-desfasurate-de-asociatia-invatatorilor-din-judetul-neamt-aint-in-perioada-2013-2017\/","title":{"rendered":"Raport asupra activit\u0103\u0163ii desf\u0103\u015furate de Asocia\u0163ia \u00cenv\u0103\u0163\u0103torilor din Jude\u0163ul Neam\u0163 (AINT) \u00een perioada 2013-2017"},"content":{"rendered":"<p>&nbsp;<\/p>\n<p>Activitatea AINT s-a desf\u0103\u015furat sub conducerea Adun\u0103rii Generale \u015fi a Consiliului Director \u00een concordan\u0163\u0103 cu Strategia de dezvoltare 2013-2017 aprobat\u0103 de organul suprem de conducere al asocia\u0163iei.<\/p>\n<p>La cei peste 100 de ani de la \u00eenfiin\u0163are \u015fi 25 de ani de la reluarea activit\u0103\u0163ii, Asocia\u0163ia \u00cenv\u0103\u0163\u0103torilor din jude\u0163ul Neam\u0163 \u015fi-a propus s\u0103 devin\u0103 un factor de stabilitate organiza\u0163ional\u0103 pentru membri s\u0103i, \u00een scopul \u00eemplinirii profesionale \u015fi personale a cadrelor didactice. Pornind de la principii de baz\u0103 \u00een organizarea de tip asociativ \u2013 solidaritate, coeziune, angajare social\u0103, deschidere \u015fi competitivitate \u2013 Asocia\u0163ia \u00cenv\u0103\u0163\u0103torilor din jude\u0163ul Neam\u0163 s-a angajat s\u0103 devin\u0103 un forum pentru schimbul de idei \u015fi experien\u0163e, precum \u015fi pentru promovarea bunelor practici \u00een ceea ce prive\u015fte activitatea didactic\u0103, sprijinind activitatea \u015ftiin\u0163ific\u0103, didactic\u0103, cultural \u2013 artistic\u0103, sportiv\u0103 \u015fi de petrecere a timpului liber a cadrelor didactice din jude\u0163ul Neam\u0163.<\/p>\n<p>\u00cendeplinirea acestei misiuni, existen\u0163a noastr\u0103 ca asocia\u0163ie profesional\u0103, este condi\u0163ionat\u0103 de construirea \u015fi afirmarea propriei identit\u0103\u0163i, treptat, prin activit\u0103\u0163ile derulate, prin programele \u00een care ne-am implicat, prin calitatea membrilor no\u015ftri. Dac\u0103 am reu\u015fit acest lucru, dac\u0103 am reu\u015fit s\u0103 schimb\u0103m ceva fa\u0163\u0103 de perioada anterioar\u0103 ve\u0163i aprecia dumneavoastr\u0103 pornind de la acest raport.<\/p>\n<p>Sub sloganul \u201eTo\u0163i pentru \u015fcoal\u0103, \u015fcoal\u0103 pentru to\u0163i\u201d am urm\u0103rit patru direc\u0163ii strategice:<\/p>\n<p>* Consolidarea unei organiza\u0163ii puternice \u015fi stabile;<\/p>\n<p>* Construirea unei culturi organiza\u0163ionale;<\/p>\n<p>* Crearea \u015fi consolidarea unui parteneriat viabil la nivel local, regional, na\u0163ional \u015fi interna\u0163ional;<\/p>\n<p>* Diversificarea serviciilor \u015fi produselor oferite de AINT.<\/p>\n<p>Vom porni de la aceste direc\u0163ii pentru a putea vedea ce am f\u0103cut bine, ce nu am reu\u015fit, pentru a g\u00e2ndi \u00eempreun\u0103 viitoarele proiecte. Dintre ac\u0163iunile asocia\u0163iei noastre \u00een aceast\u0103 perioada men\u0163ion\u0103m:<\/p>\n<p>* Elaborarea surselor de informare a lucr\u0103torilor din \u015fcolile nem\u0163ene privind scopul, obiectivele \u015fi activit\u0103\u0163ile AINT; Am reu\u015fit s\u0103 ne prezent\u0103m ca organiza\u0163ie profesional\u0103 a tuturor cadrelor didactice \u00een aproape toate \u015fcolile din jude\u0163. Pentru aceasta am realizat mai multe materiale promo\u0163ionale (Mapa Ce este AINT?, Pliantul de prezentare a asocia\u0163iei, articolele publicate \u00een revista Apostolul \u015fi Revista AGIRo;<\/p>\n<p>* Adun\u0103ri \u00een teritoriu; organizarea seminarelor, conferin\u0163elor profesionale, organizarea \u00eentrunirilor cu reprezentan\u0163ii ISJ Neam\u0163, SLLICS Neam\u0163, cu directorii de \u015fcoli, vizite \u00een \u015fcoli, discu\u0163ii cu educatoare, \u00eenv\u0103\u0163\u0103tori, profesori; rezultatul: avem membrii \u00een peste 100 de \u015fcoli din jude\u0163;<\/p>\n<p>* Nu am reu\u015fit s\u0103 men\u0163inem o permanent\u0103 comunicare, formal\u0103 \u015fi non formal\u0103 cu to\u0163i membrii asocia\u0163iei. Poate acesta a fost unul din motivele pentru care unii membri au devenit \u201efo\u015fti membri\u201d.<\/p>\n<p>* fundamentarea activit\u0103\u0163ii pe o cultura organiza\u0163ional\u0103 construit\u0103 pe tradi\u0163ie, pe valori comune, pe personalit\u0103\u0163i adev\u0103rate, pe activit\u0103\u0163i perene cu un puternic impact \u00een comunitate.<\/p>\n<p>* S\u0103rb\u0103torirea Zilei \u00cenv\u0103\u0163\u0103torului, \u00een fiecare an, la 30 iunie, a\u015fa cum s-a stabilit la primul Congres al AGIRo din anul 1927; AINT a \u00eentreprins demersuri pe l\u00e2ng\u0103 parlamentarii nem\u0163eni \u00een vederea recunoa\u015fterii prin lege a acestei s\u0103rb\u0103tori;<\/p>\n<p>* Aniversarea, printr-o adunare festiv\u0103 la care au participat 120 de colegi, a 25 de ani de la re\u00eenfiin\u0163area AINT; proiectul a fost sus\u0163inut financiar de Consiliul local Piatra Neam\u0163 \u015fi Prim\u0103ria Piatra Neam\u0163;<\/p>\n<p>* Organizarea s\u0103rb\u0103torii revistei Apostolul: 2014 \u2013 80 de ani de la apari\u0163ia primului num\u0103r (noiembrie 1934) \u015fi 15 ani de la reeditare (martie 1999);<\/p>\n<p>* Acordarea, \u00eencep\u00e2nd cu anul 2016, \u00eempreun\u0103 cu Sindicatul Liber al Lucr\u0103torilor din \u00cenv\u0103\u0163\u0103m\u00e2nt a Premiilor revistei Apostolul: au fost acordate cinci premii pentru cinci profesori din \u00eenv\u0103\u0163\u0103m\u00e2ntul nem\u0163ean;<\/p>\n<p>* Aprobarea Regulamentului de organizare \u015fi func\u0163ionare a Consiliului director al AINT;<\/p>\n<p>* Cu bun sim\u0163 \u015fi respect fa\u0163\u0103 de trecut, nu ne-am uitat \u00eenainta\u015fii: \u00eei pre\u0163uim readuc\u00e2ndu-i \u00een memoria comunit\u0103\u0163ii prin simpozionul Dasc\u0103li nem\u0163eni de alt\u0103dat\u0103, organizat \u00een colaborare cu Muzeul de istorie din Piatra-Neam\u0163, prim comemor\u0103ri (Nicolae Apostol, Romel B\u00e2rjoveanu, Constantin Buga, \u015f.a.), articole \u00een revista Apostolul, prin Cartea de aur a AINT;<\/p>\n<p>* Comemorarea \u201e\u00eenv\u0103\u0163\u0103torilor eroi\u201d \u00een fiecare an la marea s\u0103rb\u0103toare a \u00cen\u0103l\u0163\u0103rii Domnului, la Biserica Sf\u00e2ntul Ioan Botez\u0103torul din incinta Cur\u0163ii domne\u015fti;<\/p>\n<p>* Conservarea \u015fi bazei materiale a asocia\u0163iei: au fost reabilitate cele dou\u0103 imobile aflate \u00een proprietatea AINT (Casa \u00eenv\u0103\u0163\u0103torului din strada Petru Rare\u015f 24 \u015fi C\u0103minul \u00eenv\u0103\u0163\u0103torilor din strada Mihai Sadoveanu 21);<\/p>\n<p>* Participarea la Congresele Asocia\u0163iei Generale a \u00cenv\u0103\u0163\u0103torilor din Rom\u00e2nia (AGIRo): 2013 \u2013 Slatina, 2014 \u2013 Suceava \u015fi Chi\u015fin\u0103u, 2015 \u2013 Cluj-Napoca, 2016 \u2013 Constan\u0163a \u015fi Eforie Sud;<\/p>\n<p>* Crearea \u015fi consolidarea unui parteneriat viabil la nivel local, regional, na\u0163ional \u015fi interna\u0163ional:<\/p>\n<p>\u2013 Cea mai mare reu\u015fit\u0103 au reprezentat-o parteneriate educa\u0163ionale \u00eencheiate cu unit\u0103\u0163ile \u015fcolare: C.N. \u201eGheorghe Asachi\u201d, Liceul de art\u0103 \u201eVictor Brauner\u201d P. Neam\u0163, C.N. \u201ePetru Rare\u015f\u201d, C.N. \u201eRoman Vod\u0103\u201d, Liceul Teh. Economic \u2013 Administrativ P. Neam\u0163, \u015ecoala Gimnazial\u0103 nr.3 P. Neam\u0163, \u015ecoala Gimnazial\u0103 nr.2, P. Neam\u0163, Liceul \u201eCarol I\u201d Bicaz, \u015ecoala Gimnazial\u0103 \u201eVasile Alecsandri\u201d din Roman, \u015ecoala Gimnazial\u0103 Go\u015fmani, com. Rom\u00e2ni, C.T. \u201eIon Creang\u0103\u201d, Tg. Neam\u0163, \u015ecoala Gimnazial\u0103 \u201eNicolae Apostol\u201d Ruginoasa, \u015ecoala Gimnazial\u0103 Bicaz Chei, \u015ecoala Gimnazial\u0103 V\u00e2n\u0103tori, \u015ecoala Gimnazial\u0103 \u201eDumitru Alma\u015f\u201d Negre\u015fti, \u015f.a.<\/p>\n<p>\u2013 Am organizat activit\u0103\u0163i \u00een parteneriat cu Biblioteca Jude\u0163ean\u0103 \u201eG. T. Kirileanu\u201d, Complexul Muzeal Jude\u0163ean, Asocia\u0163ia \u201eCultul Eroilor\u201d, Parohia Sf. Ioan de la Curtea domneasc\u0103, Asocia\u0163ia jude\u0163ean\u0103 a persoanelor v\u00e2rstnice.<\/p>\n<p>\u2013 Am colaborat foarte bine cu alte ONG-uri: Asocia\u0163ia montan\u0103 \u201eDr. Iacomi\u201d, Biroul de Consultan\u0163\u0103 pentru Cet\u0103\u0163eni P. Neam\u0163, Asocia\u0163ia profesorilor de istorie (APIR-Clio) Neam\u0163;<\/p>\n<p>\u2013 parteneriatul cu Editura \u201eCetatea Doamnei\u201d din Piatra Neam\u0163, care de fiecare dat\u0103 \u015fi-a manifestat sprijinul dezinteresat pentru ini\u0163iative;<\/p>\n<p>\u2013 colaborarea cu CCD Neam\u0163 s-a materializat\u0103 \u00een dou\u0103 activit\u0103\u0163i de amploare regional\u0103 \u015fi chiar na\u0163ional\u0103; parteneriatul \u015fi pe alte coordonate didactice \u015fi \u00een primul r\u00e2nd pe aceea a form\u0103rii continue a cadrelor didactice nu a avut succes;<\/p>\n<p>\u2013 Am g\u0103sit permanent un sprijin \u00een SLLICS Neam\u0163. \u00cempreun\u0103 edit\u0103m revista Apostolul. \u00cempreun\u0103 am organizat S\u0103rb\u0103toarea revistei la 28 martie 2014. \u00cempreun\u0103 vrem s\u0103 facem mai mult pentru binele financiar \u015fi spiritual al colegilor no\u015ftri;<\/p>\n<p>\u2013 identificarea unor obiective \u015fi activit\u0103\u0163i comune care s\u0103 sus\u0163in\u0103 un viitor parteneriat cu ISJ Neam\u0163;<\/p>\n<p>\u2013 semnarea unor protocoale de colaborare cu Asocia\u0163ia \u00cenv\u0103\u0163\u0103torilor Bac\u0103u \u015fi Asocia\u0163ia \u00cenv\u0103\u0163\u0103torilor Suceveni;<\/p>\n<p>\u2013 derularea unui parteneriat cu AJOFM Neam\u0163 privind implementarea de proiecte finan\u0163ate din instrumente structurale \u00een cadrul Programelor opera\u0163ionale, Axa prioritar\u0103 4 \u201eModernizarea serviciului public de ocupare\u201d;<\/p>\n<p>\u2013 AINT a fost acreditat\u0103 de Ministerul Muncii s\u0103 presteze servicii de informare \u015fi consiliere pentru persoanele aflate \u00een c\u0103utarea unui loc de munc\u0103 (conversie \u015fi reconversie profesional\u0103);<\/p>\n<p>\u2013 parteneriatul cu Biroul de Consiliere pentru Cet\u0103\u0163eni Piatra-Neam\u0163 \u00een Proiectul Mai aproape de Europa prin voluntariat;<\/p>\n<p>\u2013 parteneriatul cu Asocia\u0163ia profesorilor de istorie Neam\u0163 \u015fi Consiliul Jude\u0163ean Neam\u0163 \u00een organizarea Conferin\u0163ei interna\u0163ionale \u201eIstoria rom\u00e2nilor \u015fi criza identit\u0103\u0163ii na\u0163ionale. Memorandum-ul de la Neam\u0163\u201d, 10-12 septembrie 2015;<\/p>\n<p>\u2013 premierea elevilor participan\u0163i la olimpiadele \u015fi concursurile \u015fcolare;<\/p>\n<p>\u2013 parteneriatul cu Complexul Muzeal Neam\u0163\/Muzeul de istorie Roman \u00een proiectul \u201eMuzeul din \u015fcoala noastr\u0103 \u2013 atelier de crea\u0163ie \u015fi educa\u0163ie\u201d.<\/p>\n<p>* Proiecte educa\u0163ionale \u00een parteneriat cu unit\u0103\u0163i \u015fcolare din jude\u0163ul Neam\u0163:<\/p>\n<p>\u2013 Incursiune \u00een istoria \u00eenv\u0103\u0163\u0103m\u00e2ntului rom\u00e2nesc \u2013 partener \u015ecoala Gimnazial\u0103 \u201eVasile Alecsandri\u201d Roman;<\/p>\n<p>\u2013 Unirea Principatelor Rom\u00e2ne \u2013 Concurs na\u0163ional \u2013 partener \u015ecoala Gimnazial\u0103 \u201eProf. Gheorghe Dumitreasa\u201d \u2013 Girov \u015fi \u015ecoal\u0103 Gimnazial\u0103 \u201eNicolae Apostol\u201d \u2013 Ruginoasa;<\/p>\n<p>\u2013 Ion Creang\u0103, m\u0103r\u0163i\u015forul literaturii rom\u00e2ne \u2013 partener \u015ecoala Gimnazial\u0103 Go\u015fmani \u2013 Rom\u00e2ni;<\/p>\n<p>\u2013 1 Iunie \u2013 Z\u00e2mbet \u015fi Bucurie (edi\u0163ia a V-a) \u2013 partener \u015ecoala Gimnazial\u0103 \u201eNicolae Apostol\u201d \u2013 Ruginoasa;<\/p>\n<p>\u2013 ECOVIA\u0162A \u2013 simpozion na\u0163ional \u2013 partener Lic. Teh. Economic \u2013 Administrativ Piatra-Neam\u0163;<\/p>\n<p>\u2013 Valorile satului rom\u00e2nesc p\u0103strate \u00een muzeul etnografic \u2013 partener \u015ecoala Gimnazial\u0103 Dulce\u015fti;<\/p>\n<p>\u2013 M\u0103r\u0163i\u015foare, m\u0103r\u0163i\u015foare\u2026 \u2013 partener \u015ecoala Gimnazial\u0103 Nr. 3 Piatra-Neam\u0163;<\/p>\n<p>\u2013 Concursul de matematic\u0103 pentru elevii din ciclul primar \u2013 partener \u015ecoala Gimnazial\u0103 Nr. 3 Piatra-Neam\u0163;<\/p>\n<p>\u2013 Suflet de copil \u2013 concurs de desen \u2013 partener \u015ecoala Gimnazial\u0103 Nr. 2 Piatra-Neam\u0163;<\/p>\n<p>\u2013 Altfel de pove\u015fti \u2013 partener \u015ecoala Gimnazial\u0103 \u201eIustin P\u00e2rvu\u201d Poiana Teiului;<\/p>\n<p>\u2013 Basarabia, str\u0103vechi p\u0103m\u00e2nt rom\u00e2nesc \u2013 CN \u201eRoman Vod\u0103\u201d Roman;<\/p>\n<p>\u2013 Cinste eroilor (edi\u0163ia a IV-a) \u2013 CT \u201eIon Creang\u0103\u201d Tg. Neam\u0163;<\/p>\n<p>\u2013 1 Decembrie 1918 \u2013 UN vis \u00eemplinit \u2013 Rom\u00e2nia Mare \u2013 partener CCD Neam\u0163;<\/p>\n<p>\u2013 Dincolo de c\u0103r\u0163i \u2013 partener Lic. Teh. Economic \u2013 Administrativ Piatra-Neam\u0163;<\/p>\n<p>\u2013 Omagiu Doamnei \u00eenv\u0103\u0163\u0103toare \u2013 partener \u015ecoala Gimnazial\u0103 Nr. 3 Piatra-Neam\u0163.<\/p>\n<p>&nbsp;<\/p>\n<p>AINT<\/p>\n","protected":false},"excerpt":{"rendered":"<p>&nbsp; Activitatea AINT s-a desf\u0103\u015furat sub conducerea Adun\u0103rii Generale \u015fi a Consiliului Director \u00een concordan\u0163\u0103 cu Strategia de dezvoltare 2013-2017 aprobat\u0103 de organul suprem de conducere al asocia\u0163iei. La cei peste 100 de ani de la \u00eenfiin\u0163are \u015fi 25 de&hellip;<\/p>\n<p class=\"more-link-p\"><a class=\"more-link\" href=\"http:\/\/www.slineamt.ro\/apostolul\/viata-sindicala-imperative\/raport-asupra-activitatii-desfasurate-de-asociatia-invatatorilor-din-judetul-neamt-aint-in-perioada-2013-2017\/\">Read more &rarr;<\/a><\/p>\n","protected":false},"author":1,"featured_media":0,"comment_status":"open","ping_status":"closed","sticky":false,"template":"","format":"standard","meta":{"footnotes":""},"categories":[11,137],"tags":[],"class_list":["post-7280","post","type-post","status-publish","format-standard","hentry","category-viata-sindicala-imperative","category-numarul-198"],"_links":{"self":[{"href":"http:\/\/www.slineamt.ro\/apostolul\/wp-json\/wp\/v2\/posts\/7280","targetHints":{"allow":["GET"]}}],"collection":[{"href":"http:\/\/www.slineamt.ro\/apostolul\/wp-json\/wp\/v2\/posts"}],"about":[{"href":"http:\/\/www.slineamt.ro\/apostolul\/wp-json\/wp\/v2\/types\/post"}],"author":[{"embeddable":true,"href":"http:\/\/www.slineamt.ro\/apostolul\/wp-json\/wp\/v2\/users\/1"}],"replies":[{"embeddable":true,"href":"http:\/\/www.slineamt.ro\/apostolul\/wp-json\/wp\/v2\/comments?post=7280"}],"version-history":[{"count":1,"href":"http:\/\/www.slineamt.ro\/apostolul\/wp-json\/wp\/v2\/posts\/7280\/revisions"}],"predecessor-version":[{"id":7283,"href":"http:\/\/www.slineamt.ro\/apostolul\/wp-json\/wp\/v2\/posts\/7280\/revisions\/7283"}],"wp:attachment":[{"href":"http:\/\/www.slineamt.ro\/apostolul\/wp-json\/wp\/v2\/media?parent=7280"}],"wp:term":[{"taxonomy":"category","embeddable":true,"href":"http:\/\/www.slineamt.ro\/apostolul\/wp-json\/wp\/v2\/categories?post=7280"},{"taxonomy":"post_tag","embeddable":true,"href":"http:\/\/www.slineamt.ro\/apostolul\/wp-json\/wp\/v2\/tags?post=7280"}],"curies":[{"name":"wp","href":"https:\/\/api.w.org\/{rel}","templated":true}]}}