{"id":8480,"date":"2017-07-03T16:21:59","date_gmt":"2017-07-03T16:21:59","guid":{"rendered":"http:\/\/www.slineamt.ro\/apostolul\/?p=8480"},"modified":"2017-07-03T16:21:59","modified_gmt":"2017-07-03T16:21:59","slug":"omagiu-primei-mele-invatatoare","status":"publish","type":"post","link":"http:\/\/www.slineamt.ro\/apostolul\/eveniment\/omagiu-primei-mele-invatatoare\/","title":{"rendered":"Omagiu primei mele \u00eenv\u0103\u0163\u0103toare"},"content":{"rendered":"<p>Ziua de 30 iunie, s\u0103rb\u0103toarea tradi\u0163ional\u0103 a d\u0103sc\u0103limii, cap\u0103t\u0103 an de an noi dimensiuni \u015fi treze\u015fte \u00een mine amintirea vremurilor de alt\u0103 dat\u0103, motiv pentru care aduc ast\u0103zi un omagiu primei mele \u00eenv\u0103\u0163\u0103toare, ANETA MANOLIU din \u015ecoala Ceahl\u0103u.<\/p>\n<p>S-a n\u0103scut \u00een anul 1908 \u00een satul R\u0103pciuni\u0163a din comuna Ceahl\u0103u, fiind unul din cei 13 copii ai familiei Gheorghe \u015fi Maria Ciucanu. Locul na\u015fterii sale, bogat \u00een p\u0103duri \u015fi p\u0103\u015funi, este d\u0103ruit de Dumnezeu \u015fi de reformele regelui Ferdinand, cu terenuri arabile \u00een lunca Bistri\u0163ei, iar mai apoi, dup\u0103 al doilea r\u0103zboi mondial, cu parcele de p\u0103\u015funi \u015fi f\u00e2ne\u0163e sub muntele Ceahl\u0103u.<\/p>\n<p>Aneta s-a remarcat repede dintre copii familiei, av\u00e2nd calit\u0103\u0163i fizice \u015fi intelectuale deosebite, motiv pentru care tat\u0103l s\u0103u a trimis-o la Gimnaziu la Hangu, pe care \u00eel absolv\u0103 cu note foarte bune, primind recomandarea s\u0103-\u015fi continue studiile. Familia a sus\u0163inut-o material pentru a \u00eenv\u0103\u0163a la \u015ecoala Normal\u0103 Pedagogic\u0103 din Bac\u0103u ca s\u0103 devin\u0103 \u00eenv\u0103\u0163\u0103toare. T\u00e2n\u0103ra absolvent\u0103, proasp\u0103t \u015fcolit\u0103, vine acas\u0103 unde profeseaz\u0103 la mai multe \u015fcoli din comunele de pe Valea Bistri\u0163ei: Bistricioara, Galu, Ta\u015fca, Ceahl\u0103u, urm\u00e2ndu-\u015fi so\u0163ul care era notar. Dup\u0103 1954, este numit\u0103 \u00eenv\u0103\u0163\u0103toare la Ceahl\u0103u, care \u00een acea vreme era re\u015fedin\u0163\u0103 de raion, iar mama mea, ca s\u0103 m\u0103 mai adune de pe drumuri, hot\u0103r\u0103\u015fte cu \u00eenv\u0103\u0163\u0103toarea s\u0103 m\u0103 dea la \u015fcoal\u0103 \u00een clasa I, chiar dac\u0103 aveam \u015fase ani \u015fi c\u00e2teva luni. Nu \u00eencerc s\u0103 o \u00eembrac \u00een straie de geniu, dar prima mea \u00eenv\u0103\u0163\u0103toare avea ochii c\u0103prui p\u0103trunz\u0103tori, era t\u00e2n\u0103r\u0103, frumoas\u0103, \u00eenalt\u0103, cu o voce cristalin\u0103, cins\u00adtit\u0103, iubit\u0103 \u015fi priceput\u0103 s\u0103 ne pun\u0103 condeiul \u00een m\u00e2n\u0103 \u015fi s\u0103 aib\u0103 r\u0103bdare cu noi, copii veni\u0163i s\u0103 dea piept cu literele \u015fi cifrele. Era o \u00eenv\u0103\u0163\u0103toare motivat\u0103 de voca\u0163ie care, chiar dac\u0103 nu a fost binecuv\u00e2ntat\u0103 de Dumnezeu cu proprii copii, a \u015ftiut s\u0103 tr\u0103iasc\u0103 pentru al\u0163ii \u015fi s\u0103 dea str\u0103lucire splendidei \u015fi celei mai de sus alc\u0103tuiri a lui Dumnezeu, numit\u0103 OM. (&#8230;)<\/p>\n<p>La lectur\u0103, doamna \u00eenv\u0103\u0163\u0103toare nu ne spunea numai pove\u015fti cu fe\u0163i frumo\u015fi \u015fi Ilene Cos\u00e2nzene, ci ne povestea ne\u00eentrecut de frumos legendele Ceahl\u0103ului, (Panaghia, Dochia, Turnul lui Budu, C\u0103ciula Doroban\u0163ului, Piatra cu Ap\u0103 sau a Gardul St\u0103nilelor), care sunt emblemele \u0163inutului nostru de care suntem foarte m\u00e2ndri \u015fi la care ne raport\u0103m mereu, oriunde am fi. A\u015fa a fost \u00eenv\u0103\u0163\u0103toarea noastr\u0103 ANETA MANOLIU, care indiferent unde a func\u0163ionat, s-a \u00eentors de fiecare dat\u0103 la poalele Ceahl\u0103ului, locuind \u00eentr-o cas\u0103 modest\u0103. Acolo s-a stins \u00een lini\u015fte, demnitate \u015fi senin\u0103tate, a\u015fa cum a tr\u0103it p\u00e2n\u0103 la venerabila v\u00e2rst\u0103 de 88 de ani, cu visurile \u00eemplinite de femeie adev\u0103rat\u0103, l\u0103s\u00e2nd pentru urma\u015fi un nume apreciat \u015fi cinstit de to\u0163i cei care i-au fost \u00een preajm\u0103. \u00cenchei, exprim\u00e2ndu-mi, \u015fi pe aceast\u0103 cale, recuno\u015ftin\u0163a fa\u0163\u0103 de \u201eM\u0103ria Sa\u201d \u00eenv\u0103\u0163\u0103toarea care a fost primul meu model ce a r\u0103mas \u00eentip\u0103rit ca o icoan\u0103 \u00een memoria mea.<\/p>\n<p>&nbsp;<\/p>\n<p>Prof. Tatiana ANTONOVICI<\/p>\n","protected":false},"excerpt":{"rendered":"<p>Ziua de 30 iunie, s\u0103rb\u0103toarea tradi\u0163ional\u0103 a d\u0103sc\u0103limii, cap\u0103t\u0103 an de an noi dimensiuni \u015fi treze\u015fte \u00een mine amintirea vremurilor de alt\u0103 dat\u0103, motiv pentru care aduc ast\u0103zi un omagiu primei mele \u00eenv\u0103\u0163\u0103toare, ANETA MANOLIU din \u015ecoala Ceahl\u0103u. S-a n\u0103scut&hellip;<\/p>\n<p class=\"more-link-p\"><a class=\"more-link\" href=\"http:\/\/www.slineamt.ro\/apostolul\/eveniment\/omagiu-primei-mele-invatatoare\/\">Read more &rarr;<\/a><\/p>\n","protected":false},"author":1,"featured_media":0,"comment_status":"open","ping_status":"closed","sticky":false,"template":"","format":"standard","meta":{"footnotes":""},"categories":[18,149],"tags":[],"class_list":["post-8480","post","type-post","status-publish","format-standard","hentry","category-eveniment","category-200-iunie-2017"],"_links":{"self":[{"href":"http:\/\/www.slineamt.ro\/apostolul\/wp-json\/wp\/v2\/posts\/8480","targetHints":{"allow":["GET"]}}],"collection":[{"href":"http:\/\/www.slineamt.ro\/apostolul\/wp-json\/wp\/v2\/posts"}],"about":[{"href":"http:\/\/www.slineamt.ro\/apostolul\/wp-json\/wp\/v2\/types\/post"}],"author":[{"embeddable":true,"href":"http:\/\/www.slineamt.ro\/apostolul\/wp-json\/wp\/v2\/users\/1"}],"replies":[{"embeddable":true,"href":"http:\/\/www.slineamt.ro\/apostolul\/wp-json\/wp\/v2\/comments?post=8480"}],"version-history":[{"count":1,"href":"http:\/\/www.slineamt.ro\/apostolul\/wp-json\/wp\/v2\/posts\/8480\/revisions"}],"predecessor-version":[{"id":8483,"href":"http:\/\/www.slineamt.ro\/apostolul\/wp-json\/wp\/v2\/posts\/8480\/revisions\/8483"}],"wp:attachment":[{"href":"http:\/\/www.slineamt.ro\/apostolul\/wp-json\/wp\/v2\/media?parent=8480"}],"wp:term":[{"taxonomy":"category","embeddable":true,"href":"http:\/\/www.slineamt.ro\/apostolul\/wp-json\/wp\/v2\/categories?post=8480"},{"taxonomy":"post_tag","embeddable":true,"href":"http:\/\/www.slineamt.ro\/apostolul\/wp-json\/wp\/v2\/tags?post=8480"}],"curies":[{"name":"wp","href":"https:\/\/api.w.org\/{rel}","templated":true}]}}