{"id":884,"date":"2011-09-18T14:16:36","date_gmt":"2011-09-18T14:16:36","guid":{"rendered":"http:\/\/www.cnrv.ro\/apostolul\/?p=884"},"modified":"2011-09-18T14:16:36","modified_gmt":"2011-09-18T14:16:36","slug":"scoala-altfel-si-la-fel","status":"publish","type":"post","link":"http:\/\/www.slineamt.ro\/apostolul\/scoala-nemteana-la-zi\/scoala-altfel-si-la-fel\/","title":{"rendered":"\u0218coala altfel \u0219i la fel"},"content":{"rendered":"<p>\u00a0<em>Noul an \u015fcolar are vacan\u0163e mai mari \u015fi cursuri mai pu\u0163ine<\/em><\/p>\n<p>Prima zi a noului an \u015fcolar, 12 septembrie, este aproape. Elevii \u015fi dasc\u0103lii se\u00a0 preg\u0103tesc pentru \u00eentoarcerea \u00een s\u0103lile de curs, \u00een care vor sta 36 de s\u0103pt\u0103m\u00eeni, adic\u0103 177 de zile. Ca m\u0103rime, anul \u015fcolar 2011-2012 nu se deosebe\u015fte mult de precedentele, dar va avea un con\u0163inut modificat. Diferit\u0103 este durata vacan\u0163elor de iarn\u0103 \u015fi Pa\u015fte, care vor avea trei s\u0103pt\u0103m\u00eeni.<br \/>\nNoutatea absolut\u0103 o reprezint\u0103 \u00eens\u0103 programul &#8222;\u015ecoala altfel&#8221;, care se va derula sub forma unor activit\u0103\u0163i extra\u015fcolare, \u00een prima s\u0103pt\u0103m\u00een\u0103 din luna aprilie, \u00eenaintea Pa\u015ftelui. Elevii \u00ee\u015fi aleg \u00eenc\u0103 din primul semestru ce fel de activit\u0103\u0163i \u00ee\u015fi doresc \u00een aceast\u0103 perioad\u0103. Participarea la program este obligatorie \u015fi va fi punctat\u0103 \u00een catalog, la rubrica &#8222;Purtare&#8221;. Activit\u0103\u0163ile vor fi evaluate, dar nu \u015fi notate.<br \/>\n\u00cen s\u0103pt\u0103m\u00eena &#8222;\u015ecoala altfel&#8221;, vor fi organizate activit\u0103\u0163i culturale, tehnico-\u015ftiin\u0163ifice, sportive, activit\u0103\u0163i de educa\u0163ie pentru cet\u0103\u0163enie democratic\u0103, pentru promovarea valorilor umanitare, inclusiv voluntariat, caritate, implicarea \u00een via\u0163a activ\u0103 \u00een societate, responsabilitate social\u0103, rela\u0163ii de comunicare. Elevii vor mai putea participa la activit\u0103\u0163i pentru s\u0103n\u0103tate \u015fi stil de via\u0163\u0103 s\u0103n\u0103tos, inclusiv referitoare la siguran\u0163a pe internet, dependen\u0163\u0103 de calculator, activit\u0103\u0163i de educa\u0163ie ecologic\u0103 \u015fi de protec\u0163ia mediului, respectiv cele care \u0163in de colectare selectiv\u0103, economisirea energiei \u015fi energii alternative. De asemenea, vor putea fi organizate activit\u0103\u0163i de educa\u0163ie rutier\u0103, paz\u0103 pentru stingerea incendiilor, educa\u0163ie pentru reac\u0163ii corecte \u00een situa\u0163ii de urgen\u0163\u0103.<\/p>\n<p>\u00cen aceea\u015fi perioad\u0103 sunt organizate \u015fi olimpiadele \u015fcolare.<\/p>\n<p><strong>Structura anului \u015fcolar 2011-2012<\/strong><br \/>\n<strong>Semestrul I<\/strong><br \/>\n&#8211; 12 septembrie- 22 octombrie\u00a0 2011, cursuri;<br \/>\n&#8211; 23-30 octombrie 2011, vacan\u0163\u0103 pentru clasele primare \u015fi pre\u015fcolari;<br \/>\n&#8211; 1 noiembrie &#8211; 23 decembrie\u00a0 2011, cursuri;<br \/>\n&#8211; 24 decembrie 2011-15 ianuarie 2012, vacan\u0163\u0103 de iarn\u0103.<\/p>\n<p><strong>Semestrul al II-lea<\/strong><br \/>\n&#8211; 16 ianuarie &#8211; 1 aprilie 2012, cursuri;<br \/>\n&#8211; 2-6 aprilie 2012, \u015ecoala altfel;<br \/>\n&#8211; 7 aprilie- 22 aprilie 2012, vacan\u0163\u0103 de prim\u0103var\u0103;<br \/>\n&#8211; 23 aprilie &#8211; 22 iunie 2012, cursuri;<br \/>\n&#8211; 23 iunie &#8211; 9 septembrie 2012, vacan\u0163\u0103 de var\u0103.<\/p>\n<p>&#8211; Cursurile claselor terminale se \u00eencheie la 1 iunie 2012;<br \/>\n&#8211; Cursurile claselor a VIII-a se \u00eencheie la 15 iunie 2012;<\/p>\n<p>&#8211; Zilele de joi, 1 decembrie 2011 (Ziua Na\u0163ional\u0103 a Rom\u00e2niei), mar\u0163i, 1 mai 2012 (Ziua Muncii) \u015fi luni, 4 iunie (a doua zi de Rusalii) sunt libere \u015fi nu se organizeaz\u0103 cursuri.<br \/>\nTezele din semestrul I al anului \u015fcolar 2011-2012 se sus\u0163in, de regul\u0103, p\u00een\u0103 la data de 30 noiembrie, iar cele pentru semestrul II p\u00een\u0103 la 25 mai.<\/p>\n<p>M. DR\u0102GOI<\/p>\n","protected":false},"excerpt":{"rendered":"<p>\u00a0Noul an \u015fcolar are vacan\u0163e mai mari \u015fi cursuri mai pu\u0163ine Prima zi a noului an \u015fcolar, 12 septembrie, este aproape. Elevii \u015fi dasc\u0103lii se\u00a0 preg\u0103tesc pentru \u00eentoarcerea \u00een s\u0103lile de curs, \u00een care vor sta 36 de s\u0103pt\u0103m\u00eeni, adic\u0103&hellip;<\/p>\n<p class=\"more-link-p\"><a class=\"more-link\" href=\"http:\/\/www.slineamt.ro\/apostolul\/scoala-nemteana-la-zi\/scoala-altfel-si-la-fel\/\">Read more &rarr;<\/a><\/p>\n","protected":false},"author":1,"featured_media":0,"comment_status":"closed","ping_status":"closed","sticky":false,"template":"","format":"standard","meta":{"footnotes":""},"categories":[10,27],"tags":[],"class_list":["post-884","post","type-post","status-publish","format-standard","hentry","category-scoala-nemteana-la-zi","category-numarul-139"],"_links":{"self":[{"href":"http:\/\/www.slineamt.ro\/apostolul\/wp-json\/wp\/v2\/posts\/884","targetHints":{"allow":["GET"]}}],"collection":[{"href":"http:\/\/www.slineamt.ro\/apostolul\/wp-json\/wp\/v2\/posts"}],"about":[{"href":"http:\/\/www.slineamt.ro\/apostolul\/wp-json\/wp\/v2\/types\/post"}],"author":[{"embeddable":true,"href":"http:\/\/www.slineamt.ro\/apostolul\/wp-json\/wp\/v2\/users\/1"}],"replies":[{"embeddable":true,"href":"http:\/\/www.slineamt.ro\/apostolul\/wp-json\/wp\/v2\/comments?post=884"}],"version-history":[{"count":0,"href":"http:\/\/www.slineamt.ro\/apostolul\/wp-json\/wp\/v2\/posts\/884\/revisions"}],"wp:attachment":[{"href":"http:\/\/www.slineamt.ro\/apostolul\/wp-json\/wp\/v2\/media?parent=884"}],"wp:term":[{"taxonomy":"category","embeddable":true,"href":"http:\/\/www.slineamt.ro\/apostolul\/wp-json\/wp\/v2\/categories?post=884"},{"taxonomy":"post_tag","embeddable":true,"href":"http:\/\/www.slineamt.ro\/apostolul\/wp-json\/wp\/v2\/tags?post=884"}],"curies":[{"name":"wp","href":"https:\/\/api.w.org\/{rel}","templated":true}]}}