{"id":887,"date":"2011-09-18T14:17:47","date_gmt":"2011-09-18T14:17:47","guid":{"rendered":"http:\/\/www.cnrv.ro\/apostolul\/?p=887"},"modified":"2011-09-18T14:17:47","modified_gmt":"2011-09-18T14:17:47","slug":"noi-titulari","status":"publish","type":"post","link":"http:\/\/www.slineamt.ro\/apostolul\/scoala-nemteana-la-zi\/noi-titulari\/","title":{"rendered":"Noi titulari"},"content":{"rendered":"<p>103 profesori, \u00eenv\u0103\u0163\u0103tori sau educatoare care ocup\u0103 \u00een acest an \u015fcolar posturi\/catedre ca suplinitori califica\u0163i \u015fi care au ob\u0163inut la concursul de titularizare note peste \u015fapte  au devenit, la 1 septembrie, titulari pe respectivele posturi\/catedre. Cei \u00een cauz\u0103 au depus la Inspectoratul \u015fcolar Jude\u0163ean Neam\u0163 dosarele de candidatur\u0103, dup\u0103 ce \u00een prealabil au ob\u0163inut acordul din partea consiliilor de administra\u0163ie ale \u015fcolilor la care predau \u015fi confirmarea c\u0103 posturile vizate au o viabilitate minim\u0103 de patru ani. Majoritatea sunt profesori de limba \u015fi literatura rom\u00e2n\u0103 \u015fi de limbi str\u0103ine, discipline la care suntem deficitari la capitolul titulari. Alte 52 de cereri au fost respinse, deoarece nu au fost respectate toate cerin\u0163ele prev\u0103zute de preciz\u0103rile ministerului (mai ales cerin\u0163a repartiz\u0103rii pe post \u00een \u015fedin\u0163\u0103 public\u0103).<br \/>\nPentru cei 103 viitori titulari s-au emis deciziile de repartizare pe perioad\u0103 nedeterminat\u0103 \u00eencep\u00eend cu 1 septembrie 2011, cu precizarea unit\u0103\u0163ii de \u00eenv\u0103\u0163\u0103m\u00eent cu personalitate juridic\u0103, postului didactic\/catedrei, nivelului de \u00eenv\u0103\u0163\u0103m\u00eent, limbii de predare \u015fi a regimului de mediu.<\/p>\n","protected":false},"excerpt":{"rendered":"<p>103 profesori, \u00eenv\u0103\u0163\u0103tori sau educatoare care ocup\u0103 \u00een acest an \u015fcolar posturi\/catedre ca suplinitori califica\u0163i \u015fi care au ob\u0163inut la concursul de titularizare note peste \u015fapte au devenit, la 1 septembrie, titulari pe respectivele posturi\/catedre. Cei \u00een cauz\u0103 au depus&hellip;<\/p>\n<p class=\"more-link-p\"><a class=\"more-link\" href=\"http:\/\/www.slineamt.ro\/apostolul\/scoala-nemteana-la-zi\/noi-titulari\/\">Read more &rarr;<\/a><\/p>\n","protected":false},"author":1,"featured_media":0,"comment_status":"closed","ping_status":"closed","sticky":false,"template":"","format":"standard","meta":{"footnotes":""},"categories":[10,27],"tags":[],"class_list":["post-887","post","type-post","status-publish","format-standard","hentry","category-scoala-nemteana-la-zi","category-numarul-139"],"_links":{"self":[{"href":"http:\/\/www.slineamt.ro\/apostolul\/wp-json\/wp\/v2\/posts\/887","targetHints":{"allow":["GET"]}}],"collection":[{"href":"http:\/\/www.slineamt.ro\/apostolul\/wp-json\/wp\/v2\/posts"}],"about":[{"href":"http:\/\/www.slineamt.ro\/apostolul\/wp-json\/wp\/v2\/types\/post"}],"author":[{"embeddable":true,"href":"http:\/\/www.slineamt.ro\/apostolul\/wp-json\/wp\/v2\/users\/1"}],"replies":[{"embeddable":true,"href":"http:\/\/www.slineamt.ro\/apostolul\/wp-json\/wp\/v2\/comments?post=887"}],"version-history":[{"count":0,"href":"http:\/\/www.slineamt.ro\/apostolul\/wp-json\/wp\/v2\/posts\/887\/revisions"}],"wp:attachment":[{"href":"http:\/\/www.slineamt.ro\/apostolul\/wp-json\/wp\/v2\/media?parent=887"}],"wp:term":[{"taxonomy":"category","embeddable":true,"href":"http:\/\/www.slineamt.ro\/apostolul\/wp-json\/wp\/v2\/categories?post=887"},{"taxonomy":"post_tag","embeddable":true,"href":"http:\/\/www.slineamt.ro\/apostolul\/wp-json\/wp\/v2\/tags?post=887"}],"curies":[{"name":"wp","href":"https:\/\/api.w.org\/{rel}","templated":true}]}}