{"id":899,"date":"2011-09-18T14:21:10","date_gmt":"2011-09-18T14:21:10","guid":{"rendered":"http:\/\/www.cnrv.ro\/apostolul\/?p=899"},"modified":"2011-09-18T14:21:10","modified_gmt":"2011-09-18T14:21:10","slug":"maria-sa-elevul","status":"publish","type":"post","link":"http:\/\/www.slineamt.ro\/apostolul\/nesfarsita-noastra-tranzitie\/maria-sa-elevul\/","title":{"rendered":"M\u0103ria sa elevul?"},"content":{"rendered":"<p>Conform proverbului &#8222;toamna se num\u0103r\u0103 bobocii&#8221;, s-a desf\u0103\u015furat sesiunea de toamn\u0103 a bacalaureatului&#8230;  ba  mai   mult s-au afi\u015fat \u015fi rezultatele, care de\u015fi nu trebuia s\u0103 mai surprind\u0103 pe nimeni, au generat destule dicu\u0163ii de &#8222;analiz\u0103&#8221; din partea acelor persoane care nu au nimic \u00een comun cu \u015fcoala sau cu educa\u0163ia &#8230; \u00cens\u0103, cum tot rom\u00e2nul se pricepe la fotbal \u015fi la politic\u0103&#8230;, de ce s\u0103 nu-\u015fi dea cu p\u0103rerea \u015fi la \u00eenv\u0103\u0163\u0103m\u00eent&#8230;?  Au invadat posturile televiziunilor tot felul de specimene care de care mai&#8230; &#8222;interesante&#8221; \u00een ceea ce prive\u015fte optica \u015fi modul de a aborda problema instruirii \u015fi a educa\u0163iei \u00een \u015fcoala rom\u00e2neasc\u0103 actual\u0103. &#8222;Invita\u0163i de profesie&#8221; \u015fi fo\u015fti mini\u015ftri ai educa\u0163iei \u00een perioada post-decembrist\u0103, fac ni\u015fte afirma\u0163ii simple \u015fi f\u0103r\u0103 vreun fundament referitoare la sistemul nostru na\u0163ional de \u00eenv\u0103\u0163\u0103m\u00eent. Ei au uitat cu to\u0163ii c\u0103 au contribuit, mai mult sau mai pu\u0163in, la distrugerea \u00eenv\u0103\u0163\u0103m\u00eentului \u015fi de faptul c\u0103 &#8222;pe\u015ftele de la cap se impute&#8230;&#8221;<br \/>\nAv\u00eend \u00een vedere procentul absolven\u0163ilor reu\u015fi\u0163i la sesiunea din var\u0103 a examenului de bacalaureat \u015fi intuind calitatea preg\u0103tirii celor \u00eenscri\u015fi pentru aceast\u0103 sesiune, rezultatele nu puteau fi mai mult dec\u00eet cele pe care le-am v\u0103zut \u015fi tr\u0103it cu to\u0163ii.<br \/>\nUnii au dat vina pe camerele de supraveghere montate din ordinul ministrului Funeriu&#8230;. (mama lui!), al\u0163ii pe faptul c\u0103 subiectele au avut un grad de complexitate \u015fi dificultate ridicat, al\u0163ii pe faptul c\u0103 &#8222;bie\u0163ii elevi nici nu mai \u015ftiu ce s\u0103 \u00eenve\u0163e cu at\u00eetea schimb\u0103ri&#8221;&#8230; \u015fi motiva\u0163iile \u015fi-ar putea urma cursul&#8230;.<br \/>\nDac\u0103 &#8222;m\u0103ria sa&#8221; elevul a pierdut timpul \u015fi a risipit banii p\u0103rin\u0163ilor pe toat\u0103 durata liceului f\u0103r\u0103 a pune m\u00eena c\u00eet de c\u00eet pe carte&#8230; ce s\u0103-i faci? \u015ei apoi&#8230;, \u00eentr-o alt\u0103 ordine de idei, \u00een societatea actual\u0103, c\u00eend ierarhia valorilor este cu totul alta&#8230; la ce i-ar folosi cartea? Mai bine ajungi c\u00eent\u0103re\u0163 de manele sau participi la casting-uri pentru selec\u0163ia \u00een telenovele dec\u00eet s\u0103-\u0163i uzezi neuronii \u015fi s\u0103 toce\u015fti coatele pe b\u0103ncile \u015fcolii&#8230;. La ce \u00ee\u0163i este bun s\u0103 mai cuno\u015fti operele literare reprezentative precum Baltagul, Morome\u0163ii, Me\u015fterul Manole, Luceaf\u0103rul etc.?<br \/>\nAzi \u015fcoala a ajuns ceva demodat, este ceva&#8230; o societate gen Nicoleta Luciu, Oana Z\u0103voranu, Sexy Br\u0103ileanca, Marian Valorosu&#8217; sau Fernando de la Caransebe\u015f constituie exemple de urmat pentru tinerele genera\u0163ii&#8230;.<br \/>\nB\u0103ie\u0163i,  v\u0103 \u00eendemn: Trece\u0163i bac-ul!<\/p>\n<p> Un Bac \u00e0 la Ureat<\/p>\n","protected":false},"excerpt":{"rendered":"<p>Conform proverbului &#8222;toamna se num\u0103r\u0103 bobocii&#8221;, s-a desf\u0103\u015furat sesiunea de toamn\u0103 a bacalaureatului&#8230; ba mai mult s-au afi\u015fat \u015fi rezultatele, care de\u015fi nu trebuia s\u0103 mai surprind\u0103 pe nimeni, au generat destule dicu\u0163ii de &#8222;analiz\u0103&#8221; din partea acelor persoane care&hellip;<\/p>\n<p class=\"more-link-p\"><a class=\"more-link\" href=\"http:\/\/www.slineamt.ro\/apostolul\/nesfarsita-noastra-tranzitie\/maria-sa-elevul\/\">Read more &rarr;<\/a><\/p>\n","protected":false},"author":1,"featured_media":0,"comment_status":"closed","ping_status":"closed","sticky":false,"template":"","format":"standard","meta":{"footnotes":""},"categories":[19,27],"tags":[],"class_list":["post-899","post","type-post","status-publish","format-standard","hentry","category-nesfarsita-noastra-tranzitie","category-numarul-139"],"_links":{"self":[{"href":"http:\/\/www.slineamt.ro\/apostolul\/wp-json\/wp\/v2\/posts\/899","targetHints":{"allow":["GET"]}}],"collection":[{"href":"http:\/\/www.slineamt.ro\/apostolul\/wp-json\/wp\/v2\/posts"}],"about":[{"href":"http:\/\/www.slineamt.ro\/apostolul\/wp-json\/wp\/v2\/types\/post"}],"author":[{"embeddable":true,"href":"http:\/\/www.slineamt.ro\/apostolul\/wp-json\/wp\/v2\/users\/1"}],"replies":[{"embeddable":true,"href":"http:\/\/www.slineamt.ro\/apostolul\/wp-json\/wp\/v2\/comments?post=899"}],"version-history":[{"count":0,"href":"http:\/\/www.slineamt.ro\/apostolul\/wp-json\/wp\/v2\/posts\/899\/revisions"}],"wp:attachment":[{"href":"http:\/\/www.slineamt.ro\/apostolul\/wp-json\/wp\/v2\/media?parent=899"}],"wp:term":[{"taxonomy":"category","embeddable":true,"href":"http:\/\/www.slineamt.ro\/apostolul\/wp-json\/wp\/v2\/categories?post=899"},{"taxonomy":"post_tag","embeddable":true,"href":"http:\/\/www.slineamt.ro\/apostolul\/wp-json\/wp\/v2\/tags?post=899"}],"curies":[{"name":"wp","href":"https:\/\/api.w.org\/{rel}","templated":true}]}}