{"id":901,"date":"2011-09-18T14:21:48","date_gmt":"2011-09-18T14:21:48","guid":{"rendered":"http:\/\/www.cnrv.ro\/apostolul\/?p=901"},"modified":"2011-09-18T14:21:48","modified_gmt":"2011-09-18T14:21:48","slug":"scoala-pusa-la-zid","status":"publish","type":"post","link":"http:\/\/www.slineamt.ro\/apostolul\/nesfarsita-noastra-tranzitie\/scoala-pusa-la-zid\/","title":{"rendered":"\u0218coala, pus\u0103 la zid"},"content":{"rendered":"<p>Au trecut \u015fase ani de c\u00e2nd m-am desp\u0103r\u0163it de \u015fcoal\u0103, intr\u00e2nd \u00een r\u00e2ndul pensionarilor. N-am mai vrut s\u0103 iau ore la nici o \u015fcoal\u0103, am hot\u0103r\u00e2t s\u0103 p\u0103strez leg\u0103tura cu mi\u015fcarea sindical\u0103 \u015fi s\u0103 \u00eencerc al\u0103turi de al\u0163i colegi pensionari sau \u00een activitate s\u0103 revigor\u0103m Asocia\u0163ia \u00cenv\u0103\u0163\u0103torilor din jude\u0163ul Neam\u0163.<br \/>\nExamenul de bacalaureat din acest an, prin modul \u00een care a fost organizat \u015fi, mai ales, prin rezultatele slabe, dac\u0103 nu dezastruoase, m-au determinat s\u0103 \u00eencerc c\u00e2teva observa\u0163ii \u015fi reflec\u0163ii ca fost profesor de limba \u015fi literatura rom\u00e2n\u0103 \u015fi poate \u015fi ca fost inspector \u015fcolar la aceea\u015fi specialitate.<br \/>\nCeea ce s-a \u00eent\u00e2mplat \u00een acest an, trebuia s\u0103 se \u00eent\u00e2mple odat\u0103, c\u0103ci de 21 de ani, \u00een aceast\u0103 \u0163ar\u0103, a\u015fadar \u015fi \u00een \u00eenv\u0103\u0163\u0103m\u00e2nt, se petrece un adev\u0103rat dezastru na\u0163ional f\u0103r\u0103 s\u0103-l poat\u0103 opri cineva.<br \/>\nUn examen securizat, la propriu, cu poli\u0163ie \u015fi camere de luat vederi \u00een s\u0103lile de clas\u0103. Iat\u0103 unde am ajuns cu aceste succesive reforme \u00een \u00eenv\u0103\u0163\u0103m\u00e2nt!<br \/>\nCea mai important\u0103 institu\u0163ie de educa\u0163ie, \u015fcoala, a fost pus\u0103 la zid. Dasc\u0103lii \u015fi elevii, to\u0163i in corpore, eticheta\u0163i ca ho\u0163i!!! Nimeni nu mai are \u00eencredere \u00een nimeni. O asemenea \u015fcoal\u0103 nu-\u015fi mai are rostul. Oare a\u015fa s\u0103 fie?! Nu. Totul a fost g\u00e2ndit \u015fi preg\u0103tit cu meticulozitate \u00een laboratoarele politice ale puterii, pentru a \u00eenchide gura dasc\u0103lilor, pentru a determina \u00een p\u0103rin\u0163i o atitudine ostil\u0103 \u015fcolii \u015fi dasc\u0103lilor, pentru a preg\u0103ti un spectaculos salt al calit\u0103\u0163ii \u00een viitorii ani.<br \/>\nSesiunea din toamn\u0103, coroborat\u0103 cu cea din var\u0103, eviden\u0163iaz\u0103 un procent general de promovabilitate de 63%, mic la prima vedere, dar real la ceea ce a ajuns \u00een momentul de fa\u0163\u0103 \u015fcoala \u015fi mai ales liceul. Exist\u0103 o vorb\u0103 rom\u00e2neas\u0103: &#8222;Pe\u015ftele de la cap se-mpute, dar se cur\u0103\u0163\u0103 de la coad\u0103!&#8221;. A\u015fa s-a \u00eent\u00e2mplat, capul, conducerea \u015fi legea \u00eenv\u0103\u0163\u0103m\u00e2ntului sunt rele, nu corespund realit\u0103\u0163ii \u0163\u0103rii \u00een momentul de fa\u0163\u0103. C\u0103 s-a \u00eenceput cur\u0103\u0163enia cu &#8222;coada&#8221;, elevii, nu e r\u0103u, dar nu e suficient.<br \/>\nObligatoriu mai departe trebuie umblat la &#8222;cap&#8221;. O reorganizare de esen\u0163\u0103 a \u015fcolii, o rea\u015fezare a educa\u0163iei \u015fi disciplinei \u00een \u015fcoal\u0103, f\u0103r\u0103 nici un compromis, pot asigura un climat favorabil, un \u00eenceput de drum pentru \u00eenv\u0103\u0163\u0103m\u00e2ntul rom\u00e2nesc.<br \/>\nNe vom permite observa\u0163ii punctuale \u00een numerele viitoare ale revistei.<\/p>\n<p>Prof. \u015etefan CORNEANU<\/p>\n","protected":false},"excerpt":{"rendered":"<p>Au trecut \u015fase ani de c\u00e2nd m-am desp\u0103r\u0163it de \u015fcoal\u0103, intr\u00e2nd \u00een r\u00e2ndul pensionarilor. N-am mai vrut s\u0103 iau ore la nici o \u015fcoal\u0103, am hot\u0103r\u00e2t s\u0103 p\u0103strez leg\u0103tura cu mi\u015fcarea sindical\u0103 \u015fi s\u0103 \u00eencerc al\u0103turi de al\u0163i colegi pensionari&hellip;<\/p>\n<p class=\"more-link-p\"><a class=\"more-link\" href=\"http:\/\/www.slineamt.ro\/apostolul\/nesfarsita-noastra-tranzitie\/scoala-pusa-la-zid\/\">Read more &rarr;<\/a><\/p>\n","protected":false},"author":1,"featured_media":0,"comment_status":"closed","ping_status":"closed","sticky":false,"template":"","format":"standard","meta":{"footnotes":""},"categories":[19,27],"tags":[],"class_list":["post-901","post","type-post","status-publish","format-standard","hentry","category-nesfarsita-noastra-tranzitie","category-numarul-139"],"_links":{"self":[{"href":"http:\/\/www.slineamt.ro\/apostolul\/wp-json\/wp\/v2\/posts\/901","targetHints":{"allow":["GET"]}}],"collection":[{"href":"http:\/\/www.slineamt.ro\/apostolul\/wp-json\/wp\/v2\/posts"}],"about":[{"href":"http:\/\/www.slineamt.ro\/apostolul\/wp-json\/wp\/v2\/types\/post"}],"author":[{"embeddable":true,"href":"http:\/\/www.slineamt.ro\/apostolul\/wp-json\/wp\/v2\/users\/1"}],"replies":[{"embeddable":true,"href":"http:\/\/www.slineamt.ro\/apostolul\/wp-json\/wp\/v2\/comments?post=901"}],"version-history":[{"count":0,"href":"http:\/\/www.slineamt.ro\/apostolul\/wp-json\/wp\/v2\/posts\/901\/revisions"}],"wp:attachment":[{"href":"http:\/\/www.slineamt.ro\/apostolul\/wp-json\/wp\/v2\/media?parent=901"}],"wp:term":[{"taxonomy":"category","embeddable":true,"href":"http:\/\/www.slineamt.ro\/apostolul\/wp-json\/wp\/v2\/categories?post=901"},{"taxonomy":"post_tag","embeddable":true,"href":"http:\/\/www.slineamt.ro\/apostolul\/wp-json\/wp\/v2\/tags?post=901"}],"curies":[{"name":"wp","href":"https:\/\/api.w.org\/{rel}","templated":true}]}}