{"id":905,"date":"2011-09-18T14:24:02","date_gmt":"2011-09-18T14:24:02","guid":{"rendered":"http:\/\/www.cnrv.ro\/apostolul\/?p=905"},"modified":"2011-09-18T14:24:02","modified_gmt":"2011-09-18T14:24:02","slug":"promovarea-prin-activitati-inovatoare-a-egalitatii-de-sanse-si-de-gen","status":"publish","type":"post","link":"http:\/\/www.slineamt.ro\/apostolul\/viata-sindicala-imperative\/promovarea-prin-activitati-inovatoare-a-egalitatii-de-sanse-si-de-gen\/","title":{"rendered":"\u201ePromovarea prin activit\u0103\u0163i inovatoare a egalit\u0103\u0163ii de \u015fanse \u015fi de gen\u2026\u201d"},"content":{"rendered":"<p><a href=\"http:\/\/www.cnrv.ro\/apostolul\/wp-content\/uploads\/sindicat.jpg\"><img loading=\"lazy\" decoding=\"async\" class=\"alignright size-thumbnail wp-image-834\" title=\"sindicat\" src=\"http:\/\/www.cnrv.ro\/apostolul\/wp-content\/uploads\/sindicat-150x150.jpg\" alt=\"\" width=\"150\" height=\"150\" \/><\/a>Un ambi\u0163ios proiect, intitulat <em><strong>&#8222;Promovarea prin activit\u0103\u0163i inovatoare a egalit\u0103\u0163ii de \u015fanse \u015fi de gen \u00een cadrul organiza\u0163iilor partenerilor sociali, cu accent pe institu\u0163iile de educa\u0163ie&#8221;<\/strong><\/em> finan\u0163at prin POSDRU 2007-2013, Axa prioritar\u0103 6 &#8222;Promovarea incluziunii sociale&#8221;, Domeniul major de interven\u0163ie 6.3. &#8222;Promovarea egalit\u0103\u0163ii de \u015fanse pe pia\u0163a muncii&#8221;, este implementat de c\u0103tre Sindicatul Liber al Lucr\u0103torilor din \u00cenv\u0103\u0163\u0103m\u00eent \u015fi Cercetare \u015etiin\u0163ific\u0103 Neam\u0163, \u00een calitate de solicitant, \u00een parteneriat cu Federa\u0163ia Sindicatelor Libere din \u00cenv\u0103\u0163\u0103m\u00eent Bistri\u0163a-N\u0103s\u0103ud, Fundacion para el Estudio y Desarrollo del Este de Madrid &#8211; Fundation ESTE (Spania), E.F.A.L. &#8211; Ente Formazione Addestramento Lavoratori (Italia), TILS Rom\u00e2nia SRL \u015fi Camporlecchio Educational (Italia).<br \/>\nPrincipalele rezultate ale acestui proiect vor fi realizarea &#8222;Analizei multiregionale a situa\u0163iei egalit\u0103\u0163ii de \u015fanse \u015fi de gen&#8221;, cu accent pe situa\u0163ia din institu\u0163iile de educa\u0163ie, a unei platforme on-line ce va con\u0163ine toate informa\u0163iile de aceast\u0103 natur\u0103 at\u00eet la nivel na\u0163ional, c\u00eet \u015fi european \u015fi interna\u0163ional, precum \u015fi realizarea unei re\u0163ele na\u0163ionale de puncte de informare pe aceast\u0103 tem\u0103, \u00een 32 de unit\u0103\u0163i de \u00eenv\u0103\u0163\u0103m\u00eent ce vor fi conectate la aceast\u0103 platform\u0103 virtual\u0103.<\/p>\n<p><strong>Workshopul \u201eAnaliza multiregional\u0103 a situa\u0163iei egalit\u0103\u0163ii de \u015fanse \u015fi de gen\u201d<\/strong><\/p>\n<p>\u00cen cadrul proiectului s-au derulat p\u00een\u0103 acum dou\u0103 workshopuri, primul la Bistri\u0163a N\u0103s\u0103ud, la sf\u00eer\u015fitul lunii iunie, iar cel de-al doilea la Piatra Neam\u0163, \u00een luna iulie, cel de-al treilea urm\u00eend s\u0103 se desf\u0103\u015foare la Bucure\u015fti, \u00een perioada 21-24 septembrie. Cele trei workshopuri au fost organizate pe cele trei regiuni de dezvoltare &#8211; Regiunea de Nord-Vest, Regiunea de Nord-Est \u015fi Bucure\u015fti-Ilfov- cuprinse \u00een proiect, scopul fiind acela de realizare a unei &#8222;Analize europeane, na\u0163ionale\/ multiregionale a situa\u0163iei egalit\u0103\u0163ii de \u015fanse \u015fi de gen&#8221;. Cu alte cuvinte, o activitate de pionierat pentru \u0163ara noastr\u0103, \u0163in\u00eend cont de faptul c\u0103 Autoritatea Na\u0163ional\u0103 pentru Egalitate de \u015eanse a fost desfiin\u0163at\u0103 \u015fi a devenit doar o direc\u0163ie \u00een cadrul Ministerului Muncii, Familiei \u015fi Egalit\u0103\u0163ii de \u015eanse, iar Comisiile Jude\u0163ene pentru Egalitate de \u015eanse din jude\u0163ele \u0163\u0103rii func\u0163ioneaz\u0103 mai mult cu rol consultativ, deci formal.<\/p>\n<p><strong>Exper\u0163i spanioli \u015fi italieni lucreaz\u0103 \u00eempreun\u0103 cu sindicali\u015ftii nem\u0163eni<\/strong><\/p>\n<p>Activitatea de la Salonul Bianca din cadrul Grand Hotel Ceahl\u0103u din Piatra Neam\u0163, ce a avut loc joi \u015fi vineri, 7 -8 iulie, ca \u015fi cea de la Bistri\u0163a N\u0103s\u0103ud (30 iunie- 3 iulie), a reunit \u00een cadrul workshopului \u015fi a mesei rotunde cu tema&#8221;Analiza european\u0103, na\u0163ional\u0103\/ multiregional\u0103 a situa\u0163iei egalit\u0103\u0163ii de \u015fanse \u015fi de gen&#8221; exper\u0163i de marc\u0103 din Spania \u015fi Italia, precum Vincenzina Zanetti &#8211; de la EFAL, Andrea Bianchi de la Camporlecchio Educational \u015fi Maria Cruz Torrijos de la funda\u0163ia madrilean\u0103.<br \/>\n&#8222;Acesta este primul proiect pe care \u00eel desf\u0103\u015fur\u0103m \u00eempreun\u0103 cu sindicatul \u00eenv\u0103\u0163\u0103m\u00eent, \u00eens\u0103, ca reprezentant\u0103 EFAL am desf\u0103\u015furat multe alte proiecte de acest gen, \u00een special am lucrat pe foarte multe proiecte cu finan\u0163are european\u0103&#8221;, ne-a spus Vincenzina Zanetti &#8211; reprezentanta EFAL, Italia. \u00centrebat\u0103 dac\u0103 domnia-sa consider\u0103 c\u0103 exist\u0103 discriminare \u00een Rom\u00e2nia, doamna Zanetti ne-a r\u0103spuns: &#8222;Am fost reprezentant\u0103 la nivel na\u0163ional (\u00een Italia &#8211; n.r.) \u00een dou\u0103 mari proiecte ale CSDE (Confedera\u0163ia Sindicatelor Democratice Europene la care este afiliat \u015fi FSL\u00ce- CSDR -n.r.). Am avut ocazia s\u0103 observ pu\u0163in realitatea din Rom\u00e2nia, lucr\u00eend \u00een acest proiect, dar pe de alt\u0103 parte tr\u0103iesc \u00een realitatea italian\u0103 unde exist\u0103 o comunitate destul de mare de rom\u00e2ni. Ei sunt foarte bine integra\u0163i \u00een societatea italian\u0103 \u015fi au chiar \u015fi o biseric\u0103 a comunit\u0103\u0163ii lor acolo. A\u015f spune c\u0103 discriminarea exist\u0103 \u00eentr-o anumit\u0103 m\u0103sur\u0103 \u00een toate statele europene. \u00cens\u0103, consider \u00een acela\u015fi timp c\u0103 \u015fcoala are un rol foarte important \u00een formarea tinerei genera\u0163ii. De aceea m\u0103 bucur c\u0103, \u00een cadrul acestui proiect, lucr\u0103m cu profesori din \u00eenv\u0103\u0163\u0103m\u00eentul rom\u00e2nesc care au foarte multe de spus \u00een educarea \u015fi formarea copiilor \u015fi tinerilor \u00een a\u015fa fel \u00eenc\u00eet ace\u015ftia s\u0103 creasc\u0103 cu alte idei, cu o alt\u0103 mentalitate, prin care egalitatea de \u015fanse s\u0103 devin\u0103 o realitate \u015fi nu doar un simplu concept&#8221;.<\/p>\n<p><strong>Ultima etap\u0103 a proiectului<\/strong><\/p>\n<p>Workshopul ce va avea loc la Bucure\u015fti, \u00een perioada 21-24 septembrie, va continua analiza situa\u0163iei egalit\u0103\u0163ii de \u015fanse la nivel na\u0163ional, care a fost realizat\u0103 anterior pe celelalte dou\u0103 regiuni &#8211; Nord-Vest, prin activitatea de la Bistri\u0163a -N\u0103s\u0103ud, \u015fi Nord-Est, prin cea de la Piatra Neam\u0163. Mai multe am\u0103nunte despre cea de-a treia etap\u0103 a proiectului afl\u0103m de la pre\u015fedintele Filialei Neam\u0163 a FSL\u00ce, prof. Gabriel Plosc\u0103, unul dintre actorii principali din proiect.<br \/>\n&#8222;Vor participa exper\u0163ii no\u015ftri, reprezentan\u0163ii institu\u0163iilor descentralizate \u015fi exper\u0163ii spanioli \u015fi italieni, iar la finalul acestui al treilea workshop urmeaz\u0103 s\u0103 \u00eentocmim un raport final, care va con\u0163ine concluziile asupra egalit\u0103\u0163ii de \u015fanse \u015fi de gen la nivel na\u0163ional, iar acest raport final va fi cuprins \u00eentr-un document ce va fi trimis, \u00eenm\u00eenat partenerilor no\u015ftri sociali&#8221;, ne-a spus prof. Gabriel Plosc\u0103. &#8222;Raportul final va fi postat \u015fi pe site-ul proiectului care deocamdat\u0103 este \u00een lucru. Analiza asupra egalit\u0103\u0163ii de \u015fanse \u015fi acest raport vor con\u0163ine \u00een special date legate de educa\u0163ie, de cadrele didactice, dar \u015fi date care-i privesc pe elevi. La Bucure\u015fti vor fi prezentate cele dou\u0103 rapoarte din cele dou\u0103 regiuni de dezvoltare realizate la Bistri\u0163a-N\u0103s\u0103ud \u015fi la Piatra Neam\u0163, iar colegii no\u015ftri din Ilfov-Bucure\u015fti vor prezenta raportul lor. Trebuie s\u0103 remarc interesul ar\u0103tat de ONG-urile cu acest domeniu de activitate &#8211; egalitatea de \u015fanse, lupta \u00eempotriva discrimin\u0103rii -, a institu\u0163iilor descentralizate a c\u0103ror activitate are rol \u00een acest segment. \u00cen mod special a\u015f dori s\u0103 amintesc faptul c\u0103 am constatat, cu ocazia primului workshop desf\u0103\u015furat la Bistri\u0163a -N\u0103s\u0103ud, c\u0103 acele COJES din aceast\u0103 regiune au fost reactivate prin acest proiect, pentru c\u0103 ele nu mai func\u0163ionau, aveau un rol a\u015fa, pur formal. Este \u015fi aceasta una dintre reu\u015fitele nea\u015fteptate ob\u0163inute prin derularea proiectului nostru&#8221;.<br \/>\n\u00cen cadrul proiectului va fi realizat\u0103 o re\u0163ea de informare pe egalitatea de \u015fanse \u00een 32 de unit\u0103\u0163i de \u00eenv\u0103\u0163\u0103m\u00eent din cele trei regiuni de dezvoltare cuprinse \u00een proiect. Cele 32 de puncte de informare vor fi dotate cu PC-uri conectate la internet \u015fi la platforma virtual\u0103 a proiectului, imprimante, telefax etc, tot ceea ce este necesar pentru continuarea activit\u0103\u0163ilor pe aceast\u0103 tem\u0103 generoas\u0103 &#8211; egalitatea de \u015fanse \u015fi de gen \u00een Rom\u00e2nia.<br \/>\nAngela BRUDARU<\/p>\n","protected":false},"excerpt":{"rendered":"<p>Un ambi\u0163ios proiect, intitulat &#8222;Promovarea prin activit\u0103\u0163i inovatoare a egalit\u0103\u0163ii de \u015fanse \u015fi de gen \u00een cadrul organiza\u0163iilor partenerilor sociali, cu accent pe institu\u0163iile de educa\u0163ie&#8221; finan\u0163at prin POSDRU 2007-2013, Axa prioritar\u0103 6 &#8222;Promovarea incluziunii sociale&#8221;, Domeniul major de interven\u0163ie&hellip;<\/p>\n<p class=\"more-link-p\"><a class=\"more-link\" href=\"http:\/\/www.slineamt.ro\/apostolul\/viata-sindicala-imperative\/promovarea-prin-activitati-inovatoare-a-egalitatii-de-sanse-si-de-gen\/\">Read more &rarr;<\/a><\/p>\n","protected":false},"author":1,"featured_media":0,"comment_status":"closed","ping_status":"closed","sticky":false,"template":"","format":"standard","meta":{"footnotes":""},"categories":[11,27],"tags":[],"class_list":["post-905","post","type-post","status-publish","format-standard","hentry","category-viata-sindicala-imperative","category-numarul-139"],"_links":{"self":[{"href":"http:\/\/www.slineamt.ro\/apostolul\/wp-json\/wp\/v2\/posts\/905","targetHints":{"allow":["GET"]}}],"collection":[{"href":"http:\/\/www.slineamt.ro\/apostolul\/wp-json\/wp\/v2\/posts"}],"about":[{"href":"http:\/\/www.slineamt.ro\/apostolul\/wp-json\/wp\/v2\/types\/post"}],"author":[{"embeddable":true,"href":"http:\/\/www.slineamt.ro\/apostolul\/wp-json\/wp\/v2\/users\/1"}],"replies":[{"embeddable":true,"href":"http:\/\/www.slineamt.ro\/apostolul\/wp-json\/wp\/v2\/comments?post=905"}],"version-history":[{"count":0,"href":"http:\/\/www.slineamt.ro\/apostolul\/wp-json\/wp\/v2\/posts\/905\/revisions"}],"wp:attachment":[{"href":"http:\/\/www.slineamt.ro\/apostolul\/wp-json\/wp\/v2\/media?parent=905"}],"wp:term":[{"taxonomy":"category","embeddable":true,"href":"http:\/\/www.slineamt.ro\/apostolul\/wp-json\/wp\/v2\/categories?post=905"},{"taxonomy":"post_tag","embeddable":true,"href":"http:\/\/www.slineamt.ro\/apostolul\/wp-json\/wp\/v2\/tags?post=905"}],"curies":[{"name":"wp","href":"https:\/\/api.w.org\/{rel}","templated":true}]}}