{"id":9895,"date":"2017-12-04T15:38:21","date_gmt":"2017-12-04T15:38:21","guid":{"rendered":"http:\/\/www.slineamt.ro\/apostolul\/?p=9895"},"modified":"2017-12-04T15:38:21","modified_gmt":"2017-12-04T15:38:21","slug":"panoramic-nemtean-7","status":"publish","type":"post","link":"http:\/\/www.slineamt.ro\/apostolul\/panoramic-nemtean\/panoramic-nemtean-7\/","title":{"rendered":"PANORAMIC NEM\u0162EAN"},"content":{"rendered":"<p>LPS Piatra-Neam\u0163 s\u0103rb\u0103tore\u015fte 60 de ani de existen\u0163\u0103<\/p>\n<p>&nbsp;<\/p>\n<p>Liceul cu Program Sportiv Piatra Neam\u0163 \u2013 centru sportiv \u015fcolar de renume \u2013 s\u0103rb\u0103tore\u015fte 60 de ani de la \u00eenfiin\u0163are. Aniversarea va fi punctat\u0103 printr-o expozi\u0163ie \u015fi un simpozion care vor fi g\u0103zduite de Muzeul de Istorie \u015fi Arheologie Piatra-Neam\u0163, mar\u0163i, 14 noiembrie, cu \u00eencepere de la ora 10.<\/p>\n<p>\u201e\u015ecoala Sportiv\u0103 de elevi-1957 \u2013 CSS Piatra Neam\u0163-1977 \u2013 LPS Piatra Neam\u0163 -1995\u2026 Iat\u0103 c\u0103 la fiecare 20 de ani am suferit c\u00e2te o \u201etransformare\u201d. Ne bucur\u0103m c\u0103 am ajuns la aceast\u0103 v\u00e2rs\u00adt\u0103 care impune respect. \u00cei a\u015ftept\u0103m pe to\u0163i cei care iubesc liceul nostru s\u0103 ni se al\u0103ture. \u00cen cei 60 de ani de existen\u0163\u0103, LPS Piatra-Neam\u0163 a evoluat, av\u00e2nd \u00een prezent reputa\u0163ia unei institu\u0163ii \u015fcolare de prestigiu. \u00cen acest an, elevii no\u015ftri au ob\u0163inut rezultate deosebite at\u00e2t la sporturile individuale c\u00e2t \u015fi la jocurile sportive\u201d, a declarat prof. Ovidiu \u0162oc junior, directorul institu\u0163iei.<\/p>\n<p>\u015ecoala Sportiv\u0103 de elevi a luat fiin\u0163\u0103 la 15 noiembrie 1957 \u015fi a func\u0163ionat ca sec\u0163ie pe l\u00e2ng\u0103 Liceul \u201ePetru Rare\u015f\u201d de la \u00eenfiin\u0163are p\u00e2n\u0103 la 1 ianuarie 1969. \u00cencep\u00e2nd cu aceast\u0103 dat\u0103, datorit\u0103 cre\u015fterii num\u0103rului de clase \u015fi de elevi \u015fcolariza\u0163i, a devenit unitate independent\u0103. Prima directoare a fost prof. Maria S\u0103vinescu, decedat\u0103 de cur\u00e2nd.(Violeta MO\u015eU)<\/p>\n<p>&nbsp;<\/p>\n<p>Atelierele lui Mo\u015f Cr\u0103ciun<\/p>\n<p>&nbsp;<\/p>\n<p>Biblioteca Jude\u0163ean\u0103 \u201eGT Kirileanu\u201d Neam\u0163 a lansat Atelierele lui Mo\u015f Cr\u0103ciun, care se vor desf\u0103\u015fura \u00een cadrul Sec\u0163iei de carte pentru copii \u015fi ludotec\u0103 \u201eIon Creang\u0103\u201d.<\/p>\n<p>Primul atelier deschis miercuri, 25 octombrie, este dedicat confec\u0163ion\u0103rii artizanale de felicit\u0103ri pentru Cr\u0103ciun, globuri pentru \u00eempodobit bradul, ornamente specifice, semne de carte pictate \u015fi \u0163esute, juc\u0103rii din lemn \u015fi materiale textile. Atelierele se vor desf\u0103\u015fura \u00een fiecare zi de miercuri, \u00een perioada noiembrie-decembrie, \u00eentre orele 14:00-15:00.<\/p>\n<p>Cel de-al doilea atelier, numit \u201ePoveste de Cr\u0103ciun\u201d, deschis \u00eencep\u00e2nd de joi, 2 noiembrie, este dedicat scrierii creative de scrisori c\u0103tre Mo\u015f Cr\u0103ciun \u015fi povestiri de Cr\u0103ciun, precum \u015fi confec\u0163ion\u0103rii de r\u0103va\u015fe cu poezii \u015fi pove\u015fti specifice Cr\u0103ciunului. Totodat\u0103, acest atelier \u00ee\u015fi propune s\u0103 dezvolte abilit\u0103\u0163ile de lectur\u0103 public\u0103, fiind folosite scrierile realizate \u00een cadrul atelierului.<\/p>\n<p>De asemenea, urmeaz\u0103 s\u0103 fie deschis un atelier de teatru pentru copii, \u00een care scenete \u015fi colinde de s\u0103rb\u0103tori vor fi prezentate pe scena T\u00e2rgului de Cr\u0103ciun, organizat pe platoul Cur\u0163ii Domne\u015fti din Piatra-Neam\u0163. Punctul culminant al prezent\u0103rii de tradi\u0163ii \u015fi obiceiuri populare va apar\u0163ine unui grup de elevi de la Liceul cu predare \u00een limba rom\u00e2n\u0103 \u201eLucian Blaga\u201d din Tiraspol, Transnistria.<\/p>\n<p>&nbsp;<\/p>\n<p>\u201eFrumuse\u0163ea naturii, \u00een m\u00e2inile copiilor\u201d<\/p>\n<p>&nbsp;<\/p>\n<p>Luni, 30 octombrie, \u00een sala de \u015fedin\u0163e a Consiliului Local T\u00e2rgu-Neam\u0163 a avut loc premierea c\u00e2\u015ftig\u0103torilor concursului \u201eFrumuse\u0163ea naturii, \u00een m\u00e2inile copiilor\u201d. Membrii echipelor de la mai multe \u015fcoli din ora\u015f participante \u00een cadrul con\u00adcursului, al\u0103turi de profesorii coordonatori au fost felicita\u0163i de c\u0103tre primarul Daniel Harpa.<\/p>\n<p>Premiul I a revenit echipelor Colegiului Tehnic \u201eIon Creang\u0103\u201d \u015fi \u015ecolii \u201eGrigore Ghica-Vod\u0103\u201d Nr. 2, care vor merge \u00eentr-o excursie pentru dou\u0103 zile la o pensiune din Bucovina. Locul al II-lea a revenit echipelor Colegiului Na\u0163ional \u201e\u015etefan cel Mare\u201d \u015fi Liceului \u201eVasile Conta\u201d, care vor merge \u00eentr-o excursie la Palatul Culturii din Ia\u015fi. Locul al III-lea a revenit echipei \u015ecolii Nr. 3 din Humule\u015fti, ce va primi o excursie la Gr\u0103dina Botanic\u0103 din Ia\u015fi.<\/p>\n<p>\u201eA fost un concurs interesant \u015fi reu\u015fit, un proiect pe care l-am ini\u0163iat \u00een ideea de a implica elevii din ora\u015f \u00een activit\u0103\u0163i care le stimuleaz\u0103 ima\u00adgina\u0163ia \u015fi bunul gust. Am fost impresionat de munca tuturor echipelor participante la concurs, de implicarea fiec\u0103rui elev, dar mai ales de frumuse\u0163ea spa\u0163iilor verzi pe care le-au amenajat. Vom continua astfel de concursuri \u015fi anul viitor, dar nu numai pe tema spa\u0163iilor verzi, ci o s\u0103 abord\u0103m \u015fi alte tematici. Felicit\u0103ri \u015fi profesorilor care s-au implicat \u00een acest proiect\u201d, a declarat primarul Daniel Harpa.<\/p>\n<p>&nbsp;<\/p>\n<p>Concertul \u201eHaide mam\u0103, haide tat\u0103!\u201d<\/p>\n<p>&nbsp;<\/p>\n<p>Protopopiatul Piatra-Neam\u0163, \u00een colaborare cu Liceul Teologic Ortodox \u201eSfin\u0163ii \u00cemp\u0103ra\u0163i Constantin \u015fi Elena\u201d \u015fi Teatrul Tineretului, au organizat \u00een prag de iarn\u0103 concertul extraordinar \u201eHaide mam\u0103, haide tat\u0103!\u201d. Evenimentul a avut loc joi, 2 noiembrie, \u00eencep\u00e2nd cu ora 16:30, la Teatrul Tineretului din Piatra-Neam\u0163, \u00een Sala Mare.<\/p>\n<p>\u201eConcertul este un buchet de c\u00e2ntece \u015fi poeme vechi \u015fi celebre din marele tezaur al Cenaclului Flac\u0103ra \u015fi al marilor arti\u015fti, precum Tudor Gheorghe sau Victor Socaciu, \u015fi va fi sus\u0163inut de Corul de copii din Vorona Mare \u2013 Boto\u015fani, Corul de copii din clasa a IV-a \u2013 \u015ecoala nr. 7 \u2013 Boto\u015fani \u015fi Corul Seminarului Teologic Sf\u00e2ntul Gheorghe Boto\u015fani. Spectacolul este un prinos de recuno\u015ftin\u0163\u0103 \u015fi pre\u0163uire pentru cei care ne-au dat via\u0163\u0103, care au fost \u015fi care sunt \u00eenc\u0103 printre noi\u201d, a declarat preotul protopop Valentin Tofan, de la Protopopiatul Piatra-Neam\u0163.<\/p>\n<p>&nbsp;<\/p>\n<p>\u00cePS Teofan a oficiat sfin\u0163irea Paraclisului din incinta Colegiului Tehnic \u201eIon Creang\u0103\u201d<\/p>\n<p>&nbsp;<\/p>\n<p>Joi, 9 noiembrie, \u00cePS Teofan, Mitropolitul Moldovei \u015fi Bucovinei, a fost prezent la sfin\u0163irea Paraclisului \u201eSfin\u0163ii Trei Ierarhi\u201d din incinta Colegiului Tehnic \u201eIon Creang\u0103\u201d T\u00e2rgu-Neam\u0163. La slujba oficiat\u0103 de \u00cePS Teofan au participat \u015fi al\u0163i preo\u0163i \u015fi stare\u0163i din zon\u0103, oficialit\u0103\u0163i locale \u015fi jude\u0163ene: pre\u015fedintele Consiliului Jude\u0163ean, Ionel Arsene, primarul Daniel Harpa, inspectorul \u015fcolar general, prof Viorel Stan \u015f.a.<\/p>\n<p>Directorul Gheorghe Apetrei a salutat oaspe\u0163ii \u015fi a oferit \u00cePS Teofan o carte \u015fi un condei, dou\u0103 simboluri ale \u00eenv\u0103\u0163\u0103turii, care, mul\u0163umind, le-a urat dasc\u0103lilor: \u201es\u0103 spori\u0163i \u00een \u00een\u0163elepciune \u015fi pricepere duhovniceasc\u0103 \u015fi s\u0103 ave\u0163i parte de tot lucrul cel bun. A\u015fadar, \u00een\u0163elepciune, pricepere \u015fi cunoa\u015ftere. Un a\u015fez\u0103m\u00e2nt de educa\u0163ie cum este acesta este destinat pentru a altoi mintea tinerilor, pe \u00een\u0163elepciune \u015fi pricepere \u00een diferite domenii. Necunoa\u015fterea, ignoran\u0163a este r\u0103d\u0103cina tuturor relelor din lume.\u201d<\/p>\n<p>La final ceremoniei \u00cePS Teofan a \u00eenm\u00e2nat directorului liceului o carte pentru biblioteca \u015fcolii. De asemenea, \u00cenaltul Ierarh a \u00eenm\u00e2nat \u015fi Diplome de Vrednicie mai multor profesori \u015fi familii: familia profesor Ovidiu \u015fi Dorina Timi\u015fescu, familia profesor Florentin \u015fi Eugenia Gheorghie\u015f, prof. Drago\u015f \u0162i\u0163ei, prof. Elena Doina Toma, prof. Adina Timofte, prof. Mihaela Toma, director adjunct al liceului.<\/p>\n<p>&nbsp;<\/p>\n<p>Red.<\/p>\n","protected":false},"excerpt":{"rendered":"<p>LPS Piatra-Neam\u0163 s\u0103rb\u0103tore\u015fte 60 de ani de existen\u0163\u0103 &nbsp; Liceul cu Program Sportiv Piatra Neam\u0163 \u2013 centru sportiv \u015fcolar de renume \u2013 s\u0103rb\u0103tore\u015fte 60 de ani de la \u00eenfiin\u0163are. Aniversarea va fi punctat\u0103 printr-o expozi\u0163ie \u015fi un simpozion care vor&hellip;<\/p>\n<p class=\"more-link-p\"><a class=\"more-link\" href=\"http:\/\/www.slineamt.ro\/apostolul\/panoramic-nemtean\/panoramic-nemtean-7\/\">Read more &rarr;<\/a><\/p>\n","protected":false},"author":1,"featured_media":0,"comment_status":"open","ping_status":"closed","sticky":false,"template":"","format":"standard","meta":{"footnotes":""},"categories":[190,232],"tags":[],"class_list":["post-9895","post","type-post","status-publish","format-standard","hentry","category-panoramic-nemtean","category-numarul-204"],"_links":{"self":[{"href":"http:\/\/www.slineamt.ro\/apostolul\/wp-json\/wp\/v2\/posts\/9895","targetHints":{"allow":["GET"]}}],"collection":[{"href":"http:\/\/www.slineamt.ro\/apostolul\/wp-json\/wp\/v2\/posts"}],"about":[{"href":"http:\/\/www.slineamt.ro\/apostolul\/wp-json\/wp\/v2\/types\/post"}],"author":[{"embeddable":true,"href":"http:\/\/www.slineamt.ro\/apostolul\/wp-json\/wp\/v2\/users\/1"}],"replies":[{"embeddable":true,"href":"http:\/\/www.slineamt.ro\/apostolul\/wp-json\/wp\/v2\/comments?post=9895"}],"version-history":[{"count":1,"href":"http:\/\/www.slineamt.ro\/apostolul\/wp-json\/wp\/v2\/posts\/9895\/revisions"}],"predecessor-version":[{"id":9898,"href":"http:\/\/www.slineamt.ro\/apostolul\/wp-json\/wp\/v2\/posts\/9895\/revisions\/9898"}],"wp:attachment":[{"href":"http:\/\/www.slineamt.ro\/apostolul\/wp-json\/wp\/v2\/media?parent=9895"}],"wp:term":[{"taxonomy":"category","embeddable":true,"href":"http:\/\/www.slineamt.ro\/apostolul\/wp-json\/wp\/v2\/categories?post=9895"},{"taxonomy":"post_tag","embeddable":true,"href":"http:\/\/www.slineamt.ro\/apostolul\/wp-json\/wp\/v2\/tags?post=9895"}],"curies":[{"name":"wp","href":"https:\/\/api.w.org\/{rel}","templated":true}]}}