{"id":9907,"date":"2017-12-04T15:53:23","date_gmt":"2017-12-04T15:53:23","guid":{"rendered":"http:\/\/www.slineamt.ro\/apostolul\/?p=9907"},"modified":"2017-12-04T15:53:23","modified_gmt":"2017-12-04T15:53:23","slug":"infocult-27","status":"publish","type":"post","link":"http:\/\/www.slineamt.ro\/apostolul\/arte-si-meseriii\/infocult-27\/","title":{"rendered":"INFOCULT"},"content":{"rendered":"<p>Premiului na\u0163ional de proz\u0103 \u201eMihail Sadoveanu\u201d<\/p>\n<p>&nbsp;<\/p>\n<p>&nbsp;<\/p>\n<p><a href=\"http:\/\/www.slineamt.ro\/apostolul\/wp-content\/uploads\/2017\/12\/20-ap204-foto1.jpg\"><img loading=\"lazy\" decoding=\"async\" class=\"size-medium wp-image-9910 alignleft\" src=\"http:\/\/www.slineamt.ro\/apostolul\/wp-content\/uploads\/2017\/12\/20-ap204-foto1-214x300.jpg\" alt=\"\" width=\"214\" height=\"300\" srcset=\"http:\/\/www.slineamt.ro\/apostolul\/wp-content\/uploads\/2017\/12\/20-ap204-foto1-214x300.jpg 214w, http:\/\/www.slineamt.ro\/apostolul\/wp-content\/uploads\/2017\/12\/20-ap204-foto1-260x365.jpg 260w, http:\/\/www.slineamt.ro\/apostolul\/wp-content\/uploads\/2017\/12\/20-ap204-foto1-160x224.jpg 160w, http:\/\/www.slineamt.ro\/apostolul\/wp-content\/uploads\/2017\/12\/20-ap204-foto1.jpg 296w\" sizes=\"auto, (max-width: 214px) 100vw, 214px\" \/><\/a>Cea de a 47-a edi\u0163ie a manifest\u0103rii SADOVENIANA \u015fi acordarea Premiului Na\u0163ional pentru Proz\u0103 \u201eMihail Sadoveanu\u201d s-au desf\u0103\u015furat sub egida Consiliului Jude\u0163ean Neam\u0163, av\u00e2nd ca organizatori Complexul Muzeal Jude\u0163ean Neam\u0163, Societatea Scriitorilor din jude\u0163ul Neam\u0163, Reprezentan\u0163a Neam\u0163 din Filiala Ia\u015fi a USR \u015fi Revista \u201eAntiteze\u201d.<\/p>\n<p>Cu acest prilej, s\u00e2mb\u0103t\u0103 28 octombrie 2017, la Muzeul \u201eCalistrat Hoga\u015f\u201d a avut loc simpozionul \u201eMihail Sadoveanu \u2013 clasicitate \u015fi canon literar. 137 ani de la na\u015fterea marelui scriitor\u201d, cu participarea prof. univ. dr. Constantin Dram, de la Universitatea \u201eAl. I. Cuza\u201d din Ia\u015fi, care a sus\u0163inut conferin\u0163a cu tema \u201eSadoveanu \u2013 PreVestitorul\u201d. \u00cen continuare a fost lansat nr. 48 (2\/ 2017) al revistei ANTITEZE, \u015fi a avut loc decernarea Premiului Na\u0163ional pentru proz\u0103 \u201eM. Sadoveanu\u201d, edi\u0163ia a III-a, 2017 \u2013 acordat de juriul format din criticii literari Raluca Naclad, Constantin Tom\u015fa \u015fi Cristian Livescu (pre\u015fedinte), din cadrul redac\u0163iei revistei \u201eAntiteze\u201d. Nominaliz\u0103rile din acest an s-au referit la nem\u0163enii: Adrian G. Romila, Virgil Savin \u015fi Bic\u0103 Nelu C\u0103ciuleanu, ultimul adjudec\u00e2ndu-\u015fi premiul pentru romanul \u201eMahalaua Precista\u201d, ap\u0103rut la editura Crigarux. Peste o s\u0103pt\u0103m\u00e2n\u0103, manifest\u0103rile SADOVENIENEI au continuat la Centrul cultural \u201eM. Sadoveanu\u201d din Tupila\u0163i.<\/p>\n<p>&nbsp;<\/p>\n<p>Mihail Sadoveanu, comemorat la Biblioteca \u201eG.T. Kirileanu\u201d<\/p>\n<p>&nbsp;<\/p>\n<p>&nbsp;<\/p>\n<p><a href=\"http:\/\/www.slineamt.ro\/apostolul\/wp-content\/uploads\/2017\/12\/20-ap204-foto2.jpg\"><img loading=\"lazy\" decoding=\"async\" class=\"size-medium wp-image-9913 alignright\" src=\"http:\/\/www.slineamt.ro\/apostolul\/wp-content\/uploads\/2017\/12\/20-ap204-foto2-212x300.jpg\" alt=\"\" width=\"212\" height=\"300\" srcset=\"http:\/\/www.slineamt.ro\/apostolul\/wp-content\/uploads\/2017\/12\/20-ap204-foto2-212x300.jpg 212w, http:\/\/www.slineamt.ro\/apostolul\/wp-content\/uploads\/2017\/12\/20-ap204-foto2-260x368.jpg 260w, http:\/\/www.slineamt.ro\/apostolul\/wp-content\/uploads\/2017\/12\/20-ap204-foto2-160x226.jpg 160w, http:\/\/www.slineamt.ro\/apostolul\/wp-content\/uploads\/2017\/12\/20-ap204-foto2.jpg 369w\" sizes=\"auto, (max-width: 212px) 100vw, 212px\" \/><\/a>Biblioteca Jude\u0163ean\u0103 \u201eGT Kirileanu\u201d Neam\u0163 a marcat 56 de ani de la trecerea \u201edincolo de negur\u0103\u201d a scriitorului Mihail Sadoveanu (5 noiembrie 1880 \u2013 19 octombrie 1961), printr-o serie de manifest\u0103ri desf\u0103\u015furate joi, 19 octombrie.<\/p>\n<p>\u00cencep\u00e2nd cu ora 11:00, \u00een Sala Tezaur, a debutat un colocviu sadovenian cu audi\u0163ii, vizionare de secven\u0163e de pe DVD \u015fi expozi\u0163ie de publica\u0163ii, \u00een parteneriat cu Funda\u0163ia \u201eCrizantema\u201d.<\/p>\n<p>\u00cen continuare, de la ora 13:30, \u00een Sala Expo-Club \u201eVictor Brauner\u201d, a avut loc un simpozion av\u00e2nd ca tem\u0103 opera lui Mihail Sadoveanu. Invitat special a fost arhimandritul Mihail Daniliuc, egumenul Schitului Vovidenia-Neam\u0163, custode al Casei Memoriale Visarion Puiu \u015fi Muzeului Mihail Sadoveanu, cadru didactic la Seminarul Teologic \u201eVeniamin Costachi\u201d de la M\u0103n\u0103stirea Neam\u0163. Totodat\u0103, o conferin\u0163\u0103 despre geografia spiritual\u0103 sadovenian\u0103 a sus\u0163inut Cristian Livescu, pre\u015fedintele Reprezentan\u0163ei Neam\u0163 a Uniunii Scriitorilor din Rom\u00e2nia, pre\u015fedintele Societ\u0103\u0163ii Scriitorilor din Jude\u0163ul Neam\u0163.<\/p>\n<p>Au participat elevi de la Colegiul Na\u0163ional de Informatic\u0103 Piatra-Neam\u0163 \u015fi de la Liceul Tehnologic Economic Administrativ Piatra-Neam\u0163. (sursa: Biblioteca Jude\u0163ean\u0103 G.T. Kirileanu Neam\u0163)<\/p>\n<p>&nbsp;<\/p>\n<p>\u00cen memoriam Rozina Cambos<\/p>\n<p>&nbsp;<\/p>\n<p>&nbsp;<\/p>\n<p><a href=\"http:\/\/www.slineamt.ro\/apostolul\/wp-content\/uploads\/2017\/12\/20-ap204-foto3.jpg\"><img loading=\"lazy\" decoding=\"async\" class=\"size-medium wp-image-9916 alignleft\" src=\"http:\/\/www.slineamt.ro\/apostolul\/wp-content\/uploads\/2017\/12\/20-ap204-foto3-212x300.jpg\" alt=\"\" width=\"212\" height=\"300\" srcset=\"http:\/\/www.slineamt.ro\/apostolul\/wp-content\/uploads\/2017\/12\/20-ap204-foto3-212x300.jpg 212w, http:\/\/www.slineamt.ro\/apostolul\/wp-content\/uploads\/2017\/12\/20-ap204-foto3-260x368.jpg 260w, http:\/\/www.slineamt.ro\/apostolul\/wp-content\/uploads\/2017\/12\/20-ap204-foto3-160x226.jpg 160w, http:\/\/www.slineamt.ro\/apostolul\/wp-content\/uploads\/2017\/12\/20-ap204-foto3.jpg 341w\" sizes=\"auto, (max-width: 212px) 100vw, 212px\" \/><\/a>Pe 25 octombrie, \u00een Sinagoga Catedral\u0103 \u201eBaal Shem Tov\u201d din Piatra-Neam\u0163 a avut loc o evocare a Rozinei Cambos, actri\u0163\u0103 a scenei nem\u0163ene, \u00een anii &#8217;70 ai secolului trecut. Actri\u0163a s-a n\u0103scut la Bac\u0103u (17 decembrie 1951), \u00eentr-o familie de oameni ai scenei, a terminat IATC \u201eI. L. Caragiale\u201d, \u00een 1975, \u015fi a fost angajat\u0103 la Teatrul Tineretului, \u00eempreun\u0103 cu doi colegi de excep\u0163ie: Gheorghe D\u0103nil\u0103 \u015fi Hora\u0163iu M\u0103l\u0103ele. Dup\u0103 ce se lanseaz\u0103 aici sub bagheta unor mari regizori \u2013 C\u0103t\u0103lina Buzoianu (Tinere\u0163e f\u0103r\u0103 b\u0103tr\u00e2ne\u0163e), Emil Mandric (Muntele), Iulian Vi\u015fa (Slug\u0103 la doi st\u0103p\u00e2ni), se transfer\u0103 dup\u0103 doi ani la Teatrul Giule\u015fti (actualul Odeon), apoi \u00een 1983, emigreaz\u0103 \u00een Israel, unde se impune ca actri\u0163\u0103 de teatru, de cinematograf \u015fi televiziune. Joac\u0103 la Teatrul din Beer Sheva (1984-1987), la Teatrul na\u0163ional Habima din Tel Aviv (1987 \u2013 1999) \u015fi apoi face parte din ansamblul Teatrului Kameri din aceea\u015fi localitate, p\u00e2n\u0103, c\u00e2nd p\u0103r\u0103se\u015fte scena r\u0103pus\u0103 de o boal\u0103 necru\u0163\u0103toare (4 decembrie 2012). A ob\u0163inut numeroase premii de interpretare \u00een Israel \u015fi a fost nominalizat\u0103 \u00een Statele Unite pentru premiul Helen Hayes la categoria cea mai bun\u0103 actri\u0163\u0103 de teatru.<\/p>\n<p>Cu ocazia evoc\u0103rii nem\u0163ene a fost proiectat filmul documentar care i s-a dedicat \u2013 \u201eS\u0103 fii parte din ro\u015ful acesta\u201d, o pelicul\u0103 care a adunat \u00eentr-un tot coerent \u015fi emo\u0163ionant ima\u00adgini de arhiv\u0103, fotografii, documente, m\u0103rturii ale colegilor de scen\u0103 \u015fi ale membrilor familiei etc., plus un comentariu sensibil dar lucid al realizatorilor.<\/p>\n<p>De remarcat prezen\u0163a unui public numeros, interven\u0163ia scriitorului Adrian Alui Gheorghe (care a citit un poem dedicat actri\u0163ei de scri\u00aditorul Mihai Ursachi) \u015fi demersul sensibil al actorului Cornel Nicoar\u0103: Rozina nu s-a jucat cu teatrul, ci a tr\u0103it pentru teatru!<\/p>\n<p>&nbsp;<\/p>\n<p>Premii la Festivalul \u201eNeghini\u0163\u0103\u201d<\/p>\n<p>&nbsp;<\/p>\n<p>&nbsp;<\/p>\n<p><a href=\"http:\/\/www.slineamt.ro\/apostolul\/wp-content\/uploads\/2017\/12\/20-ap204-foto4.jpg\"><img loading=\"lazy\" decoding=\"async\" class=\"size-medium wp-image-9919 alignright\" src=\"http:\/\/www.slineamt.ro\/apostolul\/wp-content\/uploads\/2017\/12\/20-ap204-foto4-300x221.jpg\" alt=\"\" width=\"300\" height=\"221\" srcset=\"http:\/\/www.slineamt.ro\/apostolul\/wp-content\/uploads\/2017\/12\/20-ap204-foto4-300x221.jpg 300w, http:\/\/www.slineamt.ro\/apostolul\/wp-content\/uploads\/2017\/12\/20-ap204-foto4-260x192.jpg 260w, http:\/\/www.slineamt.ro\/apostolul\/wp-content\/uploads\/2017\/12\/20-ap204-foto4-160x118.jpg 160w, http:\/\/www.slineamt.ro\/apostolul\/wp-content\/uploads\/2017\/12\/20-ap204-foto4.jpg 416w\" sizes=\"auto, (max-width: 300px) 100vw, 300px\" \/><\/a>Tinerii actori pietreni, elevi ai actri\u0163ei Gina Gulai (Teatrul Tineretului), au cucerit premii importante la Festivalul Interna\u0163ional de Teatru, Muzic\u0103 \u015fi Dans \u201eNeghini\u0163\u0103\u201d. Manifestarea a avut loc, \u00een perioada 26-29 octombrie, la Bac\u0103u, \u00een organizarea Funda\u0163iei Teatrale \u201eNeghini\u0163\u0103\u201d. Claudiu Ladan a ob\u0163inut Trofeul Teatru pentru sec\u0163iunea individual, iar Ilinca Tapalaga \u015fi Ioana Bizu au ob\u0163inut Trofeul Teatru pentru sec\u0163iunea grup.<\/p>\n<p>\u201eClasa noastr\u0103 de teatru a participat la sec\u0163iunea TEATRU, grup \u015fi individual. La palmaresul foarte bogat, de peste 100 \u015fi ceva de premii \u015fi trofee ob\u0163inute la festivaluri na\u0163ionale \u015fi interna\u0163ionale, s-au ad\u0103ugat, la acest final de s\u0103pt\u0103m\u00e2n\u0103, \u00eenc\u0103 dou\u0103 trofee. Ora\u015ful Piatra-Neam\u0163 se poate m\u00e2ndri cu ace\u015fti copii \u015fi tineri talenta\u0163i, care ne reprezint\u0103 cu succes. Bravo, dragilor! Sunt m\u00e2ndr\u0103 de voi! La c\u00e2t mai multe reu\u015fite\u201d, a declarat actri\u0163a Gina Gulai.<\/p>\n<p>Din juriul pentru sec\u0163iunea teatru au f\u0103cut parte: Gabriela Ioni\u0163\u0103 \u2013 actri\u0163\u0103, masterand\u0103 \u00een scenaristic\u0103 TV \u015fi dramaturgie cinematografic\u0103, director la \u015ecoala de Teatru \u201eCorifeu\u201d, Bucure\u015fti; Florina G\u0103zdaru \u2013 actri\u0163\u0103 la Teatrul \u201eBacovia\u201d Bac\u0103u \u015fi Ionel Tanas\u0103 \u2013 actor, regizor, pre\u015fedinte Funda\u0163ia Teatral\u0103 \u201eNeghini\u0163\u0103\u201d Bac\u0103u.<\/p>\n<p>&nbsp;<\/p>\n<p>Agatul \u2013 cristale \u015fi bijuterii<\/p>\n<p>&nbsp;<\/p>\n<p>&nbsp;<\/p>\n<p><a href=\"http:\/\/www.slineamt.ro\/apostolul\/wp-content\/uploads\/2017\/12\/20-ap204-foto5.jpg\"><img loading=\"lazy\" decoding=\"async\" class=\"size-medium wp-image-9922 alignleft\" src=\"http:\/\/www.slineamt.ro\/apostolul\/wp-content\/uploads\/2017\/12\/20-ap204-foto5-225x300.jpg\" alt=\"\" width=\"225\" height=\"300\" srcset=\"http:\/\/www.slineamt.ro\/apostolul\/wp-content\/uploads\/2017\/12\/20-ap204-foto5-225x300.jpg 225w, http:\/\/www.slineamt.ro\/apostolul\/wp-content\/uploads\/2017\/12\/20-ap204-foto5-260x346.jpg 260w, http:\/\/www.slineamt.ro\/apostolul\/wp-content\/uploads\/2017\/12\/20-ap204-foto5-160x213.jpg 160w, http:\/\/www.slineamt.ro\/apostolul\/wp-content\/uploads\/2017\/12\/20-ap204-foto5.jpg 298w\" sizes=\"auto, (max-width: 225px) 100vw, 225px\" \/><\/a>\u00cen perioada 9-12 noiembrie 2017, la Muzeul de Istorie \u015fi Arheologie din Piatra-Neam\u0163, a avut loc o nou\u0103 expozi\u0163ie din seria \u201eMineralia\u201d, o expozi\u0163ie ce a avut ca protagonist, de aceast\u0103 dat\u0103, agatul. Expozitia Mineralia propune, de regul\u0103, o incursiune \u00een lumea pietrelor fine \u015fi pre\u0163ioase, prezent\u00e2nd minun\u0103\u0163ii ale naturii \u00een toate formele, de la piatra brut\u0103 la bijuterie: pietre brute \u2013 cristale \u015fi minerale de colec\u0163ie; fosile, meteori\u0163i; pietre t\u0103iate \u015fi \u015flefuite pentru montur\u0103 (geme); bijuterii originale, numai din pietre naturale; ornamente din piatr\u0103 \u015flefuit\u0103.<\/p>\n<p>\u00centre pietrele folosite \u00een podoabe, bijuterii sau ornamente, agatul ocup\u0103 un loc special. Este o piatr\u0103 fascinant\u0103 prin infinitatea de modele, texturi \u015fi culori pe care le prezint\u0103.<\/p>\n<p>A fost folosit de oameni \u00eenc\u0103 din preistorie, iar \u00een Grecia Antic\u0103 \u015fi \u00een Imperiul Roman a fost cea mai cunoscut\u0103 piatr\u0103 de podoab\u0103, \u015flefuit\u0103 sau sculptat\u0103 \u00een camee.<\/p>\n<p>Zone faimoase cu exploat\u0103ri de agat au existat \u00een Italia, Germania \u015fi India, dar acum sunt sec\u0103tuite. Dar exist\u0103 depozite enorme \u00een Brazilia, Uruguay, Mexic sau Madagascar. Ocuren\u0163e mici se g\u0103sesc mai peste tot \u00een lume. Cele mai cunoscute \u015fi mai frumoase agate din Rom\u00e2nia se g\u0103sesc \u00een Mun\u0163ii Apuseni, la Brad \u015fi Techereu.<\/p>\n<p>&nbsp;<\/p>\n<p>La TT, Vis\u0103torul, un eveniment semnat de Ada Milea<\/p>\n<p>&nbsp;<\/p>\n<p>&nbsp;<\/p>\n<p><a href=\"http:\/\/www.slineamt.ro\/apostolul\/wp-content\/uploads\/2017\/12\/20-ap204-foto6.jpg\"><img loading=\"lazy\" decoding=\"async\" class=\"size-medium wp-image-9925 alignright\" src=\"http:\/\/www.slineamt.ro\/apostolul\/wp-content\/uploads\/2017\/12\/20-ap204-foto6-300x200.jpg\" alt=\"\" width=\"300\" height=\"200\" srcset=\"http:\/\/www.slineamt.ro\/apostolul\/wp-content\/uploads\/2017\/12\/20-ap204-foto6-300x200.jpg 300w, http:\/\/www.slineamt.ro\/apostolul\/wp-content\/uploads\/2017\/12\/20-ap204-foto6-560x373.jpg 560w, http:\/\/www.slineamt.ro\/apostolul\/wp-content\/uploads\/2017\/12\/20-ap204-foto6-260x173.jpg 260w, http:\/\/www.slineamt.ro\/apostolul\/wp-content\/uploads\/2017\/12\/20-ap204-foto6-160x107.jpg 160w, http:\/\/www.slineamt.ro\/apostolul\/wp-content\/uploads\/2017\/12\/20-ap204-foto6.jpg 663w\" sizes=\"auto, (max-width: 300px) 100vw, 300px\" \/><\/a>Relu\u00e2nd buna tradi\u0163ie a spectacolelor pentru copii (Afar\u0103-i vopsit gardu\ua78c \u00een\u0103untru-i leopardu\ua78c, Vr\u0103jitorul din Oz, Inim\u0103 rece, Harap Alb \u015f. a.) Teatrul Tineretului ne-a propus, la sf\u00e2r\u015fitul lunii trecute (27-28 octombrie), o nou\u0103 premier\u0103 \u2013 Vis\u0103torul, un spectacolul-concert de Ada Milea, dup\u0103 romanul lui Ian McEwan (dramatizare de Antoaneta Zaharia). Reprezenta\u0163ia, \u201eo veselie c\u00e2nt\u0103toare\u201d (Ada Milea), se adreseaz\u0103 \u2013 din motive diferite, desigur \u2013 tuturor categoriilor de spectatori, dar, cu prec\u0103dere, copiilor. \u201e\u00centr-o lume \u00een care suntem \u00eenv\u0103\u0163a\u0163i de mici c\u0103 trebuie s\u0103 fim mereu \u201enum\u0103rul 1\u201d, c\u0103 trebuie s\u0103 respect\u0103m regulile rutinei zilnice, un copil \u00eendr\u0103zne\u015fte s\u0103 \u00eembog\u0103\u0163easc\u0103 aceast\u0103 realitate cu vise n\u0103stru\u015fnice, cu personaje fabuloase \u015fi \u00eent\u00e2mpl\u0103ri nea\u015fteptate. \u00cen aventurile sale fantastice, zecile de p\u0103pu\u015fi ale surorii sale mai mici iau \u00een st\u0103p\u00e2nire spa\u0163iul casei, iar motanul b\u0103tr\u00e2n al familiei are ascuns \u00een blan\u0103 un fermoar fermecat, prin care se deschide o alt\u0103 lume. Un spectacol \u2013 concert, \u00een care orice sunet poate deveni muzic\u0103, iar visele devin la fel de importante ca faptele reale.\u201d (Raluca Naclad)<\/p>\n<p>&nbsp;<\/p>\n<p>Expozi\u0163ia \u201eMixAge\u201d la Galeriile \u201eLasc\u0103r Vorel\u201d<\/p>\n<p>&nbsp;<\/p>\n<p>O expozi\u0163ie de grafic\u0103 intitulat\u0103 \u201eMixAge\u201d a putut fi vizionat\u0103 \u00een luna aceasta la Galeriile de Art\u0103 \u201eLasc\u0103r Vorel\u201d din Piatra-Neam\u0163. Lucr\u0103rile apar\u0163in arti\u015ftilor plastici Oana C\u0103t\u0103lina Gavriliu (Piatra-Neam\u0163) \u015fi Mihai Voicu (Pa\u015fcani). Vernisajul a avut loc pe data de 6 noiembrie \u015fi s-a bucurat de prezen\u0163a unui public numeros. Au vorbit despre personalitatea, inspira\u0163ia, sensibilitatea \u015fi talentul arti\u015ftilor criticii de art\u0103 Emil Nicolae \u015fi Lucian Strochi.<\/p>\n<p>Emil Nicolae: \u201eMixAge\u201d, adic\u0103 dou\u0103 promo\u0163ii, dou\u0103 v\u00e2rste, dou\u0103 viziuni, dou\u0103 \u015fcoli. Asamblajul expozi\u0163iei e foarte bun, e rezistent, cu toate diferen\u0163ele tehnice, cromatice cuprinse \u00een acest \u201emixaj\u201d.<\/p>\n<p>Mihai Voicu: \u201e Este o pl\u0103cere s\u0103 revin la Piatra-Neam\u0163 pentru c\u0103 aici am debutat. Sunt amintiri pl\u0103cute. Mie \u00eemi plac spa\u0163iile mai intime a\u015fa cum este \u015fi cel de la Galeriile \u201eLasc\u0103r Vorel\u201d. Nu sunt nici consacrat, nici impecabil, consider c\u0103 mai am multe de \u00eenv\u0103\u0163at\u201d.<\/p>\n<p>Oana C\u0103t\u0103lina Gavriliu: \u201eAm \u00eencercat, de fapt, s\u0103 fac o singur\u0103 lucrare. O lucrare modular\u0103. Nu \u015ftiu c\u00e2t se cite\u015fte, am l\u0103sat ca fiecare privitor s\u0103 aib\u0103 o interpretare proprie. Lucrarea am intitulat-o: \u201eSacru \u015fi profan\u201d. Am \u00eencercat s\u0103 fac un taur stilizat care reprezint\u0103 materialitatea lumii \u00een care tr\u0103im pe care am grefat tot felul de subiecte antropomorfe\u201d. (Violeta MO\u015eU)<\/p>\n<p>&nbsp;<\/p>\n<p>Moment aniversar la Teatrul Tineretului<\/p>\n<p>&nbsp;<\/p>\n<p>&nbsp;<\/p>\n<p><a href=\"http:\/\/www.slineamt.ro\/apostolul\/wp-content\/uploads\/2017\/12\/20-ap204-foto7.jpg\"><img loading=\"lazy\" decoding=\"async\" class=\"size-medium wp-image-9928 alignleft\" src=\"http:\/\/www.slineamt.ro\/apostolul\/wp-content\/uploads\/2017\/12\/20-ap204-foto7-300x102.jpg\" alt=\"\" width=\"300\" height=\"102\" srcset=\"http:\/\/www.slineamt.ro\/apostolul\/wp-content\/uploads\/2017\/12\/20-ap204-foto7-300x102.jpg 300w, http:\/\/www.slineamt.ro\/apostolul\/wp-content\/uploads\/2017\/12\/20-ap204-foto7-768x260.jpg 768w, http:\/\/www.slineamt.ro\/apostolul\/wp-content\/uploads\/2017\/12\/20-ap204-foto7-560x190.jpg 560w, http:\/\/www.slineamt.ro\/apostolul\/wp-content\/uploads\/2017\/12\/20-ap204-foto7-260x88.jpg 260w, http:\/\/www.slineamt.ro\/apostolul\/wp-content\/uploads\/2017\/12\/20-ap204-foto7-160x54.jpg 160w, http:\/\/www.slineamt.ro\/apostolul\/wp-content\/uploads\/2017\/12\/20-ap204-foto7.jpg 782w\" sizes=\"auto, (max-width: 300px) 100vw, 300px\" \/><\/a>Pe 9 noiembrie Teatrul Tineretului a s\u0103rb\u0103torit, printr-o reprezenta\u0163ie de gal\u0103, 50 de ani de c\u00e2nd fiin\u0163eaz\u0103 sub acest nume.<\/p>\n<p>Spectacolul dedicat jubileului, a fost o incursiune aleatorie prin istoria Teatrului Tineretului, fiind prezentat ca un scenariu-colaj, de actualii actori ai institu\u0163iei. Atmosfera u\u015for nostalgic\u0103 a fost \u00eentregit\u0103 de momentele muzicale compuse de Bobo Burl\u0103cianu, dar \u015fi cu fragmente de film documentar realizate de regizorul Andrei D\u0103sc\u0103lescu, confesiuni ale celor care au l\u0103sat o parte din sufletul lor acestui teatru \u2013 Coca Bloos, Ana Ciontea, Constantin Cojocaru, Paul Chiribu\u0163\u0103, Alexandru Dabija, Gheorghe Bunghez, Maia Morgenstern \u015f. a. Nu au fost uita\u0163i nici spectatorii fideli (care au trimis scrisori \u00een cadrul concursului \u201eArhiva spectatorilor\u201d), fo\u015fti colaboratori, angaja\u0163i, oameni care au marcat existen\u0163a Teatrului Tineretului.<\/p>\n<p>De asemenea, publicul prezent \u00een foaierele teatrului a putut viziona \u015fi expozi\u0163ia de fotografii \u201eArti\u015fti \u015fi spectatori\u201d, semnat\u0103 de Mihaela Jipa, dar a lipsit o eventual\u0103 expozi\u0163ie a celor mai bune materiale publicitare realizate la TT, de-a lungul vremii.<\/p>\n<p>Seara a fost \u00eencheiat\u0103 \u00eentr-o not\u0103 tonic\u0103 \u015fi amuzant\u0103 de trupa \u201eF\u0103r\u0103 zah\u0103r\u201d. Bobo Burl\u0103cianu \u015fi Bobi Dumitra\u015f (membri trupei \u201eF\u0103r\u0103 zah\u0103r\u201d) au fost aplauda\u0163i la scen\u0103 deschis\u0103, de admiratorii genului.<\/p>\n<p>S-a r\u00e2s, pe alocuri s-au v\u0103rsat lacrimi \u015fi s-au rememorat amintiri. La mul\u0163i ani, Teatrul Tineretului!<\/p>\n<p>&nbsp;<\/p>\n<p>Premiile Bienalei de Art\u0103 plastic\u0103 \u201eLasc\u0103r Vorel\u201d<\/p>\n<p>&nbsp;<\/p>\n<p>Vernisajul expozi\u0163iei celei de a XV-a edi\u0163ii a Bienalei Na\u0163ionale de Art\u0103 plastic\u0103 \u201eLasc\u0103r Vorel\u201d a avut loc la Muzeul de Art\u0103 Piatra-Neam\u0163, vineri 10 noiembrie 2017. Au expus\/concurat cu acest prilej 139 de arti\u015fti (32 din Ia\u015fi, 27 din Neam\u0163, 14 din Bucure\u015fti, 10 din Timi\u015foara \u015fi al\u0163ii din Cluj, Arad, Bac\u0103u, Baia Mare, Bistri\u0163a, Suceava, Constan\u0163a), care au etalat \u00een s\u0103lile Muzeului de Art\u0103 Piatra-Neam\u0163 177 de lucr\u0103ri (134 de pictur\u0103, 24 de grafic\u0103 \u015fi 19 de sculptur\u0103).<\/p>\n<p>\u201eSe \u00eemplinesc anul acesta dou\u0103 decenii de la relansarea Bienalei Na\u0163ionale de Art\u0103 Plastic\u0103 \u201eLasc\u0103r Vorel\u201d, unul dintre cele mai prestigioase evenimente de gen din Rom\u00e2nia. Faptul c\u0103, \u00een prezent, sute de arti\u015fti de prim\u0103 valoare \u015fi-au \u00eenscris \u00een CV-urile lor participarea \u015fi \/ sau premierea la Bienala de la Piatra-Neam\u0163 este o dovad\u0103 a importan\u0163ei pe care a dob\u00e2ndit-o. Meritul este \u00een primul r\u00e2nd al organizatorului \u2013 Funda\u0163ia Vorel Piatra-Neam\u0163 \u2013 \u015fi al partenerilor \u2013 \u00een 2017, la a XV-a edi\u0163ie, ace\u015ftia fiind Complexul Muzeal Jude\u0163ean \u015fi Filiala Neam\u0163 a UAP din Rom\u00e2nia\u201d, a declarat Maria Huminiuc, coordonatoarea proiectului.<\/p>\n<p>Juriul, adic\u0103 prof. univ. dr. Liviu Suhar, prof. univ. dr. Ilie Bostan, prof. univ. dr. Suzana F\u00e2nt\u00e2nariu, prof. Vasile Duda \u015fi muzeograf Violeta Dinu, a decis urm\u0103toarele premii: Simion Cristea \u2013 Marele Premiu; Mihai Pamfil \u2013 pictur\u0103; Dinu Huminiuc \u2013 grafic\u0103 \u015fi Lucian Tudorache \u2013 sculptur\u0103.<\/p>\n<p>&nbsp;<\/p>\n<p>Red.<\/p>\n","protected":false},"excerpt":{"rendered":"<p>Premiului na\u0163ional de proz\u0103 \u201eMihail Sadoveanu\u201d &nbsp; &nbsp; Cea de a 47-a edi\u0163ie a manifest\u0103rii SADOVENIANA \u015fi acordarea Premiului Na\u0163ional pentru Proz\u0103 \u201eMihail Sadoveanu\u201d s-au desf\u0103\u015furat sub egida Consiliului Jude\u0163ean Neam\u0163, av\u00e2nd ca organizatori Complexul Muzeal Jude\u0163ean Neam\u0163, Societatea Scriitorilor&hellip;<\/p>\n<p class=\"more-link-p\"><a class=\"more-link\" href=\"http:\/\/www.slineamt.ro\/apostolul\/arte-si-meseriii\/infocult-27\/\">Read more &rarr;<\/a><\/p>\n","protected":false},"author":1,"featured_media":0,"comment_status":"open","ping_status":"closed","sticky":false,"template":"","format":"standard","meta":{"footnotes":""},"categories":[7,232],"tags":[],"class_list":["post-9907","post","type-post","status-publish","format-standard","hentry","category-arte-si-meseriii","category-numarul-204"],"_links":{"self":[{"href":"http:\/\/www.slineamt.ro\/apostolul\/wp-json\/wp\/v2\/posts\/9907","targetHints":{"allow":["GET"]}}],"collection":[{"href":"http:\/\/www.slineamt.ro\/apostolul\/wp-json\/wp\/v2\/posts"}],"about":[{"href":"http:\/\/www.slineamt.ro\/apostolul\/wp-json\/wp\/v2\/types\/post"}],"author":[{"embeddable":true,"href":"http:\/\/www.slineamt.ro\/apostolul\/wp-json\/wp\/v2\/users\/1"}],"replies":[{"embeddable":true,"href":"http:\/\/www.slineamt.ro\/apostolul\/wp-json\/wp\/v2\/comments?post=9907"}],"version-history":[{"count":1,"href":"http:\/\/www.slineamt.ro\/apostolul\/wp-json\/wp\/v2\/posts\/9907\/revisions"}],"predecessor-version":[{"id":9931,"href":"http:\/\/www.slineamt.ro\/apostolul\/wp-json\/wp\/v2\/posts\/9907\/revisions\/9931"}],"wp:attachment":[{"href":"http:\/\/www.slineamt.ro\/apostolul\/wp-json\/wp\/v2\/media?parent=9907"}],"wp:term":[{"taxonomy":"category","embeddable":true,"href":"http:\/\/www.slineamt.ro\/apostolul\/wp-json\/wp\/v2\/categories?post=9907"},{"taxonomy":"post_tag","embeddable":true,"href":"http:\/\/www.slineamt.ro\/apostolul\/wp-json\/wp\/v2\/tags?post=9907"}],"curies":[{"name":"wp","href":"https:\/\/api.w.org\/{rel}","templated":true}]}}