{"id":14104,"date":"2018-12-26T08:07:29","date_gmt":"2018-12-26T08:07:29","guid":{"rendered":"http:\/\/www.slineamt.ro\/apostolul\/?p=14104"},"modified":"2018-12-26T08:07:29","modified_gmt":"2018-12-26T08:07:29","slug":"acord-intre-guvernul-romaniei-si-federatiile-sindicale-reprezentative-din-invatamant","status":"publish","type":"post","link":"https:\/\/www.slineamt.ro\/apostolul\/viata-sindicala-imperative\/acord-intre-guvernul-romaniei-si-federatiile-sindicale-reprezentative-din-invatamant\/","title":{"rendered":"ACORD \u00eentre Guvernul Rom\u00e2niei \u015fi Federa\u0163iile Sindicale Reprezentative din \u00cenv\u0103\u0163\u0103m\u00e2nt"},"content":{"rendered":"\n<p><\/p>\n\n\n\n<p>\u0162in\u00e2nd cont de faptul c\u0103, \u00een acest moment,\nmedia procentului din P.I.B. alocat educa\u0163iei din \u0163\u0103rile membre ale U.E. este\naproximativ 5,25%.<\/p>\n\n\n\n<p>Apreciind c\u0103 sistemul educa\u0163ional rom\u00e2nesc,\nca \u00een orice \u0163ar\u0103 dezvoltat\u0103, este unul dintre sectoarele strategice de care\ndepinde evolu\u0163ia economiei rom\u00e2ne\u015fti.<\/p>\n\n\n\n<p>Av\u00e2nd \u00een vedere convingerea p\u0103r\u0163ilor\nsemnatare c\u0103 o reform\u0103 real\u0103 a sistemului educa\u0163ional din Rom\u00e2nia \u00eenseamn\u0103\nreg\u00e2ndirea curriculumului \u015fi a modului de preg\u0103tire a resursei umane necesar\u0103\npentru procesul instructiv-educativ.<\/p>\n\n\n\n<p>\u0162in\u00e2nd cont c\u0103 atragerea c\u0103tre \u00eenv\u0103\u0163\u0103m\u00e2nt a\noamenilor cu voca\u0163ie pentru aceast\u0103 meserie este dependent\u0103, \u00een primul r\u00e2nd, de\nmotivarea material\u0103 a acestora.<\/p>\n\n\n\n<p>Av\u00e2nd \u00een vedere nevoia reg\u00e2ndirii legisla\u0163iei\nprivind educa\u0163ia, condi\u0163ie esen\u0163ial\u0103 pentru reformarea educa\u0163iei din Rom\u00e2nia.<\/p>\n\n\n\n<p>Lu\u00e2nd \u00een considerare c\u0103 \u00eenv\u0103\u0163\u0103m\u00e2ntul rom\u00e2nesc\nare misiunea de a forma personalit\u0103\u0163i capabile s\u0103 se adapteze la schimb\u0103rile\ndin societate, care s\u0103-\u015fi \u00eensu\u015feasc\u0103 cuno\u015ftin\u0163ele cultural necesare \u00een\u0163elegerii\nlumii \u00een care tr\u0103im \u015fi care prin competen\u0163e, abilit\u0103\u0163i, aptitudini \u015fi atitudini\ns\u0103 poat\u0103 efectua o munc\u0103 util\u0103 pentru el \u015fi pentru societate.<\/p>\n\n\n\n<p>Consider\u00e2nd c\u0103 pentru \u00eendeplinirea misiunii\nasumate este absolut necesar\u0103 recrutarea cadrelor didactice cu performan\u0163e\nprofesionale \u015fi formarea lor continu\u0103.<\/p>\n\n\n\n<p>\u0162in\u00e2nd cont de faptul c\u0103 personalul\nnedidactic din sistemul de \u00eenv\u0103\u0163\u0103m\u00e2nt este o categorie profesional\u0103 de care\ndepinde buna func\u0163ionare a sistemului educa\u0163ional din Rom\u00e2nia.<\/p>\n\n\n\n<p>Apreciind c\u0103 educa\u0163ia reprezint\u0103 unul dintre\ndomeniile prioritare prev\u0103zute \u00een Programul de Guvernare.<\/p>\n\n\n\n<p>Av\u00e2nd \u00een vedere necesitatea stringent\u0103 de a\nse crea, \u00een \u015fcolile din Rom\u00e2nia, indiferent de mediul urban\/rural, condi\u0163ii\nsimilar cu cele existente \u00een \u0163\u0103rile dezvoltate, pentru a se realiza un proces \u2013\ninstructiv educativ la standardele europene \u015fi pentru a se \u00eenl\u0103tura discrepan\u0163ele\nmajore dintre condi\u0163iile din \u015fcolile urbane \u015fi cele din \u015fcolile rurale,<\/p>\n\n\n\n<p>GUVERNUL ROM\u00c2NIEI SE ANGAJEAZ\u0102 S\u0102 ADOPTE\nURM\u0102TOARELE M\u0102SURI, DE NATUR\u0102 S\u0102 VIN\u0102 \u00ceN SPRIJINUL SISTEMULUI DE \u00ceNV\u0102\u0162\u0102M\u00c2NT \u015eI\nAL SALARIA\u0162ILOR<\/p>\n\n\n\n<p><strong>1.<\/strong> Cre\u015fterea\ngradual a sumelor destinate finan\u0163\u0103rii educa\u0163iei, \u00eencep\u00e2nd cu Legea Bugetului\nde Stat pe anul 2019, \u00een cuantum de cel pu\u0163in 15% anual fa\u0163\u0103 de bugetul anului\nprecedent, astfel \u00eenc\u00e2t s\u0103 se ajung\u0103 la cel pu\u0163in 6% din PIB.<\/p>\n\n\n\n<p>Termen: 31.12.2018.<\/p>\n\n\n\n<p><strong>2.<\/strong> Elaborarea\nunei noi Legisla\u0163ii specific\u0103 \u00eenv\u0103\u0163\u0103m\u00e2ntului, structural\u0103 \u00een Legea \u00cenv\u0103\u0163\u0103m\u00e2ntului\nPreuniversitar, Legea \u00cenv\u0103\u0163\u0103m\u00e2ntului Universitar \u015fi Statutul Personalului\nDidactic, legi ce vor da o nou\u0103 viziune sistemului de \u00eenv\u0103\u0163\u0103m\u00e2nt. <\/p>\n\n\n\n<p>Termen: 31.03.2019. Adoptarea \u00een Guvern.<\/p>\n\n\n\n<p><strong>3.<\/strong> Adoptarea,\nmodernizarea \u015fi simplificarea programelor \u015fcolare, la cerin\u0163ele secolului XXI,\n\u00een corela\u0163ie cu pia\u0163a muncii. Se vor revizui programele \u015fcolare pentru ciclul\nprimar \u015fi gimnazial \u015fi vor fi aprobate noile abord\u0103ri curricular pentru ciclul\nliceal. <\/p>\n\n\n\n<p>Termen: 01.09.2019.<\/p>\n\n\n\n<p><strong>4.<\/strong> Cre\u015fterea\nsalarial\u0103 prev\u0103zut\u0103 \u00een anul 2022 urmeaz\u0103 s\u0103 fie devansat\u0103 p\u00e2n\u0103 la data de 1\nseptembrie 2020 pentru personalul didactic de predare, personalul didactic\nauxiliar, personalul didactic de conducere, de \u00eendrumare \u015fi control din \u00eenv\u0103\u0163\u0103m\u00e2nt.\nCre\u015fterile salariale prev\u0103zute \u00een Legea 153\/2017 pentru 2019 vor fi cuprinse \u00een\nLegea Bugetului de Stat \u015fi vor fi acordate \u00eencep\u00e2nd cu 1 ianuarie 2019, iar\npentru anul 2020 cre\u015fterile salariale vor fi acordate \u00eencep\u00e2nd cu 1 ianuarie \u015fi\n1 septembrie 2020.<\/p>\n\n\n\n<p>&nbsp;Actul\nnormativ va fi adoptat p\u00e2n\u0103 la 31.12.2018.<\/p>\n\n\n\n<p><strong>5.<\/strong> Calculul\n\u015fi plata sporurilor, indemniza\u0163iilor \u015fi a celorlalte drepturi care se cuvin\npersonalului din \u00eenv\u0103\u0163\u0103m\u00e2nt s\u0103 se realizeze raportat la salariul de baz\u0103 \u00een\nplat\u0103, cu modific\u0103rile programului EDUSAL. De asemenea, se aplic\u0103 art.\n8\/153\/2017 \u00eencep\u00e2nd cu 1.01.2019.<\/p>\n\n\n\n<p>&nbsp;Termen: 01.09.2019.<\/p>\n\n\n\n<p><strong>6.<\/strong> Guvernul\nse angajeaz\u0103 ca \u00eencep\u00e2nd cu data de 1 ianuarie 2019 s\u0103 coreleze salariile de\nbaz\u0103 pentru personalul care \u00eendepline\u015fte func\u0163ii similar (studii, grad\ndidactic, grada\u0163ie de vechime \u015fi vechime \u00een \u00eenv\u0103\u0163\u0103m\u00e2nt) \u00een \u00eenv\u0103\u0163\u0103m\u00e2ntul\npreuniversitar.<\/p>\n\n\n\n<p>&nbsp;Termen: 01.01.2019.<\/p>\n\n\n\n<p><strong>7.<\/strong> \u00cen Legea\nprivind Statutul personalului didactic se vor prevedea urm\u0103toarele forme de\nsprijin de care beneficiaz\u0103 personalul didactic \u015fi de predare \u015fi data de la\ncare acestea se acord\u0103, respectiv:<\/p>\n\n\n\n<p>a) Acordarea a dou\u0103 salarii minime\nbrute pe an pentru dezvoltarea personal\u0103, precum \u015fi pentru materialele\ndidactice necesare procesului instructive-educativ.<\/p>\n\n\n\n<p>Termen: 01.09.2019.<\/p>\n\n\n\n<p>b) Acordarea unei grada\u0163ii de stat de\n80% pentru creditul angajat, \u00een vederea achizi\u0163ion\u0103rii unei locuin\u0163e de c\u0103tre\npersonalul didactic de predare, care nu de\u0163ine o locuin\u0163\u0103 \u00een localitatea urban\u0103\n\u00een care \u00ee\u015fi desf\u0103\u015foar\u0103 activitatea \u015fi subven\u0163ionarea integral\u0103 a dob\u00e2nzii\npentru acest tip de credit. Locuin\u0163a poate s\u0103 fie nou\u0103 sau s\u0103 aib\u0103 cel mult 2\nani vechime. <\/p>\n\n\n\n<p>Termen: 01.07.2019.<\/p>\n\n\n\n<p>c) Personalului didactic de predare\ncare \u00ee\u015fi desf\u0103\u015foar\u0103 activitatea \u00een mediul rural i se acord\u0103 p\u00e2n\u0103 la 5000 euro\npentru achizi\u0163ionarea terenului necesar construc\u0163iei unei locuin\u0163e, sau\/\u015fi\npentru achizi\u0163ia unei locuin\u0163e, sau\/\u015fi pentru modernizarea acesteia. De\nasemenea, personalul didactic de predare \u00een mediul rural beneficiaz\u0103 \u015fi de\nprevederile de la punctul b. <\/p>\n\n\n\n<p>Obliga\u0163ia beneficiarilor acestor\ncredite este ca cel pu\u0163in 5 ani de zile s\u0103 r\u0103m\u00e2n\u0103 s\u0103 predea \u00een localitatea\nrespectiv\u0103. \u00cen caz contrar, suma se restituie propor\u0163ional cu perioada r\u0103mas\u0103.<\/p>\n\n\n\n<p>Termen: 01.07.2019.<\/p>\n\n\n\n<p>d) De formarea profesional\u0103 continu\u0103 va\nbeneficia personalul didactic din \u00eenv\u0103\u0163\u0103m\u00e2nt \u015fi, de asemenea, prin derogare,\npoate beneficia \u015fi personalul didactic auxiliar \u015fi personalul nedidactic.\nCursurile vor avea costurile acoperite integral de la bugetul de stat \u015fi vor fi\norganizate de c\u0103tre universit\u0103\u0163i \u015fi de c\u0103tre organiza\u0163iile sindicale cu\nstructuri acreditate.<\/p>\n\n\n\n<p>Termen: 01.07.2019.<\/p>\n\n\n\n<p>e) Personalul din \u00eenv\u0103\u0163\u0103m\u00e2nt va\nbeneficia de asisten\u0163\u0103 medical\u0103 gratuit\u0103 pentru examin\u0103rile medicale periodice\nimpuse de lege, precum \u015fi de m\u0103suri de prevenire a \u00eemboln\u0103virilor profesionale.\n<\/p>\n\n\n\n<p>Personalul didactic va beneficia de\nvaccinare gratuit\u0103 \u00eempotriva bolilor infecto-contagioase.<\/p>\n\n\n\n<p>Termen: 01.01.2019.<\/p>\n\n\n\n<p>f) Casele Corpului Didactic vor deveni\nCentre de Formare Profesional\u0103 continu\u0103 \u00een care se vor desf\u0103\u015fura activit\u0103\u0163i de\nformare, perfec\u0163ionare, calificare pentru personalul din \u00eenv\u0103\u0163\u0103m\u00e2nt. Au acces\ngratuit pentru cursurile de formare, perfec\u0163ionare \u015fi calificare \u015fi organiza\u0163iile\nsindicale. Finan\u0163area se face potrivit Legii \u00cenv\u0103\u0163\u0103m\u00e2ntului. <\/p>\n\n\n\n<p>Lista cursurilor de formare continu\u0103\npentru personalul din \u00eenv\u0103\u0163\u0103m\u00e2nt se aprob\u0103 de Ministerul Educa\u0163iei Na\u0163ionale cu\nconsultarea federa\u0163iilor sindicale reprezentative din \u00eenv\u0103\u0163\u0103m\u00e2nt. <\/p>\n\n\n\n<p>Termen: 31.03.2019.<\/p>\n\n\n\n<p>g) Acordarea unei prime de instalare \u00een\ncuantum de 3 salarii medii brute pe economie pentru personalul didactic care se\ntitularizeaz\u0103 \u00een mediul rural. \u00cen cazul \u00een care cadrul didactic \u00ee\u015fi modific\u0103\nlocul de munc\u0103 din mediul rural \u00een mediul urban, demisioneaz\u0103 sau intr\u0103 \u00een\nconcediu f\u0103r\u0103 plat\u0103, \u00een mai pu\u0163in de 5 ani \u015fcolari de la data titulariz\u0103rii, va\nrestitui o parte din indemniza\u0163ie, propor\u0163ional cu num\u0103rul anilor \u015fcolari \u00een\ncare nu desf\u0103\u015foar\u0103 activitatea \u00een mediul rural.<\/p>\n\n\n\n<p>Prevederea urmeaz\u0103 a fi introdus\u0103 \u00een\nlegisla\u0163ia specific\u0103 a \u00eenv\u0103\u0163\u0103m\u00e2ntului. <\/p>\n\n\n\n<p>Termen: 01.09.2019.<\/p>\n\n\n\n<p>h) Cadrelor didactice cu o vechime\nefectiv\u0103 \u00een \u00eenv\u0103\u0163\u0103m\u00e2nt de minim 30 de ani, li se acord\u0103 la pensionare 6 salarii\nmedii brute pe economie. <\/p>\n\n\n\n<p>\u00cen actul normativ, respectiv Legea\nBugetului de Stat pentru anul 2019, vor fi prev\u0103zute sumele necesare. <\/p>\n\n\n\n<p>Termen 01.09.2019.<\/p>\n\n\n\n<p>i) Ministerul Educa\u0163iei va stabili\ncriterii na\u0163ionale de performan\u0163\u0103 pentru acordarea premiilor \u015fi grada\u0163iilor de\nmerit personalului didactic din \u00eenv\u0103\u0163\u0103m\u00e2ntul preuniversitar. <\/p>\n\n\n\n<p>Termen:31.12.2019.<\/p>\n\n\n\n<p>j) Modificarea Codului Finan\u0163elor\nPublice locale prin introducerea unei obliga\u0163ii de decontare integral\u0103 a\nabonamentelor\/biletelor de c\u0103l\u0103torie pentru desf\u0103\u015furarea activit\u0103\u0163ii de predare\nde c\u0103tre personalul didactic. Aceast\u0103 prevedere va fi \u00eenso\u0163it\u0103 de sanc\u0163iuni\naplicate unit\u0103\u0163ilor administrative-teritoriale care nu respect aceast\u0103 obliga\u0163ie.<\/p>\n\n\n\n<p>Termen: 2019.<\/p>\n\n\n\n<p>&nbsp;<strong>8.<\/strong> \u00cen legisla\u0163ia specific\u0103 \u00eenv\u0103\u0163\u0103m\u00e2ntului\nse vor prevedea:<\/p>\n\n\n\n<p>a) Instituirea, prin Legea Bugetului de\nStat, a unui cont unic de dezvoltare prin intermediul c\u0103ruia toate universit\u0103\u0163ile\ns\u0103 poat\u0103 demara\/finaliza proiectele de investi\u0163ii f\u0103r\u0103 afectarea bugetelor \u015fi\nfondurilor existente \u00een universit\u0103\u0163i. Universit\u0103\u0163ile pot s\u0103 participe din\nfonduri proprii, inclusiv din solduri, la realizarea investi\u0163iilor demarate din\nacest fond.<\/p>\n\n\n\n<p>Termen: 2019.<\/p>\n\n\n\n<p>b) Sus\u0163inerea, prin locuri bugetare \u015fi\nburse, a studen\u0163ilor care opteaz\u0103 pentru cariera didactic\u0103 \u015fi \u00eendeplinesc\ncriteriile profesionale impuse de universit\u0103\u0163i.<\/p>\n\n\n\n<p>Num\u0103rul anual al acestor locuri se\nstabile\u015fte de Ministerul Educa\u0163iei Na\u0163ionale \u00eempreun\u0103 cu federa\u0163iile sindicale\nreprezentative din \u00eenv\u0103\u0163\u0103m\u00e2nt. <\/p>\n\n\n\n<p>Termen: 2019.<\/p>\n\n\n\n<p>c) Elevii din \u00eenv\u0103\u0163\u0103m\u00e2ntul profesional,\ncare studiaz\u0103 \u00een alt\u0103 localitate dec\u00e2t cea de domiciliu \u015fi care se oblig\u0103 s\u0103\nlucreze minimum 5 ani \u00een Rom\u00e2nia, beneficiaz\u0103 de decontarea integral\u0103 a\ncheltuielilor privind cazarea, hrana \u015fi transportul, pe toat\u0103 durata cursurilor\n\u015fi a practicii \u015fcolare.<\/p>\n\n\n\n<p>Termen: 01.09.2019.<\/p>\n\n\n\n<p>d) Stabilirea, prin hot\u0103r\u00e2re de Guvern,\na incompatibilit\u0103\u0163ilor de ordin medical cu func\u0163ia didactic\u0103 \u015fi a bolilor\nprofesionale pentru personalul didactic.<\/p>\n\n\n\n<p>Termen: 31.03.2019.<\/p>\n\n\n\n<p><strong>9.<\/strong> \u00cen legea\nbugetului de stat, pentru anul 2019, vor fi prev\u0103zute resursele financiare\nnecesare pentru plata tuturor sumelor stabilite prin hot\u0103r\u00e2ri judec\u0103tore\u015fti\ndefinitive p\u00e2n\u0103 la data de 31.12.2018, precum \u015fi drepturile aferente Legii\n85\/2016 pentru anii 2017 \u015fi 2018. <\/p>\n\n\n\n<p>Aceste sume vor fi pl\u0103tite p\u00e2n\u0103 la\n31.01.2019. Sumele rezultate din hot\u0103r\u00e2rile judec\u0103tore\u015fti definitive, dup\u0103 data\nde 31.12.2018 precum \u015fi sumele cuvenite pentru anul 2019, aferente Legii\n85\/2016, vor fi prev\u0103zute \u00een rectific\u0103rile bugetare ale anului 2019.<\/p>\n\n\n\n<p>Termen: 31.01.2019.<\/p>\n\n\n\n<p><strong>10.<\/strong> Pentru sus\u0163inerea\nprogramelor de tip \u201e\u015ecoal\u0103 dup\u0103 \u015ecoal\u0103\u201d, programul \u201eMas\u0103 cald\u0103 \u00een \u015fcoli\u201d \u015fi\n\u201eCornul \u015fi laptele\u201d Guvernul se angajeaz\u0103 s\u0103 asigure 60% din costuri iar\nautorit\u0103\u0163ile locale 40% \u00een vederea amenaj\u0103rii unor spa\u0163ii adecvate <\/p>\n\n\n\n<p>Termen: 31.12.2020.<\/p>\n\n\n\n<p><strong>11.<\/strong> Revizuirea\nmodului de determinare a costului standard per antepre\u015fcolar\/ pre\u015fcolar\/ elev\/ student\nprin racordarea la costurile reale \u015fi prin actualizarea normativelor <\/p>\n\n\n\n<p>Termen: 31.08.2019.<\/p>\n\n\n\n<p><strong>12.<\/strong> Sus\u0163inerea\ndezvolt\u0103rii de spin-off-uri \u015fi start-up-uri \u00een universit\u0103\u0163i \u00een vederea\ncre\u015fterii caracterului antreprenorial al acestora.<\/p>\n\n\n\n<p>Termen: 31.12.2019.<\/p>\n\n\n\n<p><strong>13.<\/strong> Evaluarea\n\u015fi analiza posibilit\u0103\u0163ii de a pl\u0103ti practica de specialitate a studen\u0163ilor din\n\u00eenv\u0103\u0163\u0103m\u00e2ntul de licen\u0163\u0103 la cursuri de zi.<\/p>\n\n\n\n<p>Termen: 31.12.2019.<\/p>\n\n\n\n<p><strong>14.<\/strong> Ministerul\nEduca\u0163iei Na\u0163ionale \u015fi Ministerul Dezvolt\u0103rii Regionale \u015fi Administra\u0163iei\nPublice elaboreaz\u0103 o strategie pentru dezvoltarea infrastructurii \u015fcolare\nastfel \u00eenc\u00e2t toate unit\u0103\u0163ile de \u00eenv\u0103\u0163\u0103m\u00e2nt preuniversitar s\u0103 \u00eenve\u0163e \u00eentr-un\nsingur schimb.<\/p>\n\n\n\n<p>Termen: 31.12.2019.<\/p>\n\n\n\n<p><strong>15.<\/strong>\n\u00cencurajarea \u015fi sus\u0163inerea universit\u0103\u0163ilor \u00een cre\u015fterea num\u0103rului de studen\u0163i\nstr\u0103ini \u015fi a num\u0103rului de burse alocate pentru ace\u015ftia.<\/p>\n\n\n\n<p>Termen: PERMANENT.<\/p>\n\n\n\n<p>&nbsp;<strong>16.<\/strong> \u00cenfiin\u0163area a cel pu\u0163in unui centru\nmulticultural \u015fi a unor centre de excelen\u0163\u0103 de nivel na\u0163ional, pentru \u00eenv\u0103\u0163\u0103m\u00e2ntul\nsuperior.<\/p>\n\n\n\n<p>Termen: 01.09.2019.<\/p>\n\n\n\n<p>&nbsp;<strong>17.<\/strong> Crearea cadrului legal pentru\nconstruirea a cel pu\u0163in 1000 de gr\u0103dini\u0163e cu program sportiv. Activit\u0103\u0163ile\ndidactice \u015fi sportive a celor cuprin\u015fi \u00een aceste gr\u0103dini\u0163e vor fi continuate \u00een\nciclurile primar \u015fi gimnazial.<\/p>\n\n\n\n<p>Termen: 31.03.2019.<\/p>\n\n\n\n<p><strong>18.<\/strong> Legea \u00cenv\u0103\u0163\u0103m\u00e2ntului\npreuniversitar va cuprinde, prin m\u0103suri curriculare \u015fi extra curriculare,\nreglement\u0103ri privind eradicarea violen\u0163ei \u00een \u015fcoli. <\/p>\n\n\n\n<p>Termen: 31.03.2019.<\/p>\n\n\n\n<p><strong>19.<\/strong> Cadrele\ndidactice nu pot face preg\u0103tire \u00een particular cu elevii\/studen\u0163ii cu care\ndesf\u0103\u015foar\u0103 activit\u0103\u0163i didactice. <\/p>\n\n\n\n<p>Guvernul Rom\u00e2niei:<\/p>\n\n\n\n<p>Prim-ministru Vasilica Viorica D\u0102NCIL\u0102<\/p>\n\n\n\n<p>Viceprim-ministru, Ministrul Dezvolt\u0103rii Regionale<\/p>\n\n\n\n<p>\u015fi Administra\u0163iei Publice \u2013 Paul ST\u0102NESCU<\/p>\n\n\n\n<p>Ministrul Educa\u0163iei na\u0163ionale \u2013 Ecaterina\nANDRONESCU<\/p>\n\n\n\n<p>Ministrul Finan\u0163elor Publice \u2013 Eugen Orlando\nTEODOROVICI <\/p>\n\n\n\n<p>Ministrul Muncii \u015fi Justi\u0163iei Sociale \u2013\nMarius Constantin BUD\u0102I<\/p>\n\n\n\n<p>Federa\u0163ia Sindicatelor Libere din \u00cenv\u0103\u0163\u0103m\u00e2nt:<\/p>\n\n\n\n<p>Pre\u015fedinte \u2013 Simion H\u0102NCESCU<\/p>\n\n\n\n<p>Federa\u0163ia Sindicatelor din Educa\u0163ie \u201eSpiru\nHaret\u201d:<\/p>\n\n\n\n<p>Pre\u015fedinte \u2013 Marius Ovidiu NISTOR<\/p>\n\n\n\n<p>Federa\u0163ia Na\u0163ional\u0103 Sindical\u0103 Alma Mater:<\/p>\n\n\n\n<p>Pre\u015fedinte \u2013 Anton HAD\u0102R<\/p>\n\n\n\n<p>29 noiembrie 2018<\/p>\n","protected":false},"excerpt":{"rendered":"<p>\u0162in\u00e2nd cont de faptul c\u0103, \u00een acest moment, media procentului din P.I.B. alocat educa\u0163iei din \u0163\u0103rile membre ale U.E. este aproximativ 5,25%. Apreciind c\u0103 sistemul educa\u0163ional rom\u00e2nesc, ca \u00een orice \u0163ar\u0103 dezvoltat\u0103, este unul dintre sectoarele strategice de care depinde&hellip;<\/p>\n<p class=\"more-link-p\"><a class=\"more-link\" href=\"https:\/\/www.slineamt.ro\/apostolul\/viata-sindicala-imperative\/acord-intre-guvernul-romaniei-si-federatiile-sindicale-reprezentative-din-invatamant\/\">Read more &rarr;<\/a><\/p>\n","protected":false},"author":1,"featured_media":0,"comment_status":"open","ping_status":"closed","sticky":false,"template":"","format":"standard","meta":{"footnotes":""},"categories":[11,358],"tags":[],"class_list":["post-14104","post","type-post","status-publish","format-standard","hentry","category-viata-sindicala-imperative","category-numarul-216"],"_links":{"self":[{"href":"https:\/\/www.slineamt.ro\/apostolul\/wp-json\/wp\/v2\/posts\/14104","targetHints":{"allow":["GET"]}}],"collection":[{"href":"https:\/\/www.slineamt.ro\/apostolul\/wp-json\/wp\/v2\/posts"}],"about":[{"href":"https:\/\/www.slineamt.ro\/apostolul\/wp-json\/wp\/v2\/types\/post"}],"author":[{"embeddable":true,"href":"https:\/\/www.slineamt.ro\/apostolul\/wp-json\/wp\/v2\/users\/1"}],"replies":[{"embeddable":true,"href":"https:\/\/www.slineamt.ro\/apostolul\/wp-json\/wp\/v2\/comments?post=14104"}],"version-history":[{"count":1,"href":"https:\/\/www.slineamt.ro\/apostolul\/wp-json\/wp\/v2\/posts\/14104\/revisions"}],"predecessor-version":[{"id":14107,"href":"https:\/\/www.slineamt.ro\/apostolul\/wp-json\/wp\/v2\/posts\/14104\/revisions\/14107"}],"wp:attachment":[{"href":"https:\/\/www.slineamt.ro\/apostolul\/wp-json\/wp\/v2\/media?parent=14104"}],"wp:term":[{"taxonomy":"category","embeddable":true,"href":"https:\/\/www.slineamt.ro\/apostolul\/wp-json\/wp\/v2\/categories?post=14104"},{"taxonomy":"post_tag","embeddable":true,"href":"https:\/\/www.slineamt.ro\/apostolul\/wp-json\/wp\/v2\/tags?post=14104"}],"curies":[{"name":"wp","href":"https:\/\/api.w.org\/{rel}","templated":true}]}}