{"id":14110,"date":"2018-12-26T08:10:48","date_gmt":"2018-12-26T08:10:48","guid":{"rendered":"http:\/\/www.slineamt.ro\/apostolul\/?p=14110"},"modified":"2018-12-26T08:10:48","modified_gmt":"2018-12-26T08:10:48","slug":"in-memoriam-prof-george-grigorica","status":"publish","type":"post","link":"https:\/\/www.slineamt.ro\/apostolul\/comemorari\/in-memoriam-prof-george-grigorica\/","title":{"rendered":"In memoriam: prof. George Grigoric\u0103"},"content":{"rendered":"\n<p>+foto:24-ap216-foto1.jpg<\/p>\n\n\n\n<ul class=\"wp-block-gallery alignleft columns-1 is-cropped wp-block-gallery-1 is-layout-flex wp-block-gallery-is-layout-flex\"><li class=\"blocks-gallery-item\"><figure><img loading=\"lazy\" decoding=\"async\" width=\"293\" height=\"386\" src=\"http:\/\/www.slineamt.ro\/apostolul\/wp-content\/uploads\/2018\/12\/24-ap216-foto1.jpg\" alt=\"\" data-id=\"14113\" data-link=\"http:\/\/www.slineamt.ro\/apostolul\/?attachment_id=14113\" class=\"wp-image-14113\" srcset=\"https:\/\/www.slineamt.ro\/apostolul\/wp-content\/uploads\/2018\/12\/24-ap216-foto1.jpg 293w, https:\/\/www.slineamt.ro\/apostolul\/wp-content\/uploads\/2018\/12\/24-ap216-foto1-228x300.jpg 228w, https:\/\/www.slineamt.ro\/apostolul\/wp-content\/uploads\/2018\/12\/24-ap216-foto1-260x343.jpg 260w, https:\/\/www.slineamt.ro\/apostolul\/wp-content\/uploads\/2018\/12\/24-ap216-foto1-160x211.jpg 160w\" sizes=\"auto, (max-width: 293px) 100vw, 293px\" \/><figcaption>pag1.qxd<\/figcaption><\/figure><\/li><\/ul>\n\n\n\n<p>Dup\u0103 o scurt\u0103 \u015fi intens\u0103 suferin\u0163\u0103, pe 24\nnoiembrie a.c. s-a \u00een\u0103l\u0163at c\u0103tre cele \u00eenalte George Grigoric\u0103, unul dintre\nmarcan\u0163ii apostoli ai \u015fcolii nem\u0163ene. Mentor, dasc\u0103l de excep\u0163ie, formator a\nmulte genera\u0163ii de elevi, membru compozitor al Uniunii Compozitorilor din\nRom\u00e2nia, dirijor \u015fi scriitor, om cu principii ferme, cinstit, corect \u015fi modest,\nacesta s-a bucurat de aprecierea unanim\u0103 a elevilor \u015fi a cadrelor didactice\nl\u0103s\u00e2nd \u00een urm\u0103 o durere imens\u0103 \u00een sufletele membrilor familiei \u015fi ale tuturor\ncelor care l-au cunoscut \u015fi apreciat. <\/p>\n\n\n\n<p>Profesorul George Grigoric\u0103 s-a n\u0103scut la 24\naprilie 1933 \u00een comuna Cosme\u015fti-Gala\u0163i \u015fi a studiat Conservatorul de Muzic\u0103\n\u201eCiprian Porumbescu\u201d din Bucure\u015fti, sub \u00eendrumarea unor mae\u015ftri de \u00eenalt\nprestigiu pentru muzica rom\u00e2neasc\u0103, printre ace\u015ftia fiind D. D. Botez,\nAlexandru Pa\u015fcanu, Ioan Vicol, Ion Dumitrescu \u015f.a. <\/p>\n\n\n\n<p>De-a lungul celor 49 de ani de carier\u0103, a\nfost profesor la Liceul <em>Petru Rare\u015f<\/em>\n(azi Colegiu Na\u0163ional), Liceul de Art\u0103 <em>Victor\nBrauner<\/em>, \u015ecoala nr. 27 (8), precum \u015fi dirijor al Corului Cadrelor Didactice\ndin Piatra-Neam\u0163.<\/p>\n\n\n\n<p>\u00centreaga sa st\u0103ruin\u0163\u0103 profesional\u0103 a fost\n\u00eenchinat\u0103 educ\u0103rii prin muzic\u0103 a oamenilor \u015fi \u00eennobil\u0103rii lor spirituale. St\u0103\nm\u0103rturie \u00een acest sens \u015fi cartea sa \u201eDincolo de portativ\u201d (Editura \u201eCetatea\nDoamnei\u201d, Piatra-Neam\u0163, 2013), carte care a cunoscut deja dou\u0103 edi\u0163ii, fiind\nbine primit\u0103 nu doar de melomani, ci \u015fi de cititorii de toate v\u00e2rstele. Cit\u0103m\ndin \u201eCuv\u00e2ntul c\u0103tre cititori\u201d, un adev\u0103rat crez artistic:<\/p>\n\n\n\n<p>\u201eCa iubitor al muzicii de \u00eenalt\u0103, nobil\u0103 \u015fi\nprofund\u0103 expresie, am fost preocupat de-a lungul vie\u0163ii \u015fi de deslu\u015firea unor\ntainice leg\u0103turi dintre muzicienii ca oameni, cu calit\u0103\u0163ile, sl\u0103biciunile \u015fi\narta lor. M-a fascinat comportamentul acestora, \u00een rela\u0163iile cu semenii, \u00een via\u0163a\nsocial\u0103, dar \u015fi \u00een alte \u00eemprejur\u0103ri. (&#8230;) Cele adunate \u00een aceast\u0103 carte pot\nveni \u00een \u00eent\u00e2mpinarea celor dornici de a se informa \u015fi care se vor sim\u0163i atra\u015fi\ncu mai mult\u0103 motivare \u00een s\u0103lile de concert sau de audi\u0163ie muzical\u0103. \u00cen acest\nfel ei vor \u00een\u0163elege c\u0103 mesajul acestei muzici a\u015fa zis superioare, aparent\n\u00eencifrate \u015fi greu de p\u0103truns, poate ajunge la sufletul lor, cu condi\u0163ia s\u0103 lase\nla o parte prejudec\u0103\u0163ile \u015fi re\u0163inerea; vor descoperi un univers spiritual\naccesibil \u015fi bogat \u00een tr\u0103iri suflete\u015fti de larg\u0103 dimensiune uman\u0103 &#8230; D\u00e2ndu-ne\nseama, a\u015fadar, c\u0103 muzicienii sunt \u015fi ei oameni ca noi, r\u0103sfoind acestei pagini,\n\u00eei vom cunoa\u015fte mai bine \u00een universul lor creator; ne vom bucura sau ne vom\n\u00eentrista, afl\u00e2ndu-le pove\u015ftile lor de via\u0163\u0103 \u015fi, poate, spiritul lor r\u0103t\u0103citor\nprin eternitate nu se va mai sim\u0163i stingher&#8230;\u201d (<strong>M. Z.<\/strong>)<\/p>\n","protected":false},"excerpt":{"rendered":"<p>+foto:24-ap216-foto1.jpg Dup\u0103 o scurt\u0103 \u015fi intens\u0103 suferin\u0163\u0103, pe 24 noiembrie a.c. s-a \u00een\u0103l\u0163at c\u0103tre cele \u00eenalte George Grigoric\u0103, unul dintre marcan\u0163ii apostoli ai \u015fcolii nem\u0163ene. Mentor, dasc\u0103l de excep\u0163ie, formator a multe genera\u0163ii de elevi, membru compozitor al Uniunii Compozitorilor&hellip;<\/p>\n<p class=\"more-link-p\"><a class=\"more-link\" href=\"https:\/\/www.slineamt.ro\/apostolul\/comemorari\/in-memoriam-prof-george-grigorica\/\">Read more &rarr;<\/a><\/p>\n","protected":false},"author":1,"featured_media":0,"comment_status":"open","ping_status":"closed","sticky":false,"template":"","format":"standard","meta":{"footnotes":""},"categories":[5,358],"tags":[],"class_list":["post-14110","post","type-post","status-publish","format-standard","hentry","category-comemorari","category-numarul-216"],"_links":{"self":[{"href":"https:\/\/www.slineamt.ro\/apostolul\/wp-json\/wp\/v2\/posts\/14110","targetHints":{"allow":["GET"]}}],"collection":[{"href":"https:\/\/www.slineamt.ro\/apostolul\/wp-json\/wp\/v2\/posts"}],"about":[{"href":"https:\/\/www.slineamt.ro\/apostolul\/wp-json\/wp\/v2\/types\/post"}],"author":[{"embeddable":true,"href":"https:\/\/www.slineamt.ro\/apostolul\/wp-json\/wp\/v2\/users\/1"}],"replies":[{"embeddable":true,"href":"https:\/\/www.slineamt.ro\/apostolul\/wp-json\/wp\/v2\/comments?post=14110"}],"version-history":[{"count":1,"href":"https:\/\/www.slineamt.ro\/apostolul\/wp-json\/wp\/v2\/posts\/14110\/revisions"}],"predecessor-version":[{"id":14116,"href":"https:\/\/www.slineamt.ro\/apostolul\/wp-json\/wp\/v2\/posts\/14110\/revisions\/14116"}],"wp:attachment":[{"href":"https:\/\/www.slineamt.ro\/apostolul\/wp-json\/wp\/v2\/media?parent=14110"}],"wp:term":[{"taxonomy":"category","embeddable":true,"href":"https:\/\/www.slineamt.ro\/apostolul\/wp-json\/wp\/v2\/categories?post=14110"},{"taxonomy":"post_tag","embeddable":true,"href":"https:\/\/www.slineamt.ro\/apostolul\/wp-json\/wp\/v2\/tags?post=14110"}],"curies":[{"name":"wp","href":"https:\/\/api.w.org\/{rel}","templated":true}]}}