{"id":17327,"date":"2019-07-24T14:15:16","date_gmt":"2019-07-24T14:15:16","guid":{"rendered":"http:\/\/www.slineamt.ro\/apostolul\/?p=17327"},"modified":"2019-07-24T14:15:16","modified_gmt":"2019-07-24T14:15:16","slug":"drepturi-banesti-ciuntite-de-interpretari-eronate-ale-hotararilor-judecatoresti","status":"publish","type":"post","link":"https:\/\/www.slineamt.ro\/apostolul\/viata-sindicala-imperative\/drepturi-banesti-ciuntite-de-interpretari-eronate-ale-hotararilor-judecatoresti\/","title":{"rendered":"Drepturi b\u0103ne\u015fti ciuntite de interpret\u0103ri eronate ale hot\u0103r\u00e2rilor judec\u0103tore\u015fti"},"content":{"rendered":"\n<p>\u2022 Interviu cu dl. Gabriel\nPlosc\u0103, pre\u015fedintele sindicatului din \u00eenv\u0103\u0163\u0103m\u00e2nt Neam\u0163<\/p>\n\n\n\n<p><em>\u2013 Se pare c\u0103 travers\u0103m o\nperioad\u0103 de acalmie. Adev\u0103rat?<\/em><\/p>\n\n\n\n<p>\u2013 Aparent. Spun asta pentru c\u0103 \u00een ultima vreme activitatea sindical\u0103 a fost\ndestul de zbuciumat\u0103, din cauza mai multor \u00eent\u00e2mpl\u0103ri nedorite. A\u015f dori s\u0103 aduc\n\u00een aten\u0163ia colegilor no\u015ftri c\u00e2teva dintre acestea, probleme pe care, cu siguran\u0163\u0103,\n\u015fi dumnealor le cunosc, pentru c\u0103 se refer\u0103 la ni\u015fte drepturi salariale.<\/p>\n\n\n\n<p><em>\u2013 Care este cea mai\nstringent\u0103 dintre probleme?<\/em><\/p>\n\n\n\n<p><em>\u2013 <\/em>\u00cen primul r\u00e2nd trebuie\ns\u0103 vorbesc despre dob\u00e2nzile legale care au fost ob\u0163inute \u00een urma ac\u0163iunilor\nnoastre \u00een instan\u0163\u0103, pentru drepturile salariale neacordate la timp. Ne-am\nbucurat c\u0103 \u00een sf\u00e2r\u015fit s-au primit banii pentru aceste dob\u00e2nzi numai c\u0103\ndezam\u0103girea este c\u0103 nu s-au interpretat corect hot\u0103r\u00e2rile judec\u0103tore\u015fti, \u00een\nsensul c\u0103 dob\u00e2nzile care trebuiau pl\u0103tite trebuiau s\u0103 fie cele remuneratorii,\nplus cele penalizatoare, sau m\u0103car dob\u00e2nzile penalizatoare. Din p\u0103cate, doar\nunele \u015fcoli au pl\u0103tit dob\u00e2nzi penalizatoare. Trebuie explicat c\u0103 sunt dou\u0103\ntipuri de dob\u00e2nzi: remuneratorii \u015fi penalizatoare. Corect, dup\u0103 p\u0103rerea\nnoastr\u0103, este s\u0103 se pl\u0103teasc\u0103 ambele. Am dorit s\u0103 avem un punct de vedere\nunitar \u00een tot jude\u0163ul, \u00eens\u0103, \u00een Comisia Paritar\u0103 nu am c\u0103zut de acord. Cei de\nla Minister au sus\u0163inut c\u0103 trebuie date numai cele remuneratorii, iar Inspectoratul\n\u015ecolar Jude\u0163ean Neam\u0163 a preluat acest punct de vedere \u015fi l-a transmis \u00een \u015fcoli.\nNoi, Sindicatul, am avut o pozi\u0163ie tran\u015fant\u0103 \u015fi am comunicat unit\u0103\u0163ilor de \u00eenv\u0103\u0163\u0103m\u00e2nt\no adres\u0103 prin care am justificat, cu argumente legale, c\u0103 dob\u00e2nda care trebuie\nacordat\u0103 este cel pu\u0163in cea penalizatoare. Drept urmare, doar unele consilii de\nadministra\u0163ie \u015fi-au asumat r\u0103spunderea \u015fi au hot\u0103r\u00e2t s\u0103 pl\u0103teasc\u0103 dob\u00e2nzile\npenalizatoare. Unit\u0103\u0163ile \u015fcolare, av\u00e2nd personalitate juridic\u0103, au competen\u0163a,\nprin consiliile de administra\u0163ie, s\u0103 decid\u0103 ce dob\u00e2nzi acord\u0103. Astfel, \u00een unele\nconsilii de administra\u0163ie s-a \u00een\u0163eles c\u0103 este corect punctul nostru de vedere \u015fi\ns-au dat aceste dob\u00e2nzi penalizatoare, interpret\u00e2nd corect hot\u0103r\u00e2rile\njudec\u0103tore\u015fti. \u00cen altele, b\u0103nuiesc c\u0103 nici nu au fost citite hot\u0103r\u00e2rile\njudec\u0103tore\u015fti \u015fi s-a mers pe ceea ce a spus Inspectoratul \u015ecolar. Sumele\nacordate au fost cerute de \u015fcoli, Inspectoratul a centralizat situa\u0163ia \u015fi a\ncerut banii de la Minister. Sigur c\u0103 acele \u015fcoli care au cerut numai dob\u00e2nzile\nremuneratorii, doar at\u00e2t au primit, \u00een vreme ce \u015fcolile a c\u0103ror conducere a \u00een\u0163eles\nc\u0103 trebuie s\u0103 se acorde dob\u00e2nzi penalizatoare, au primit sumele respective. <\/p>\n\n\n\n<p><em>\u2013 Cum poate ac\u0163iona\nsindicatul pentru a veni \u00een sprijinul salaria\u0163ilor care se simt discrimina\u0163i?<\/em><\/p>\n\n\n\n<p><em>\u2013 <\/em>\u00cen momentul de fa\u0163\u0103, noi\nsuntem \u00een faza \u00een care demar\u0103m noi ac\u0163iuni \u00een instan\u0163\u0103, pentru c\u0103 dorim ca\ndob\u00e2nda legal\u0103 care se pl\u0103te\u015fte pentru drepturile salariale neacordate la timp\ns\u0103 se fac\u0103 la fel \u00een toate unit\u0103\u0163ile \u015fcolare. Din p\u0103cate, aceste demersuri\npresupun timp \u015fi cheltuial\u0103 suplimentar\u0103.<\/p>\n\n\n\n<p><em>\u2013 Ce lucruri bune a\u0163i\nmai putea semnala la capitolul realiz\u0103rilor sindicale?<\/em><\/p>\n\n\n\n<p><em>\u2013 <\/em>Un lucru care ne bucur\u0103\neste acela c\u0103 s-au acordat voucherele de vacan\u0163\u0103. Acestea au ajuns deja la\ncolegii no\u015ftri. Fiind al doilea an c\u00e2nd se acord\u0103 aceste vouchere, unit\u0103\u0163ile \u015fcolare\ns-au organizat corespunz\u0103tor, le-au comandat la timp la unit\u0103\u0163ile emitente \u015fi\nnu au fost probleme cu acordarea lor. A\u015f dori \u00eens\u0103 s\u0103 le atrag aten\u0163ia\ncolegilor no\u015ftri c\u0103 aceste vouchere trebuie s\u0103 fie utilizate \u00een termenul de un\nan. Acestea au fost eliberate \u00een iunie 2019, deci au valabilitate p\u00e2n\u0103 \u00een iunie\n2020. Subliniez faptul c\u0103 voucherele de vacan\u0163\u0103 trebuie valorificate \u00een acest\ninterval, pentru c\u0103 \u00een anul acesta am avut \u015fi situa\u0163ii \u00een care oamenii,\nnepreocup\u00e2ndu-se din timp s\u0103 le foloseasc\u0103, au r\u0103mas cu ele.<\/p>\n\n\n\n<p><em>\u2013 Sunt cazuri izolate\nsau ave\u0163i semnale c\u0103 mare parte din beneficiari nu au reu\u015fit s\u0103 utilizeze\nvoucherele \u00een termenul de valabilitate? <\/em><\/p>\n\n\n\n<p><em>\u2013 <\/em>Din p\u0103cate, procentajul\neste destul de ridicat. La nivel de \u0163ar\u0103 avem r\u0103mase nevalorificate cam 25% din\ntotalul voucherelor. Sper\u0103m ca anul acesta s\u0103 nu mai avem situa\u0163ii de felul\nacesta. Trebuie spus c\u0103 numai noi \u015ftim, la nivel de sindicat, c\u00e2t ne-am zb\u0103tut\npentru a le ob\u0163ine, iar repro\u015furile din partea celor care ni le-au aprobat \u00een\ncele din urm\u0103 nu au \u00eent\u00e2rziat acum s\u0103 apar\u0103. <\/p>\n\n\n\n<p><em>\u2013 Schimb\u00e2nd registrul\ninforma\u0163iilor, spune\u0163i-ne \u00een ce stadiu se afl\u0103 procedura de acordare a grada\u0163iilor\nde merit?<\/em><\/p>\n\n\n\n<p><em>\u2013 <\/em>Concursul pentru\nacordarea grada\u0163iilor de merit este \u00een faza contesta\u0163iilor. Fa\u0163\u0103 de anii trecu\u0163i,\npot spune c\u0103 anul 2019 este unul atipic. Foarte pu\u0163ini \u00eenscri\u015fi, dar \u015fi num\u0103r\nde grada\u0163ii redus fa\u0163\u0103 de anii trecu\u0163i. Fiind \u00eencheiere de ciclu, dup\u0103 cinci\nani de zile, la unele discipline nici nu au fost grada\u0163ii de merit, fiind luate\nmai multe \u00een anii trecu\u0163i. Surpriza a fost c\u0103 foarte pu\u0163ini colegi s-au \u00eenscris\nla acest concurs. La personal didactic, to\u0163i cei care s-au \u00eenscris au \u015fi ob\u0163inut\ngrada\u0163ie de merit; ba mai mult, am r\u0103mas cu un num\u0103r de 29 de grada\u0163ii de merit\nneacordate, din cauz\u0103 c\u0103 nu au fost solicit\u0103ri. Asta \u00een ciuda eforturilor\nnoastre, depuse \u00een Comisia Paritar\u0103, pentru redistribuirea, de la disciplinele\nunde nu au fost candida\u0163i, spre disciplinele cu candida\u0163i ce \u00eentruneau minim 70\nde puncte. Dar nu am reu\u015fit s\u0103 redistribuim dec\u00e2t patru pentru personalul\ndidactic \u015fi dou\u0103 pentru personalul didactic auxiliar. Astfel, la didactic au\nr\u0103mas 29 de grada\u0163ii neacordate, iar banii aferen\u0163i acestor grada\u0163ii se \u00eentorc la\nbugetul de stat, f\u0103r\u0103 ca sumele s\u0103 se poat\u0103 reporta pentru anul viitor. Din\ntotalul celor 131 de grada\u0163ii de merit acordate, 105 au fost pentru personalul\ndidactic, iar 26 \u2013 pentru personalul didactic auxiliar. <\/p>\n\n\n\n<p><em>\u2013 De ce s-au speriat\ncadrele didactice \u015fi nu s-au mai \u00eenscris pentru ob\u0163inerea acestor grada\u0163ii?\nS-au schimbat criteriile de acordare?<\/em><\/p>\n\n\n\n<p><em>\u2013 <\/em>Da. \u015ei punctajul pentru\na ob\u0163ine grada\u0163ia de merit s-a modificat, de la 65 de puncte c\u00e2t a fost anul\ntrecut, la 70 anul acesta. Dar e greu de explicat \u015fi nu vreau s\u0103 cred c\u0103 nu\navem colegi care s\u0103 aib\u0103 activit\u0103\u0163i, astfel \u00eenc\u00e2t s\u0103 poat\u0103 str\u00e2nge cele 70 de\npuncte care s\u0103 le permit\u0103 intrarea \u00een competi\u0163ie. S-ar putea ca anul acesta s\u0103\nfie profesori care nu au o activitate at\u00e2t de intens\u0103, dar poate c\u0103 anul viitor\nvor fi mai mul\u0163i pe un loc. <\/p>\n\n\n\n<p><em>\u2013 Ce g\u00e2nduri le\ntransmite\u0163i colegilor \u00een aceast\u0103 perioad\u0103, de binemeritat\u0103 relaxare?<\/em><\/p>\n\n\n\n<p><em>\u2013 <\/em>Le doresc tuturor\ncolegilor mei o vacan\u0163\u0103 c\u00e2t mai lini\u015ftit\u0103, o vacan\u0163\u0103 frumoas\u0103. S\u0103 \u00eencerc\u0103m s\u0103\nne refacem for\u0163ele, pentru c\u0103, b\u0103nuiesc eu, ne va a\u015ftepta un an \u015fcolar nu\nfoarte u\u015for. De fapt, c\u00e2nd a fost u\u015for \u00een ultimii ani?! Avem nevoie de aceast\u0103\nrefacere a for\u0163elor, pentru a putea face fa\u0163\u0103 acestor schimb\u0103ri at\u00e2t de dese \u015fi\nintempestive. S\u0103 ne revedem s\u0103n\u0103to\u015fi la primul sunet de clopo\u0163el!<\/p>\n\n\n\n<p><strong><em>A consemnat Mircea ZAHARIA<\/em><\/strong><\/p>\n","protected":false},"excerpt":{"rendered":"<p>\u2022 Interviu cu dl. Gabriel Plosc\u0103, pre\u015fedintele sindicatului din \u00eenv\u0103\u0163\u0103m\u00e2nt Neam\u0163 \u2013 Se pare c\u0103 travers\u0103m o perioad\u0103 de acalmie. Adev\u0103rat? \u2013 Aparent. Spun asta pentru c\u0103 \u00een ultima vreme activitatea sindical\u0103 a fost destul de zbuciumat\u0103, din cauza mai&hellip;<\/p>\n<p class=\"more-link-p\"><a class=\"more-link\" href=\"https:\/\/www.slineamt.ro\/apostolul\/viata-sindicala-imperative\/drepturi-banesti-ciuntite-de-interpretari-eronate-ale-hotararilor-judecatoresti\/\">Read more &rarr;<\/a><\/p>\n","protected":false},"author":1,"featured_media":0,"comment_status":"open","ping_status":"closed","sticky":false,"template":"","format":"standard","meta":{"footnotes":""},"categories":[11,395],"tags":[],"class_list":["post-17327","post","type-post","status-publish","format-standard","hentry","category-viata-sindicala-imperative","category-numarul-223"],"_links":{"self":[{"href":"https:\/\/www.slineamt.ro\/apostolul\/wp-json\/wp\/v2\/posts\/17327","targetHints":{"allow":["GET"]}}],"collection":[{"href":"https:\/\/www.slineamt.ro\/apostolul\/wp-json\/wp\/v2\/posts"}],"about":[{"href":"https:\/\/www.slineamt.ro\/apostolul\/wp-json\/wp\/v2\/types\/post"}],"author":[{"embeddable":true,"href":"https:\/\/www.slineamt.ro\/apostolul\/wp-json\/wp\/v2\/users\/1"}],"replies":[{"embeddable":true,"href":"https:\/\/www.slineamt.ro\/apostolul\/wp-json\/wp\/v2\/comments?post=17327"}],"version-history":[{"count":1,"href":"https:\/\/www.slineamt.ro\/apostolul\/wp-json\/wp\/v2\/posts\/17327\/revisions"}],"predecessor-version":[{"id":17330,"href":"https:\/\/www.slineamt.ro\/apostolul\/wp-json\/wp\/v2\/posts\/17327\/revisions\/17330"}],"wp:attachment":[{"href":"https:\/\/www.slineamt.ro\/apostolul\/wp-json\/wp\/v2\/media?parent=17327"}],"wp:term":[{"taxonomy":"category","embeddable":true,"href":"https:\/\/www.slineamt.ro\/apostolul\/wp-json\/wp\/v2\/categories?post=17327"},{"taxonomy":"post_tag","embeddable":true,"href":"https:\/\/www.slineamt.ro\/apostolul\/wp-json\/wp\/v2\/tags?post=17327"}],"curies":[{"name":"wp","href":"https:\/\/api.w.org\/{rel}","templated":true}]}}