{"id":18497,"date":"2019-12-24T03:32:06","date_gmt":"2019-12-24T03:32:06","guid":{"rendered":"http:\/\/www.slineamt.ro\/apostolul\/?p=18497"},"modified":"2019-12-24T03:35:04","modified_gmt":"2019-12-24T03:35:04","slug":"18497","status":"publish","type":"post","link":"https:\/\/www.slineamt.ro\/apostolul\/comemorari\/18497\/","title":{"rendered":"In memoriam\ufeff &#8211; FLORIN FLORESCU"},"content":{"rendered":"\n<div class=\"wp-block-image\"><figure class=\"alignleft\"><img loading=\"lazy\" decoding=\"async\" width=\"293\" height=\"425\" src=\"https:\/\/www.slineamt.ro\/apostolul\/wp-content\/uploads\/2019\/12\/29-ap227-foto1.jpg\" alt=\"\" class=\"wp-image-18503\" srcset=\"https:\/\/www.slineamt.ro\/apostolul\/wp-content\/uploads\/2019\/12\/29-ap227-foto1.jpg 293w, https:\/\/www.slineamt.ro\/apostolul\/wp-content\/uploads\/2019\/12\/29-ap227-foto1-207x300.jpg 207w, https:\/\/www.slineamt.ro\/apostolul\/wp-content\/uploads\/2019\/12\/29-ap227-foto1-260x377.jpg 260w, https:\/\/www.slineamt.ro\/apostolul\/wp-content\/uploads\/2019\/12\/29-ap227-foto1-160x232.jpg 160w\" sizes=\"auto, (max-width: 293px) 100vw, 293px\" \/><\/figure><\/div>\n\n\n\n<p><strong>01.04.1944 \u2013 05.12.2009<\/strong><br><\/p>\n\n\n\n<p><strong>\u00cen urm\u0103 cu 10 ani a plecat dintre noi profesorul Florin\nFlorescu, pre\u015fedinte fondator al Sindicatului Liber al Lucr\u0103torilor din \u00cenv\u0103\u0163\u0103m\u00e2nt\n\u015fi Cercetare \u015etiin\u0163ific\u0103 Neam\u0163.<\/strong><\/p>\n\n\n\n<p><strong>A fost un OM de mare caracter \u015fi militant sindical\nrespectat la nivel na\u0163ional.<\/strong><\/p>\n\n\n\n<p><strong>Noi, cei r\u0103ma\u015fi, \u00eei vom p\u0103stra amintirea vie.<\/strong><\/p>\n\n\n\n<p><strong>Dumnezeu s\u0103-l odihneasc\u0103 \u00een pace!<\/strong><\/p>\n\n\n\n<p><strong><em>Biroul\nOperativ al Sindicatului din \u00cenv\u0103\u0163\u0103m\u00e2nt Neam\u0163<\/em><\/strong><\/p>\n\n\n\n<p><strong><em>Pre\u015fedinte,\nGabriel PLOSC\u0102<\/em><\/strong><\/p>\n","protected":false},"excerpt":{"rendered":"<p>01.04.1944 \u2013 05.12.2009 \u00cen urm\u0103 cu 10 ani a plecat dintre noi profesorul Florin Florescu, pre\u015fedinte fondator al Sindicatului Liber al Lucr\u0103torilor din \u00cenv\u0103\u0163\u0103m\u00e2nt \u015fi Cercetare \u015etiin\u0163ific\u0103 Neam\u0163. A fost un OM de mare caracter \u015fi militant sindical respectat la&hellip;<\/p>\n<p class=\"more-link-p\"><a class=\"more-link\" href=\"https:\/\/www.slineamt.ro\/apostolul\/comemorari\/18497\/\">Read more &rarr;<\/a><\/p>\n","protected":false},"author":1,"featured_media":0,"comment_status":"open","ping_status":"closed","sticky":false,"template":"","format":"standard","meta":{"footnotes":""},"categories":[5,416],"tags":[],"class_list":["post-18497","post","type-post","status-publish","format-standard","hentry","category-comemorari","category-numarul-227"],"_links":{"self":[{"href":"https:\/\/www.slineamt.ro\/apostolul\/wp-json\/wp\/v2\/posts\/18497","targetHints":{"allow":["GET"]}}],"collection":[{"href":"https:\/\/www.slineamt.ro\/apostolul\/wp-json\/wp\/v2\/posts"}],"about":[{"href":"https:\/\/www.slineamt.ro\/apostolul\/wp-json\/wp\/v2\/types\/post"}],"author":[{"embeddable":true,"href":"https:\/\/www.slineamt.ro\/apostolul\/wp-json\/wp\/v2\/users\/1"}],"replies":[{"embeddable":true,"href":"https:\/\/www.slineamt.ro\/apostolul\/wp-json\/wp\/v2\/comments?post=18497"}],"version-history":[{"count":3,"href":"https:\/\/www.slineamt.ro\/apostolul\/wp-json\/wp\/v2\/posts\/18497\/revisions"}],"predecessor-version":[{"id":18509,"href":"https:\/\/www.slineamt.ro\/apostolul\/wp-json\/wp\/v2\/posts\/18497\/revisions\/18509"}],"wp:attachment":[{"href":"https:\/\/www.slineamt.ro\/apostolul\/wp-json\/wp\/v2\/media?parent=18497"}],"wp:term":[{"taxonomy":"category","embeddable":true,"href":"https:\/\/www.slineamt.ro\/apostolul\/wp-json\/wp\/v2\/categories?post=18497"},{"taxonomy":"post_tag","embeddable":true,"href":"https:\/\/www.slineamt.ro\/apostolul\/wp-json\/wp\/v2\/tags?post=18497"}],"curies":[{"name":"wp","href":"https:\/\/api.w.org\/{rel}","templated":true}]}}