{"id":18530,"date":"2019-12-24T03:42:42","date_gmt":"2019-12-24T03:42:42","guid":{"rendered":"http:\/\/www.slineamt.ro\/apostolul\/?p=18530"},"modified":"2019-12-24T03:42:42","modified_gmt":"2019-12-24T03:42:42","slug":"infocult-48","status":"publish","type":"post","link":"https:\/\/www.slineamt.ro\/apostolul\/arte-si-meseriii\/infocult-48\/","title":{"rendered":"INFOCULT"},"content":{"rendered":"\n<p><strong>\u201eFloricic\u0103 de la munte\u201d, de Ziua Na\u0163ional\u0103, la Londra<\/strong><\/p>\n\n\n\n<p>La invita\u0163ia\nAmbasadei Rom\u00e2niei la Londra, Centrul pentru Cultur\u0103 \u015fi Arte \u201eCarmen Saeculare\u201d\nNeam\u0163 a participat, \u00een capitala Marii Britanii, la un amplu eveniment dedicat\ns\u0103rb\u0103toririi Zilei Na\u0163ionale a Rom\u00e2niei.<\/p>\n\n\n\n<p>Astfel, la\nsediul Institutului Cultural Rom\u00e2n de la Londra, \u015fi \u00een alte spa\u0163ii puse la\ndispozi\u0163ie de acesta, timp de trei zile Ansamblul \u201eFloricic\u0103 de la munte\u201d,\ncoordonat de Dedilia Popovici, a sus\u0163inut o serie de spectacole folclorice care\nau pus \u00een valoare obiceiurile \u015fi tradi\u0163iile zonei Neam\u0163ului. Pe scenele\nlondoneze au r\u0103sunat acordurile celor mai c\u00e2ntate melodii patriotice ale c\u0103ror\nversuri i-au \u00eensufle\u0163it acum un veac pe f\u0103uritorii Marii Uniri, printre ele <em>Hai, rom\u00e2ni, la hora mare, M\u00e2ndr\u0103 Rom\u00e2nie,\nDin Moldova lui \u015etefan, Doamne, ocrote\u015fte-i pe rom\u00e2ni, Balada Iancului<\/em>. Acestea\nau \u00eenso\u0163it suite de dansuri populare din toate zonele etnofolclorice ale \u0163inutului.<\/p>\n\n\n\n<p>De asemenea,\n\u00een spectacolele care s-au desf\u0103\u015furat la Londra, au fost prezentate datini \u015fi\nobiceiuri de iarn\u0103 practicate \u015fi azi, precum odinioar\u0103, \u00een Neam\u0163 \u2013 colinde\nstr\u0103mo\u015fe\u015fti, c\u00e2ntece de Stea, jocul m\u0103\u015ftilor, al caprei, al ursului, Plugu\u015forul\n\u015fi Sorcova.<\/p>\n\n\n\n<p>\u00cen locurile\n\u00een care s-au desf\u0103\u015furat spectacolele au fost organizate \u015fi demonstra\u0163ii ale\nme\u015fterilor populari, elementele de cultur\u0103 tradi\u0163ional\u0103 fiind prezentate comunit\u0103\u0163ii\nde rom\u00e2ni \u015fi misiunilor diplomatice str\u0103ine acreditate \u00een Marea Britanie.\nEcourile \u00eentregului eveniment desf\u0103\u015furat la Londra, de Ziua Na\u0163ional\u0103, au fost\npozitive, numero\u015fii spectatori vizitatori fiind fascina\u0163i de farmecul\nfolclorului \u015fi tradi\u0163iilor nem\u0163ene.<\/p>\n\n\n\n<p><strong>Secven\u0163e cromatice Radu Bercea<\/strong><\/p>\n\n\n\n<div class=\"wp-block-image\"><figure class=\"alignleft is-resized\"><img loading=\"lazy\" decoding=\"async\" src=\"https:\/\/www.slineamt.ro\/apostolul\/wp-content\/uploads\/2019\/12\/26-ap227-foto1.jpg\" alt=\"\" class=\"wp-image-18533\" width=\"358\" height=\"239\" srcset=\"https:\/\/www.slineamt.ro\/apostolul\/wp-content\/uploads\/2019\/12\/26-ap227-foto1.jpg 696w, https:\/\/www.slineamt.ro\/apostolul\/wp-content\/uploads\/2019\/12\/26-ap227-foto1-300x200.jpg 300w, https:\/\/www.slineamt.ro\/apostolul\/wp-content\/uploads\/2019\/12\/26-ap227-foto1-560x374.jpg 560w, https:\/\/www.slineamt.ro\/apostolul\/wp-content\/uploads\/2019\/12\/26-ap227-foto1-260x174.jpg 260w, https:\/\/www.slineamt.ro\/apostolul\/wp-content\/uploads\/2019\/12\/26-ap227-foto1-160x107.jpg 160w\" sizes=\"auto, (max-width: 358px) 100vw, 358px\" \/><\/figure><\/div>\n\n\n\n<p>Expozi\u0163ia\n\u201eEseu cromatic\u201d a pictorului humorean Radu Bercea a putut fi vizionat\u0103, la\n\u00eenceputul lunii decembrie a. c., la Sala Cupola a Bibliotecii Jude\u0163ene \u201eG.T.\nKirileanu\u201d. Radu Bercea este fost de\u0163inut politic \u015fi a \u00eemplinit de cur\u00e2nd 80 de\nani.<\/p>\n\n\n\n<p>\u201eCeea ce\nvede\u0163i pe simeze sunt lucrurile pe care Radu Bercea le-a salvat din \u00eentunericul\nsuferin\u0163ei biografice. A fost un efort mult mai mare dec\u00e2t \u00een cazul unui artist\ncu un parcurs normal, f\u0103r\u0103 \u00eentreruperi for\u0163ate. Avem acuarel\u0103, pictur\u0103,\ngrafic\u0103, tehnic\u0103 mixt\u0103, avem compozi\u0163ie \u015fi mai avem o foarte mare siguran\u0163\u0103 a\ndesenului. Radu Bercea ne face o demonstra\u0163ie de cum se poate tr\u0103i, \u00eentr-o lume\nbezmetic\u0103, ostil\u0103, f\u0103c\u00e2nd art\u0103\u201d, a spus criticul de art\u0103 Emil Nicolae.<\/p>\n\n\n\n<p>Radu Bercea\na expus \u00een premier\u0103 la Piatra-Neam\u0163. \u201eV\u0103 mul\u0163umesc pentru primirea deosebit de\ncald\u0103. Sunte\u0163i ni\u015fte oameni minuna\u0163i \u015fi promit, c\u00e2t o s\u0103 m\u0103 mai \u0163in\u0103 Dumnezeu\n\u015fi de c\u00e2te ori se va ivi ocazia, s\u0103 particip \u015fi cu alte expozi\u0163ii. Una de\ncaricatur\u0103, mi-ar pl\u0103cea, vreo 100 de lucr\u0103ri pe teme pe care noi le tr\u0103im\u201d, a\nmen\u0163ionat Radu Bercea.<\/p>\n\n\n\n<p>Participan\u0163ii\nla vernisaj s-au bucurat \u015fi de momentele muzicale preg\u0103tite de clasa de chitar\u0103\na \u015ecolii Populare de Art\u0103 din Piatra-Neam\u0163, protagoni\u015fti fiind profesorul\nFlorentin Bl\u0103naru \u015fi eleva sa, Inge Olaru.<\/p>\n\n\n\n<p><strong>Cas\u0103 pentru Teatrul Tandem<\/strong><\/p>\n\n\n\n<p>La 23 de ani\nde la \u00eenfiin\u0163are, Teatrul Tandem al so\u0163ilor Maria \u015fi Gheorghe Hibovski are o\nsal\u0103 proprie de spectacole. Amenajat\u0103 \u00eentr-o fost\u0103 central\u0103 termic\u0103, \u00een Pia\u0163a\n22 Decembrie, la nr. 7, noua incint\u0103 dispune de 52 de locuri. Inaugurarea a\navut loc la mijlocul s\u0103pt\u0103m\u00e2nii, cu o sear\u0103 dedicat\u0103 prietenilor (27 noiembrie)\n\u015fi cu o reuniune a sponsorilor (28 noiembrie).<\/p>\n\n\n\n<p>\u201eSunt foarte\nbucuros s\u0103 \u00abaltoiesc\u00bb primul gong acestui spa\u0163iu. Arhitectul Eugen Mic\u015fa a\ndefinitivat primul proiect, dup\u0103 multe schimb\u0103ri, permut\u0103ri. Aceast\u0103 configura\u0163ie\na fost p\u00e2n\u0103 la urm\u0103 agreat\u0103, pentru c\u0103 este mai func\u0163ional\u0103. Dac\u0103 nu erau\nfoarte mul\u0163i oameni care s-au implicat, prieteni de-ai no\u015ftri, n-am fi reu\u015fit.\nPractic, acest spa\u0163iu a fost realizat de ei. 60 de firme ne-au ajutat. Noi vom\nfi consecven\u0163i. Ce am f\u0103cut p\u00e2n\u0103 acum o s\u0103 facem \u015fi de acum \u00eenainte. Suntem\naservi\u0163i propriilor crezuri\u201d, a afirmat Gheorghe Hibovski.<\/p>\n\n\n\n<p>\u201e\u00cen lumea asta\nbezmetic\u0103, \u00een care toate se destram\u0103, un asemenea eveniment este o surpriz\u0103\nextraordinar\u0103. Maria \u015fi Ghi\u0163\u0103 merit\u0103 aplauzele \u015fi aprecierea noastr\u0103, la fel to\u0163i\ncei care i-au ajutat\u201d, a spus \u015fi criticul de art\u0103 Emil Nicolae.<\/p>\n\n\n\n<p>Cu acest\nprilej, s-a deschis o expozi\u0163ie de caricatur\u0103 semnat\u0103 Ovidiu Stanciu, iar\ncantautoarea Maria R\u0103ducanu a sus\u0163inut un recital-surpriz\u0103.<\/p>\n\n\n\n<p><strong><em>Ia \u2013 ADN-ul\nciviliza\u0163iei montane rom\u00e2ne\u015fti<\/em><\/strong><\/p>\n\n\n\n<div class=\"wp-block-image\"><figure class=\"alignright is-resized\"><img loading=\"lazy\" decoding=\"async\" src=\"https:\/\/www.slineamt.ro\/apostolul\/wp-content\/uploads\/2019\/12\/26-ap227-foto2.jpg\" alt=\"\" class=\"wp-image-18536\" width=\"319\" height=\"487\" srcset=\"https:\/\/www.slineamt.ro\/apostolul\/wp-content\/uploads\/2019\/12\/26-ap227-foto2.jpg 510w, https:\/\/www.slineamt.ro\/apostolul\/wp-content\/uploads\/2019\/12\/26-ap227-foto2-197x300.jpg 197w, https:\/\/www.slineamt.ro\/apostolul\/wp-content\/uploads\/2019\/12\/26-ap227-foto2-260x397.jpg 260w, https:\/\/www.slineamt.ro\/apostolul\/wp-content\/uploads\/2019\/12\/26-ap227-foto2-160x244.jpg 160w\" sizes=\"auto, (max-width: 319px) 100vw, 319px\" \/><\/figure><\/div>\n\n\n\n<p>Lansarea c\u0103r\u0163ii\n\u201eIa \u2013 ADN-ul civiliza\u0163iei montane rom\u00e2ne\u015fti\u201d de Vasile Av\u0103d\u0103nei \u015fi Lidia\nAv\u0103d\u0103nei, a avut loc pe 22 noiembrie, la Biblioteca Jude\u0163ean\u0103 G.T.K.<\/p>\n\n\n\n<p>Prezentare:\ndr. Elena Florescu \u015fi dr. Vasile Todinc\u0103; momente muzicale: Trupa folck \u201eEu\nCred\u201d. <\/p>\n\n\n\n<p>Volumul a\nap\u0103rut \u00een cadrul unui proiect finan\u0163at de Consiliul Jude\u0163ean Neam\u0163.<\/p>\n\n\n\n<p>Absolvent al\nInstitutului Politehnic din Ia\u015fi, Facultatea de Inginerie Chimic\u0103, doctor \u00een\n\u015etiin\u0163e Chimice la Universitatea Politehnic\u0103 Bucure\u015fti, Vasile Av\u0103d\u0103nei este\ncercet\u0103tor \u015ftiin\u0163ific gradul III \u00een cadrul Institutului Na\u0163ional de Cercet\u0103ri\nEconomice \u201eCostin C. Kiri\u0163escu\u201d al Academiei Rom\u00e2ne.<\/p>\n\n\n\n<p>\u00cen anul 2011\na primit premiul \u201eA. Tacu\u201d, acordat de Institutul de Cercet\u0103ri Economice \u015fi\nSociale \u201eGh. Zane\u201d al Academiei Rom\u00e2ne, filiala Ia\u015fi.<\/p>\n\n\n\n<p>Lidia\nAv\u0103d\u0103nei este cercet\u0103tor \u015ftiin\u0163ific gradul III (asociat) \u00een cadrul Institutului\nNa\u0163ional de Cercet\u0103ri Economice \u201eCostin C. Kiri\u0163escu\u201d al Academiei Rom\u00e2ne,\ndoctor \u00een \u015etiin\u0163e Chimice la Universitatea Politehnic\u0103 Bucure\u015fti. A publicat o\nserie de lucr\u0103ri (c\u0103r\u0163i, manuale, articole) \u00een domeniul tehnologiei\npolimerilor, dezvoltare montan\u0103, dezvoltare economic\u0103 local\u0103, antreprenoriat,\nturism. inovare-creativitate. <\/p>\n\n\n\n<p><strong>O nou\u0103 expozi\u0163ie de pictur\u0103 Carmen C\u0103rbunariu<\/strong><\/p>\n\n\n\n<div class=\"wp-block-image\"><figure class=\"alignleft is-resized\"><img loading=\"lazy\" decoding=\"async\" src=\"https:\/\/www.slineamt.ro\/apostolul\/wp-content\/uploads\/2019\/12\/26-ap227-foto3.jpg\" alt=\"\" class=\"wp-image-18539\" width=\"337\" height=\"477\" srcset=\"https:\/\/www.slineamt.ro\/apostolul\/wp-content\/uploads\/2019\/12\/26-ap227-foto3.jpg 461w, https:\/\/www.slineamt.ro\/apostolul\/wp-content\/uploads\/2019\/12\/26-ap227-foto3-212x300.jpg 212w, https:\/\/www.slineamt.ro\/apostolul\/wp-content\/uploads\/2019\/12\/26-ap227-foto3-260x368.jpg 260w, https:\/\/www.slineamt.ro\/apostolul\/wp-content\/uploads\/2019\/12\/26-ap227-foto3-160x226.jpg 160w\" sizes=\"auto, (max-width: 337px) 100vw, 337px\" \/><\/figure><\/div>\n\n\n\n<p>\u00cen perioada\n2-15 decembrie 2019, pe simezele S\u0103lii Cupol\u0103 a Bibliotecii GTK s-a aflat\nexpozi\u0163ia de pictur\u0103 \u201eCulorile iubirii\u201d semnat\u0103 de Carmen C\u0103rbunariu. <\/p>\n\n\n\n<p>Artista\nplastic\u0103 a dedicat evenimentul cultural cinstirii celor \u201eTrei decenii de\nlibertate \u00een Rom\u00e2nia\u201d, marc\u00e2nd, astfel, aniversarea Revolu\u0163iei din decembrie\n1989. Vernisajul a avut loc pe 5 decembrie, a fost prezentat de poetul Dorin\nPloscaru \u015fi precedat de un moment muzical sus\u0163inut de pianista Oana C\u0103rbunariu\n\u015fi violonista Estera Cuzuioc. <\/p>\n\n\n\n<p>Carmen\nC\u0103rbunariu s-a n\u0103scut la Piatra-Neam\u0163, \u00een anul 1958. Primii pa\u015fi \u00een art\u0103 i-au\nfost \u00eendruma\u0163i de sculptorul Pompiliu Clement. Urmeaz\u0103 \u015ecoala General\u0103 de\nMuzic\u0103 \u015fi Arte Plastice, finalizeaz\u0103 studiile Universit\u0103\u0163ii Tehnice \u201eGheorghe\nAsachi\u201d din Ia\u015fi (1980) dar, pasionat\u0103 de pictur\u0103, emigreaz\u0103 \u00een Italia (1999).\nSus\u0163ine licen\u0163a la \u201eAccademia di Belle Arti\u201d din Carrara, urmeaz\u0103 un Master \u00een\n\u201eArte Visuale \u2013 Pittura\u201d, ob\u0163ine numeroase premii \u015fi o bun\u0103 cota\u0163ie \u00een\ngaleriile de art\u0103.<\/p>\n\n\n\n<p>Operele ei\nau fost publicate \u00een numeroase cataloage, jurnale \u015fi reviste de art\u0103 din Italia\n\u015fi Norvegia, bucur\u00e2ndu-se de aprecierea publicului, a colegilor arti\u015fti \u015fi a\ncriticilor de art\u0103. \u00cen anul 2017 se \u00eentoarce acas\u0103, la Piatra-Neam\u0163, dup\u0103 o\nabsen\u0163\u0103 de peste 18 ani, cu bucuria \u015fi speran\u0163a c\u0103 \u00een sf\u00e2r\u015fit se va putea\ndedica f\u0103r\u0103 rezerve picturii \u015fi desenului.<\/p>\n\n\n\n<p><strong>Concertul coral \u201eVenite adoremus\u201d a deschis seria\nevenimentelor dedicate Cr\u0103ciunului<\/strong><\/p>\n\n\n\n<p>La \u00eenceputul\nlunii decembrie, Centrul pentru Cultur\u0103 \u015fi Arte \u201eCarmen Saeculare\u201d Neam\u0163 \u015fi\nAcademia Na\u0163ional\u0103 de Muzic\u0103 \u201eGheorghe Dima\u201d Cluj-Napoca, Extensia Piatra-Neam\u0163,\nau invitat publicul pietrean la concertul coral intitulat \u201eVenite adoremus\u201d.\nAcest eveniment, \u00een care a performat corul \u201eDimAcord\u201d al studen\u0163ilor Academiei,\ncondus de dirijoarea Rodica Trandafir, a fost o binevenit\u0103 ocazie de a ne\npreg\u0103ti suflete\u015fte pentru Sf\u00e2nta S\u0103rb\u0103toare a Na\u015fterii pe care \u00eentreaga lume\ncre\u015ftin\u0103 o celebreaz\u0103 pe 25 decembrie.<\/p>\n\n\n\n<p>Concertul,\nparte integrant\u0103 a Stagiunii artistice 2019-2020, a avut loc miercuri, 4\ndecembrie 2019, la Sala studio \u201eTheodor Macarie\u201d a Liceului de Art\u0103 \u201eVictor\nBrauner\u201d Piatra-Neam\u0163.<\/p>\n\n\n\n<p><strong>G.T. Kirileanu, \u201eMartor la istoria Rom\u00e2niei\u201d<\/strong><\/p>\n\n\n\n<div class=\"wp-block-image\"><figure class=\"alignright is-resized\"><img loading=\"lazy\" decoding=\"async\" src=\"https:\/\/www.slineamt.ro\/apostolul\/wp-content\/uploads\/2019\/12\/26-ap227-foto4.jpg\" alt=\"\" class=\"wp-image-18542\" width=\"354\" height=\"500\" srcset=\"https:\/\/www.slineamt.ro\/apostolul\/wp-content\/uploads\/2019\/12\/26-ap227-foto4.jpg 401w, https:\/\/www.slineamt.ro\/apostolul\/wp-content\/uploads\/2019\/12\/26-ap227-foto4-212x300.jpg 212w, https:\/\/www.slineamt.ro\/apostolul\/wp-content\/uploads\/2019\/12\/26-ap227-foto4-260x368.jpg 260w, https:\/\/www.slineamt.ro\/apostolul\/wp-content\/uploads\/2019\/12\/26-ap227-foto4-160x226.jpg 160w\" sizes=\"auto, (max-width: 354px) 100vw, 354px\" \/><\/figure><\/div>\n\n\n\n<p style=\"text-align:right\">Joi, 28\nnoiembrie 2019, la Filiala de Carte Str\u0103in\u0103 a Bibliotecii Jude\u0163eane \u201eG.T.\nKirileanu\u201d Neam\u0163 a avut loc lansarea c\u0103r\u0163ii \u201eMartor la istoria Rom\u00e2niei\n(1872-1960). Jurnal \u015fi epistolar. Volumul V: 1923-1927\u201d de G.T. Kirileanu, edi\u0163ie\n\u00eengrijit\u0103, cuv\u00e2nt-\u00eenainte, note \u015fi indice de Constantin Bostan. Volumul a\nap\u0103rut recent la Editura Saeculum I.O. Bucure\u015fti, \u00een cadrul unui proiect editorial\nfinan\u0163at de Consiliul Jude\u0163ean Neam\u0163. \u00cen prezen\u0163a unui public numeros \u015fi\navizat, dar \u015fi a autorului, prezentarea c\u0103r\u0163ii a fost f\u0103cut\u0103 de criticul\nCristian Livescu \u015fi profesorul Leonard Rotaru.<\/p>\n\n\n\n<p>\u00cen\ndeschiderea alocu\u0163iunilor, dl. Constantin Bostan s-a referit la calitatea\npublicului \u2013 <em>oameni care au \u00eencercat s\u0103\ntrag\u0103 o linie sau o brazd\u0103 \u00een cultura nem\u0163ean\u0103 \u015fi care mi-au f\u0103cut onoarea de\na-mi fi contemporani<\/em> \u2013 referindu-se apoi pe larg la G.T Kirileanu, <em>un c\u0103rturar c\u0103ruia nu-i vom putea mul\u0163umi\nniciodat\u0103 de ajuns pentru c\u0103 ne-a f\u0103cut cinstea s\u0103 fie pietrean \u015fi c\u0103 a stat 25\nde ani \u00een ceast\u0103 urbe, a uitat de prieteni \u015fi neprieteni, pentru c\u0103 vremurile\nerau negre \u015fi pentru c\u0103 el, \u00een calitatea de c\u0103rturar, fost bibliotecar al\nPalatului Regal, purta eticheta primejdioas\u0103 de mic du\u015fman al poporului&#8230;<\/em><\/p>\n\n\n\n<p>Cartea a\nfost lansat\u0103 de asemenea \u015fi la Biblioteca Or\u0103\u015feneasc\u0103 \u201eMihai Eminescu\u201d Bicaz\n(28 nov.), la Biblioteca Municipal\u0103 \u201eGeorge Radu Melidon\u201d Roman (3 dec.), \u015fi la\nCasa Culturii \u201eIon Creang\u0103\u201d T\u00e2rgu Neam\u0163 (4 dec. 2019).<\/p>\n\n\n\n<p><strong>S-a deschis \u201eSalonul de iarn\u0103\u201d. Premiul UAP, 2019<\/strong><\/p>\n\n\n\n<div class=\"wp-block-image\"><figure class=\"alignleft is-resized\"><img loading=\"lazy\" decoding=\"async\" src=\"https:\/\/www.slineamt.ro\/apostolul\/wp-content\/uploads\/2019\/12\/26-ap227-foto5.jpg\" alt=\"\" class=\"wp-image-18545\" width=\"325\" height=\"458\" srcset=\"https:\/\/www.slineamt.ro\/apostolul\/wp-content\/uploads\/2019\/12\/26-ap227-foto5.jpg 462w, https:\/\/www.slineamt.ro\/apostolul\/wp-content\/uploads\/2019\/12\/26-ap227-foto5-213x300.jpg 213w, https:\/\/www.slineamt.ro\/apostolul\/wp-content\/uploads\/2019\/12\/26-ap227-foto5-260x367.jpg 260w, https:\/\/www.slineamt.ro\/apostolul\/wp-content\/uploads\/2019\/12\/26-ap227-foto5-160x226.jpg 160w\" sizes=\"auto, (max-width: 325px) 100vw, 325px\" \/><\/figure><\/div>\n\n\n\n<p>La Galeriile\nde Art\u0103 \u201eLasc\u0103r Vorel\u201d din Piatra-Neam\u0163 a avut loc, mar\u0163i dup\u0103-amiaza (3\ndecembrie), vernisajul expozi\u0163iei colective \u201eSalonul de iarn\u0103\u201d. Lucr\u0103rile se\nbucur\u0103 de interes prin prospe\u0163imea gestului artistic, autorii acestei reuniuni,\nultima din acest an, fiind: Dumitru Bostan Jr., \u015etefan Potop, Radu Macavei,\nFlorin Mircea Zaharescu, Mircea Ciac\u00e2ru, Dumitru Bezem, Mihai Agape, Cristian\nBistriceanu, Narcisa Stejeran, Grigore Agache, \u015etefan Ioan Diaconu, Cristinel\nPrisacaru, Gigel B\u00e2rliba, Lucian Tudorache, Arcadie R\u0103ileanu, Gheorghe\nCuciureanu, Mircea Titus Romanescu, Lucian Gogu Craiu \u015fi Oana Gavriliu.<\/p>\n\n\n\n<p>Br\u0103ileanca\nNarcisa Stejeran, medic radiolog la Spitalul Or\u0103\u015fenesc din Bicaz, este cel mai\nnou membru al Uniunii Arti\u015ftilor Plastici (UAP), filiala Neam\u0163.<\/p>\n\n\n\n<p>Sculptorul\nroma\u015fcan Florin Mircea Zaharescu a fost declarat artistul anului 2019. \u201eM\u0103 simt\nonorat, dar \u015fi obligat ca \u00een anii ce vin s\u0103 men\u0163in acela\u015fi ritm de expozi\u0163ii \u015fi\nde comenzi sociale. Sper s\u0103 m\u0103 ajute fizicul, s\u0103 fiu s\u0103n\u0103tos \u015fi s\u0103 reu\u015fesc ce\nmi-am propus\u201d, a spus laureatul. <\/p>\n\n\n\n<p>Expozi\u0163ia va\nr\u0103m\u00e2ne deschis\u0103 \u00eentreaga lun\u0103 decembrie.<\/p>\n\n\n\n<p><strong><em>Violeta MO\u015eU<\/em><\/strong><\/p>\n","protected":false},"excerpt":{"rendered":"<p>\u201eFloricic\u0103 de la munte\u201d, de Ziua Na\u0163ional\u0103, la Londra La invita\u0163ia Ambasadei Rom\u00e2niei la Londra, Centrul pentru Cultur\u0103 \u015fi Arte \u201eCarmen Saeculare\u201d Neam\u0163 a participat, \u00een capitala Marii Britanii, la un amplu eveniment dedicat s\u0103rb\u0103toririi Zilei Na\u0163ionale a Rom\u00e2niei. Astfel,&hellip;<\/p>\n<p class=\"more-link-p\"><a class=\"more-link\" href=\"https:\/\/www.slineamt.ro\/apostolul\/arte-si-meseriii\/infocult-48\/\">Read more &rarr;<\/a><\/p>\n","protected":false},"author":1,"featured_media":0,"comment_status":"open","ping_status":"closed","sticky":false,"template":"","format":"standard","meta":{"footnotes":""},"categories":[7,416],"tags":[],"class_list":["post-18530","post","type-post","status-publish","format-standard","hentry","category-arte-si-meseriii","category-numarul-227"],"_links":{"self":[{"href":"https:\/\/www.slineamt.ro\/apostolul\/wp-json\/wp\/v2\/posts\/18530","targetHints":{"allow":["GET"]}}],"collection":[{"href":"https:\/\/www.slineamt.ro\/apostolul\/wp-json\/wp\/v2\/posts"}],"about":[{"href":"https:\/\/www.slineamt.ro\/apostolul\/wp-json\/wp\/v2\/types\/post"}],"author":[{"embeddable":true,"href":"https:\/\/www.slineamt.ro\/apostolul\/wp-json\/wp\/v2\/users\/1"}],"replies":[{"embeddable":true,"href":"https:\/\/www.slineamt.ro\/apostolul\/wp-json\/wp\/v2\/comments?post=18530"}],"version-history":[{"count":1,"href":"https:\/\/www.slineamt.ro\/apostolul\/wp-json\/wp\/v2\/posts\/18530\/revisions"}],"predecessor-version":[{"id":18548,"href":"https:\/\/www.slineamt.ro\/apostolul\/wp-json\/wp\/v2\/posts\/18530\/revisions\/18548"}],"wp:attachment":[{"href":"https:\/\/www.slineamt.ro\/apostolul\/wp-json\/wp\/v2\/media?parent=18530"}],"wp:term":[{"taxonomy":"category","embeddable":true,"href":"https:\/\/www.slineamt.ro\/apostolul\/wp-json\/wp\/v2\/categories?post=18530"},{"taxonomy":"post_tag","embeddable":true,"href":"https:\/\/www.slineamt.ro\/apostolul\/wp-json\/wp\/v2\/tags?post=18530"}],"curies":[{"name":"wp","href":"https:\/\/api.w.org\/{rel}","templated":true}]}}