{"id":18551,"date":"2019-12-24T03:43:43","date_gmt":"2019-12-24T03:43:43","guid":{"rendered":"http:\/\/www.slineamt.ro\/apostolul\/?p=18551"},"modified":"2019-12-24T03:43:43","modified_gmt":"2019-12-24T03:43:43","slug":"comisiile-senatoriale-de-specialitate-au-decis-profesorii-pot-avea-statut-de-autoritate-publica","status":"publish","type":"post","link":"https:\/\/www.slineamt.ro\/apostolul\/scoala-nemteana-la-zi\/comisiile-senatoriale-de-specialitate-au-decis-profesorii-pot-avea-statut-de-autoritate-publica\/","title":{"rendered":"Comisiile senatoriale de specialitate au decis: profesorii pot avea statut de autoritate public\u0103"},"content":{"rendered":"\n<p>La \u00eenceputul\nlunii octombrie s-a aflat \u00een dezbaterea comisiilor permanente din Senat\n(Comisia pentru \u00eenv\u0103\u0163\u0103m\u00e2nt, \u015ftiin\u0163\u0103, tineret \u015fi sport \u015fi Comisia juridic\u0103)\npropunerea legislativ\u0103 privind \u201e\u00eenvestirea personalului didactic cu exerci\u0163iul\nautorit\u0103\u0163ii publice\u201d, iar senatorii au dat raport comun de admitere. Federa\u0163iile\nde p\u0103rin\u0163i \u015fi elevi sus\u0163in \u00eens\u0103 c\u0103 proiectul respectiv poate da na\u015ftere unor\nabuzuri.<\/p>\n\n\n\n<p>Proiectul de\nlege privind \u201e\u00eenvestirea personalului didactic de predare, de conducere, de\n\u00eendrumare \u015fi de control din \u00eenv\u0103\u0163\u0103m\u00e2ntul preuniversitar cu exerci\u0163iul autorit\u0103\u0163ii\npublice, pe timpul \u015fi \u00een leg\u0103tur\u0103 cu \u00eendeplinirea atribu\u0163iilor de serviciu\u201d a\nfost adoptat tacit de Camera Deputa\u0163ilor, \u00een 2016, a fost avizat favorabil pe 8\noct. a. c. \u00een comisiile senatoriale de specialitate, \u015fi urmeaz\u0103 s\u0103 fie dezb\u0103tut\n\u00een Senat \u2013 for decizional \u00een acest caz. \u00cen expunerea de motive, se invoc\u0103 lipsa\nde protec\u0163ie juridic\u0103 a cadrelor didactice fa\u0163\u0103 de h\u0103r\u0163uirea \u015fi agresiunile\nvenite din partea elevilor, p\u0103rin\u0163ilor sau reprezentan\u0163ilor legali ai acestora.<\/p>\n\n\n\n<p>Raportul a\nfost adoptat cu un amendament propus de senatorul Liviu Pop, pre\u015fedintele\nComisiei pentru \u00eenv\u0103\u0163\u0103m\u00e2nt, prin care se renun\u0163\u0103 la majorarea cu o treime, a\u015fa\ncum prevede forma adoptat\u0103 ini\u0163ial de Camera Deputa\u0163ilor, a pedepselor\nprev\u0103zute de lege pentru amenin\u0163\u0103ri, loviri sau alte violen\u0163e cauzatoare de\nmoarte sau omor, \u00een cazul categoriei de personal din \u00eenv\u0103\u0163\u0103m\u00e2ntul\npreuniversitar prev\u0103zut \u00een proiect. La majorarea pedepsei cu o treime se renun\u0163\u0103\n\u015fi \u00een cazul s\u0103v\u00e2r\u015firii unei infrac\u0163iuni \u00eempotriva unei cadru didactic, asupra\nunui membru al familiei ori asupra bunurilor acestuia.<\/p>\n\n\n\n<p>Consiliul Na\u0163ional\nal Elevilor \u015fi Federa\u0163ia Na\u0163ional\u0103 a P\u0103rin\u0163ilor din \u00cenv\u0103\u0163\u0103m\u00e2ntul Preuniversitar\n(FNAP) au redactat o scrisoare deschis\u0103 c\u0103tre pre\u015fedintele Klaus Iohannis,\ncer\u00e2ndu-i s\u0103 blocheze proiectul de lege cu pricina.<\/p>\n\n\n\n<p>\u201eDin punct\nde vedere juridic, statutul de autoritate public\u0103 le ofer\u0103 profesorilor un\navantaj \u00een situa\u0163iile de conflict dintre elevi \u015fi profesori (&#8230;), avantaj\ncare, de\u015fi \u00een aparen\u0163\u0103 pare a fi un lucru pozitiv, va avea efecte grave \u00een\nsistem, constituind o p\u00e2rghie pe care elevii, \u00een momentul de fa\u0163\u0103, nu o au,\nde\u015fi cazurile \u00een care elevii sunt victime ale abuzurilor \u00een mediul \u015fcolar sunt\nmai numeroase\u201d, se men\u0163ioneaz\u0103 \u00een documentul respectiv. <\/p>\n\n\n\n<p><strong><em>Red.<\/em><\/strong><\/p>\n","protected":false},"excerpt":{"rendered":"<p>La \u00eenceputul lunii octombrie s-a aflat \u00een dezbaterea comisiilor permanente din Senat (Comisia pentru \u00eenv\u0103\u0163\u0103m\u00e2nt, \u015ftiin\u0163\u0103, tineret \u015fi sport \u015fi Comisia juridic\u0103) propunerea legislativ\u0103 privind \u201e\u00eenvestirea personalului didactic cu exerci\u0163iul autorit\u0103\u0163ii publice\u201d, iar senatorii au dat raport comun de admitere.&hellip;<\/p>\n<p class=\"more-link-p\"><a class=\"more-link\" href=\"https:\/\/www.slineamt.ro\/apostolul\/scoala-nemteana-la-zi\/comisiile-senatoriale-de-specialitate-au-decis-profesorii-pot-avea-statut-de-autoritate-publica\/\">Read more &rarr;<\/a><\/p>\n","protected":false},"author":1,"featured_media":0,"comment_status":"open","ping_status":"closed","sticky":false,"template":"","format":"standard","meta":{"footnotes":""},"categories":[10,416],"tags":[],"class_list":["post-18551","post","type-post","status-publish","format-standard","hentry","category-scoala-nemteana-la-zi","category-numarul-227"],"_links":{"self":[{"href":"https:\/\/www.slineamt.ro\/apostolul\/wp-json\/wp\/v2\/posts\/18551","targetHints":{"allow":["GET"]}}],"collection":[{"href":"https:\/\/www.slineamt.ro\/apostolul\/wp-json\/wp\/v2\/posts"}],"about":[{"href":"https:\/\/www.slineamt.ro\/apostolul\/wp-json\/wp\/v2\/types\/post"}],"author":[{"embeddable":true,"href":"https:\/\/www.slineamt.ro\/apostolul\/wp-json\/wp\/v2\/users\/1"}],"replies":[{"embeddable":true,"href":"https:\/\/www.slineamt.ro\/apostolul\/wp-json\/wp\/v2\/comments?post=18551"}],"version-history":[{"count":1,"href":"https:\/\/www.slineamt.ro\/apostolul\/wp-json\/wp\/v2\/posts\/18551\/revisions"}],"predecessor-version":[{"id":18554,"href":"https:\/\/www.slineamt.ro\/apostolul\/wp-json\/wp\/v2\/posts\/18551\/revisions\/18554"}],"wp:attachment":[{"href":"https:\/\/www.slineamt.ro\/apostolul\/wp-json\/wp\/v2\/media?parent=18551"}],"wp:term":[{"taxonomy":"category","embeddable":true,"href":"https:\/\/www.slineamt.ro\/apostolul\/wp-json\/wp\/v2\/categories?post=18551"},{"taxonomy":"post_tag","embeddable":true,"href":"https:\/\/www.slineamt.ro\/apostolul\/wp-json\/wp\/v2\/tags?post=18551"}],"curies":[{"name":"wp","href":"https:\/\/api.w.org\/{rel}","templated":true}]}}