{"id":18578,"date":"2019-12-24T03:52:09","date_gmt":"2019-12-24T03:52:09","guid":{"rendered":"http:\/\/www.slineamt.ro\/apostolul\/?p=18578"},"modified":"2019-12-24T03:52:09","modified_gmt":"2019-12-24T03:52:09","slug":"faci-carte-ai-parte-proiect-de-prevenire-a-abandonului-scolar","status":"publish","type":"post","link":"https:\/\/www.slineamt.ro\/apostolul\/pasi-spre-europa\/faci-carte-ai-parte-proiect-de-prevenire-a-abandonului-scolar\/","title":{"rendered":"\u201eFaci carte, ai parte!\u201d, proiect de prevenire a abandonului \u015fcolar"},"content":{"rendered":"\n<p>Pentru c\u0103 au\nmers la \u015fcoal\u0103 \u015fi au \u00eenv\u0103\u0163at, 31 de copii de la \u015ecoala \u201eCostache Negri\u201d (fosta\n\u015ecoala nr. 2) \u015fi de la \u015ecoala \u201eCalistrat Hoga\u015f\u201d (fosta \u015ecoala nr. 8) din\nmunicipiul Roman au fost s\u00e2mb\u0103t\u0103, 16 noiembrie, beneficiarii proiectului \u201eFaci\ncarte, ai parte!\u201d, ini\u0163iat de Bogdan Roman, managerul companiei Metropolis \u2013\nFereastra 1, desf\u0103\u015furat cu sprijinul profesorului Bogdan Irimia, director\nadjunct al Liceului Teologic Romano-Catolic \u201eSf\u00e2ntul Francisc de Assisi\u201d din\nRoman \u015fi coordonatorul \u015ecolii \u201eCostache Negri\u201d, \u015fi al\u0103turi de profesor doctor\nOvidiu Albert, coordonatorul Asocia\u0163iei \u201eMu\u015fatinii\u201d din Roman. A fost o nou\u0103\ncolaborare \u00eentre Metropolis \u2013 Fereastra 1 \u015fi \u201eMu\u015fatini\u201d, dup\u0103 ini\u0163ativa de\nplantare a 20.000 de puie\u0163i \u00een comuna Cordun, \u00een s\u0103pt\u0103m\u00e2na anterioar\u0103.<\/p>\n\n\n\n<p>Astfel,\ns\u00e2mb\u0103t\u0103, al\u0103turi de voluntarii \u201eMu\u015fatini\u201d \u015fi de profesorii coordonatori, cei 31\nde copii au mers \u00een excursie \u2013 pentru mul\u0163i, prima din via\u0163a lor \u2013, vizion\u00e2nd\nun film \u00een municipiul Bac\u0103u, s-au plimbat prin parcul Cancicov \u015fi au luat masa\n\u00eempreun\u0103. Proiectul \u201eFaci carte, ai parte!\u201d se bazeaz\u0103 pe meritocra\u0163ie \u015fi a\nap\u0103rut datorit\u0103 unor oameni care au \u00een\u0163eles c\u0103 educa\u0163ia st\u0103 la baza dezvolt\u0103rii\nsociet\u0103\u0163ii, dorindu-se ca activitatea de s\u00e2mb\u0103t\u0103 s\u0103 reprezinte un \u00eenceput\npentru alte ac\u0163iuni similare prin care, la nivel local, s\u0103 fie comb\u0103tut\nabsenteismul \u015fcolar.<\/p>\n\n\n\n<p>Profesor\ndoctor Ovidiu Albert, coordonatorul Asocia\u0163iei \u201eMu\u015fatinii\u201d din Roman: \u201eAm fost\nmartorii unei experien\u0163e extraordinare \u00een acest weekend, al\u0103turi de copiii de\nla \u015ecoala nr. 2 \u015fi de la \u015ecoala nr. 8. A fost o experien\u0163\u0103 profund\u0103 pentru noi,\npentru c\u0103 am v\u0103zut ace\u015fti copii, care, de obicei, sunt marginaliza\u0163i de c\u0103tre\nceilal\u0163i, acum efectiv au \u00eenflorit prin contactul cu voluntarii \u015fi cu adul\u0163ii\nprezen\u0163i \u00een aceast\u0103 excursie\u201d. (<strong>N. R.<\/strong>\n\u2013 texte prelucrat. Sursa: <em>Ziarul de Roman<\/em>)<\/p>\n\n\n\n<p><strong><em>Red.<\/em><\/strong><\/p>\n","protected":false},"excerpt":{"rendered":"<p>Pentru c\u0103 au mers la \u015fcoal\u0103 \u015fi au \u00eenv\u0103\u0163at, 31 de copii de la \u015ecoala \u201eCostache Negri\u201d (fosta \u015ecoala nr. 2) \u015fi de la \u015ecoala \u201eCalistrat Hoga\u015f\u201d (fosta \u015ecoala nr. 8) din municipiul Roman au fost s\u00e2mb\u0103t\u0103, 16 noiembrie, beneficiarii&hellip;<\/p>\n<p class=\"more-link-p\"><a class=\"more-link\" href=\"https:\/\/www.slineamt.ro\/apostolul\/pasi-spre-europa\/faci-carte-ai-parte-proiect-de-prevenire-a-abandonului-scolar\/\">Read more &rarr;<\/a><\/p>\n","protected":false},"author":1,"featured_media":0,"comment_status":"open","ping_status":"closed","sticky":false,"template":"","format":"standard","meta":{"footnotes":""},"categories":[9,416],"tags":[],"class_list":["post-18578","post","type-post","status-publish","format-standard","hentry","category-pasi-spre-europa","category-numarul-227"],"_links":{"self":[{"href":"https:\/\/www.slineamt.ro\/apostolul\/wp-json\/wp\/v2\/posts\/18578","targetHints":{"allow":["GET"]}}],"collection":[{"href":"https:\/\/www.slineamt.ro\/apostolul\/wp-json\/wp\/v2\/posts"}],"about":[{"href":"https:\/\/www.slineamt.ro\/apostolul\/wp-json\/wp\/v2\/types\/post"}],"author":[{"embeddable":true,"href":"https:\/\/www.slineamt.ro\/apostolul\/wp-json\/wp\/v2\/users\/1"}],"replies":[{"embeddable":true,"href":"https:\/\/www.slineamt.ro\/apostolul\/wp-json\/wp\/v2\/comments?post=18578"}],"version-history":[{"count":1,"href":"https:\/\/www.slineamt.ro\/apostolul\/wp-json\/wp\/v2\/posts\/18578\/revisions"}],"predecessor-version":[{"id":18581,"href":"https:\/\/www.slineamt.ro\/apostolul\/wp-json\/wp\/v2\/posts\/18578\/revisions\/18581"}],"wp:attachment":[{"href":"https:\/\/www.slineamt.ro\/apostolul\/wp-json\/wp\/v2\/media?parent=18578"}],"wp:term":[{"taxonomy":"category","embeddable":true,"href":"https:\/\/www.slineamt.ro\/apostolul\/wp-json\/wp\/v2\/categories?post=18578"},{"taxonomy":"post_tag","embeddable":true,"href":"https:\/\/www.slineamt.ro\/apostolul\/wp-json\/wp\/v2\/tags?post=18578"}],"curies":[{"name":"wp","href":"https:\/\/api.w.org\/{rel}","templated":true}]}}