{"id":18773,"date":"2019-12-24T04:47:58","date_gmt":"2019-12-24T04:47:58","guid":{"rendered":"http:\/\/www.slineamt.ro\/apostolul\/?p=18773"},"modified":"2019-12-24T04:47:58","modified_gmt":"2019-12-24T04:47:58","slug":"colegiul-national-petru-rares-o-istorie-de-150-de-ani","status":"publish","type":"post","link":"https:\/\/www.slineamt.ro\/apostolul\/eveniment\/colegiul-national-petru-rares-o-istorie-de-150-de-ani\/","title":{"rendered":"Colegiul Na\u0163ional \u201ePetru Rare\u015f\u201d \u2013 o istorie de 150 de ani"},"content":{"rendered":"\n<div class=\"wp-block-image\"><figure class=\"alignleft is-resized\"><img loading=\"lazy\" decoding=\"async\" src=\"https:\/\/www.slineamt.ro\/apostolul\/wp-content\/uploads\/2019\/12\/03-ap227-foto1.jpg\" alt=\"\" class=\"wp-image-18776\" width=\"469\" height=\"313\" srcset=\"https:\/\/www.slineamt.ro\/apostolul\/wp-content\/uploads\/2019\/12\/03-ap227-foto1.jpg 554w, https:\/\/www.slineamt.ro\/apostolul\/wp-content\/uploads\/2019\/12\/03-ap227-foto1-300x200.jpg 300w, https:\/\/www.slineamt.ro\/apostolul\/wp-content\/uploads\/2019\/12\/03-ap227-foto1-260x174.jpg 260w, https:\/\/www.slineamt.ro\/apostolul\/wp-content\/uploads\/2019\/12\/03-ap227-foto1-160x107.jpg 160w\" sizes=\"auto, (max-width: 469px) 100vw, 469px\" \/><\/figure><\/div>\n\n\n\n<p>\u2022 O\ns\u0103pt\u0103m\u00e2n\u0103 magic\u0103 a \u201eexcelen\u0163ei prin asumarea tradi\u0163iei\u201d<\/p>\n\n\n\n<p>25 noiembrie\n2019, a fost ziua \u00een care au \u00eenceput impresionantele manifest\u0103ri prilejuite de\ns\u0103rb\u0103torirea a 150 de ani de atestate documentar\u0103 a Colegiului Na\u0163ional \u201ePetru\nRare\u015f\u201d din Piatra-Neam\u0163. Solemnitatea, marcat\u0103 de aproape 60 de activit\u0103\u0163i, a\nreunit \u2013 pe l\u00e2ng\u0103 profesorii \u015fi elevii liceului \u2013 oficialit\u0103\u0163i, \u00eenalte\npersonalit\u0103\u0163i academice din \u0163ar\u0103 \u015fi str\u0103in\u0103tate, diploma\u0163i, Alumni de prestigiu\nna\u0163ional \u015fi mondial, prela\u0163i, fo\u015fti dasc\u0103li, mul\u0163i al\u0163i invita\u0163i. A urmat o\ns\u0103pt\u0103m\u00e2n\u0103 efervescent\u0103, care a r\u0103spl\u0103tit eforturile organizatorilor prin\nsuccesul \u015fi intensitatea ac\u0163iunilor.<\/p>\n\n\n\n<p><strong>Festivitatea de deschidere<\/strong> a \u00eenceput la ora 11, la Sala de festivit\u0103\u0163i,\ncu intonarea imnului Colegiului Na\u0163ional \u201ePetru Rare\u015f\u201d, compus \u00een 1969 de\nregretatul profesor Geor\u00adge Grigoric\u0103, cu ocazia centenarului institu\u0163iei. <\/p>\n\n\n\n<p><em>Am ales s\u0103 \u00eencepem a\u015fa s\u0103pt\u0103m\u00e2na aniversar\u0103, pentru c\u0103\nnoi consider\u0103m c\u0103 raportarea la tradi\u0163ie este lucrul care ne poate asigura o\ncontinuitate \u00een ceea ce \u00eenseamn\u0103 performan\u0163a \u015fi calitatea la Colegiul Na\u0163ional\n\u201ePetru Rare\u015f\u201d<\/em> \u2013 au\nfost primele cuvinte rostite de domnul director <strong>Grigoru\u0163\u0103 Oniciuc<\/strong>. Printre oaspe\u0163ii care au adresat salut\u0103ri alese\n\u00een acest ceas aniversar s-au num\u0103rat: primarul municipiului Piatra-Neam\u0163 \u2013 dl. <strong>Drago\u015f Chitic<\/strong>, dna. inspector general <strong>Elena Laiu<\/strong>, dl. inspector general\nadjunct <strong>Ioan Milea<\/strong>, dna. director de\nla Direc\u0163ia de Cultur\u0103 \u2013 <strong>Roxana Josanu<\/strong>,\ndl. pre\u015fedinte al Alian\u0163ei Colegiilor Centenare \u2013 <strong>George Cazacu<\/strong> \u015fi reprezentan\u0163i ai Colegiilor Centenare (dna. <strong>Daly Marciuc<\/strong> \u2013 Colegiul Na\u0163ional \u201eMihai\nEminescu\u201d, Satu Mare; dl. <strong>Liviu Cotfas\u0103<\/strong>\n\u2013 Colegiul Na\u0163ional \u201eElena Cuza\u201d, Craiova; dna. <strong>Liliana Grigoriu<\/strong> \u2013 Colegiul Na\u0163ional \u201eUnirea\u201d, Foc\u015fani; dl. <strong>Dorin Fr\u00e2ncu<\/strong> \u2013 Colegiul Na\u0163ional \u201eDr.\nIoan Me\u015fot\u0103\u201d, Bra\u015fov).<\/p>\n\n\n\n<div class=\"wp-block-image\"><figure class=\"alignright is-resized\"><img loading=\"lazy\" decoding=\"async\" src=\"https:\/\/www.slineamt.ro\/apostolul\/wp-content\/uploads\/2019\/12\/03-ap227-foto2.jpg\" alt=\"\" class=\"wp-image-18779\" width=\"367\" height=\"244\" srcset=\"https:\/\/www.slineamt.ro\/apostolul\/wp-content\/uploads\/2019\/12\/03-ap227-foto2.jpg 652w, https:\/\/www.slineamt.ro\/apostolul\/wp-content\/uploads\/2019\/12\/03-ap227-foto2-300x200.jpg 300w, https:\/\/www.slineamt.ro\/apostolul\/wp-content\/uploads\/2019\/12\/03-ap227-foto2-560x374.jpg 560w, https:\/\/www.slineamt.ro\/apostolul\/wp-content\/uploads\/2019\/12\/03-ap227-foto2-260x173.jpg 260w, https:\/\/www.slineamt.ro\/apostolul\/wp-content\/uploads\/2019\/12\/03-ap227-foto2-160x107.jpg 160w\" sizes=\"auto, (max-width: 367px) 100vw, 367px\" \/><\/figure><\/div>\n\n\n\n<p>Prelu\u00e2nd\nmemoria timpului, \u00een mod inspirat, prima zi a continuat cu activit\u0103\u0163ile\nconcepute de catedra de istorie, coordonate de doamna profesor Dorina-Lumini\u0163a\nDrexler. Este vorba despre <strong><em>Simpozionul Rolul \u00eenv\u0103\u0163\u0103m\u00e2ntului \u00een\ndezvoltarea Rom\u00e2niei moderne<\/em><\/strong>, \u00een care au avut interven\u0163ii prof. univ.\ndr. <strong>Alexandru Platon<\/strong>, conf. univ.\ndr. <strong>Cristian Ploscaru<\/strong>, lector dr. <strong>Gheorghe Iuti\u015f<\/strong> \u015fi reprezentan\u0163ii\nColegiilor Centenare. Cabinetul de istorie a primit numele \u201eAcademician\nGheor\u00adghe Platon\u201d, \u2013 pentru a onora memoria fostului absolvent de \u015ecoal\u0103\nNormal\u0103, care \u015fi-a sus\u0163inut bacalaureatul aici \u2013, fiind de fa\u0163\u0103 \u015fi fiul\nilustrului istoric, profesorul universitar doctor Alexandru Platon.<\/p>\n\n\n\n<p><strong>Proiectul <em>Follow-up<\/em><\/strong> a debutat la ora 15,00, tot la Sala de\nfestivit\u0103\u0163i, unde <strong>Robert B\u0103ltog<\/strong>,\npre\u015fedintele Consiliului Elevilor \u015fi vicepre\u015fedinta <strong>Ilinca Le\u015fovschi<\/strong> au prezentat, pentru \u00eenceput, experien\u0163a lor din\ntab\u0103ra Camp Kennedy (Bucure\u015fti, 14-21 iulie 2019), ce a avut ca tem\u0103 educa\u0163ia\nnon formal\u0103. <\/p>\n\n\n\n<p><em>Consider c\u0103 prin aceast\u0103 tab\u0103r\u0103 ni s-au l\u0103rgit\norizonturile, pentru c\u0103 am avut ocazia s\u0103 mergem \u00een Bucure\u015fti, direct \u00een miezul\nproblemei; am v\u0103zut oameni implica\u0163i \u00een conducerea \u0163\u0103rii, am fost la Cotroceni\n\u015fi am vorbit cu consilieri ai domnului pre\u015fedinte Klaus Iohannis, am fost la\nDNA \u015fi am discutat cu procurorul \u015fef adjunct, am intrat \u00een leg\u0103tur\u0103 cu oameni\nfoarte importan\u0163i, care nu ne-au tratat ca pe ni\u015fte copii, ci ne-au luat foarte\n\u00een serios<\/em>, a\ndeclarat Ilinca Le\u015fovschi. S-au mai prezentat informa\u0163ii pentru a aplica la\nbursele americane Flex, precum \u015fi modul de acces \u015fi lucru pe platforma UReport,\ndedicat\u0103 copiilor \u015fi tinerilor, problemelor lor \u015fi felului \u00een care pot\nparticipa la luarea deciziilor \u00een comunit\u0103\u0163ile lor.<\/p>\n\n\n\n<p><strong>Noaptea Muzeului Rare\u015f<\/strong> a fost o ini\u0163iativ\u0103 inspirat\u0103 \u015fi\nspectaculoas\u0103, elevii amenaj\u00e2nd tematic c\u00e2teva clase, ghid\u00e2nd publicul \u015fi\nexpun\u00e2ndu-\u015fi ideile cu non\u015falan\u0163\u0103. <\/p>\n\n\n\n<div class=\"wp-block-image\"><figure class=\"alignleft is-resized\"><img loading=\"lazy\" decoding=\"async\" src=\"https:\/\/www.slineamt.ro\/apostolul\/wp-content\/uploads\/2019\/12\/03-ap227-foto4.jpg\" alt=\"\" class=\"wp-image-18782\" width=\"372\" height=\"247\" srcset=\"https:\/\/www.slineamt.ro\/apostolul\/wp-content\/uploads\/2019\/12\/03-ap227-foto4.jpg 652w, https:\/\/www.slineamt.ro\/apostolul\/wp-content\/uploads\/2019\/12\/03-ap227-foto4-300x200.jpg 300w, https:\/\/www.slineamt.ro\/apostolul\/wp-content\/uploads\/2019\/12\/03-ap227-foto4-560x374.jpg 560w, https:\/\/www.slineamt.ro\/apostolul\/wp-content\/uploads\/2019\/12\/03-ap227-foto4-260x173.jpg 260w, https:\/\/www.slineamt.ro\/apostolul\/wp-content\/uploads\/2019\/12\/03-ap227-foto4-160x107.jpg 160w\" sizes=\"auto, (max-width: 372px) 100vw, 372px\" \/><\/figure><\/div>\n\n\n\n<p>O atmosfer\u0103\nmedieval\u0103 a oferit <strong>Sala \u201ePetru Rare\u015f\u201d<\/strong>,\nanimat\u0103 de domni\u0163e romantice \u015fi turniruri cavalere\u015fti, pe fondul sonor din\n\u201eUrzeala Tronurilor\u201d. <strong>Sala \u201eCalistrat\nHoga\u015f\u201d<\/strong> a reconstituit atmosfera vremii \u00een care Calistrat Hoga\u015f \u015fi Ioan\nNegre erau profesori \u015fi directori, iar \u00een <strong>\u201eSala\npersonalit\u0103\u0163ilor de marc\u0103\u201d<\/strong> s-au reg\u0103sit fo\u015fti elevi \u015fi fo\u015fti \u015fi actuali\nprofesori ilu\u015ftri, cu fotografii \u015fi evoc\u0103ri personale: Daniel T\u0103taru, Constantin\n(Ticu) L\u0103c\u0103tu\u015fu, Dana Vais, Alina Pamfil, Gheorghe Dumitreasa, Grigoru\u0163\u0103\nOniciuc, Dorel Haralamb, Gianina C\u0103rbunariu. \u015f. a.<\/p>\n\n\n\n<p>Un moment\nemo\u0163ionant al zilei a fost marcat de <em>Mar\u015ful\nRecuno\u015ftin\u0163ei<\/em>. La ora 16,30, de pe platoul Cur\u0163ii Domne\u015fti au pornit c\u0103tre\nCimitirul Eternitatea sute de elevi ai Rare\u015fului, \u00eenso\u0163i\u0163i de profesorii lor,\npurt\u00e2nd \u00een fa\u0163\u0103 steagurile municipiului, Rom\u00e2niei \u015fi Uniunii Europene \u015fi\ninton\u00e2nd c\u00e2ntece patriotice. Mar\u015ful, tradi\u0163ie din anul 1919, se afla la a doua\nedi\u0163ie a seriei noi \u015fi a fost finalizat prin depunerea de coroane de flori la\nmormintele celor trei mari directori \u00eentemeietori ai Rare\u015fului: Calistrat\nHoga\u015f, Ioan Negre \u015fi Mihai Stamatin. Apoi, \u00een sunetele t\u00e2ng\u00e2itoare ale\nclopotelor, trase special pentru aceast\u0103 solemnitate, s-a produs retragerea cu\ntor\u0163e c\u0103tre liceu, c\u0103ci ziua nu se \u00eencheiase \u00eenc\u0103.<\/p>\n\n\n\n<p>Sub bagheta\nactri\u0163ei <strong>Alina Grigore<\/strong>, fost\u0103\nrare\u015fist\u0103 care \u015fi-a c\u00e2\u015ftigat deja un nume \u00een film \u015fi teatru \u2013 de aceast\u0103 dat\u0103\n\u00een postura de regizor, scenograf \u015fi autor de text \u2013 trupa TeenAct a Colegiului\nNa\u0163ional \u201ePetru Rare\u015f\u201d a jucat piesa <em>O\u00f9\nsont les enfants<\/em>, un spectacol care surprinde cu umor \u015fi luciditate\nsl\u0103biciunile \u015fcolii, familiei \u015fi timpului prezent. Un spectacol dinamic, cu\nbune performan\u0163e actorice\u015fti ale interpre\u0163ilor, r\u0103spl\u0103tite cu aplauze \u00eendelungi\n\u015fi urale.<\/p>\n\n\n\n<div class=\"wp-block-image\"><figure class=\"alignright is-resized\"><img loading=\"lazy\" decoding=\"async\" src=\"https:\/\/www.slineamt.ro\/apostolul\/wp-content\/uploads\/2019\/12\/03-ap227-foto3.jpg\" alt=\"\" class=\"wp-image-18788\" width=\"399\" height=\"265\" srcset=\"https:\/\/www.slineamt.ro\/apostolul\/wp-content\/uploads\/2019\/12\/03-ap227-foto3.jpg 652w, https:\/\/www.slineamt.ro\/apostolul\/wp-content\/uploads\/2019\/12\/03-ap227-foto3-300x199.jpg 300w, https:\/\/www.slineamt.ro\/apostolul\/wp-content\/uploads\/2019\/12\/03-ap227-foto3-560x372.jpg 560w, https:\/\/www.slineamt.ro\/apostolul\/wp-content\/uploads\/2019\/12\/03-ap227-foto3-260x173.jpg 260w, https:\/\/www.slineamt.ro\/apostolul\/wp-content\/uploads\/2019\/12\/03-ap227-foto3-160x106.jpg 160w\" sizes=\"auto, (max-width: 399px) 100vw, 399px\" \/><\/figure><\/div>\n\n\n\n<p>&nbsp;Ora 10,00 a celei de-a doua zile s-a dovedit\nuna foarte fierbinte pentru cancelaria care a concentrat o mul\u0163ime de fo\u015fti \u015fi\nactuali profesori ai Rare\u015fului, Alumni \u015fi al\u0163i invita\u0163i. \u015ei cum s\u0103 nu fi fost\na\u015fa, c\u00e2nd urma un adev\u0103rat regal al lans\u0103rilor de carte! <\/p>\n\n\n\n<p>Pentru\n\u00eenceput, domnul <strong>Adrian-Pavel Sandovici<\/strong>\n\u2013 mult \u00eendr\u0103gitul profesor de limba englez\u0103, care a convins genera\u0163ii \u00eentregi\ns\u0103 iubeasc\u0103 limba marelui Shakespeare \u2013 cu o vibra\u0163ie special\u0103 \u00een glas, \u015fi-a\nprezentat rodul a 7 ani de munc\u0103 asidu\u0103, <strong>monografia\n\u201eLiceul Petru Rare\u015f Piatra-Neam\u0163 \u2013 o istorie de 150 de ani\u201d<\/strong>, o lucrare\nmonumental\u0103 de aproape 750 de pagini.<\/p>\n\n\n\n<p><em>Din 1 octombrie 2012 m-am a\u015fternut pe treab\u0103 \u015fi, cu\nstr\u0103duin\u0163\u0103, am \u00eenceput s\u0103 adun informa\u0163ii c\u00e2t mai multe \u015fi c\u00e2t mai precise,\ndup\u0103 un plan ce avea s\u0103 fie modificat \u00een mai multe r\u00e2nduri, \u00een func\u0163ie de ceea\nce g\u0103seam sau nu \u00een documentele cercetate<\/em>, a declarat autorul. Dens\u0103, foarte bine\ndocumentat\u0103, extrem de interesant\u0103, lucrarea te cucere\u015fte de la primele pagini,\nsurprinz\u00e2nd o istorie cultural\u0103 de un veac \u015fi jum\u0103tate, prin vastitatea informa\u0163iei\n\u015fi pertinen\u0163a comentariului.<\/p>\n\n\n\n<div class=\"wp-block-image\"><figure class=\"alignleft is-resized\"><img loading=\"lazy\" decoding=\"async\" src=\"https:\/\/www.slineamt.ro\/apostolul\/wp-content\/uploads\/2019\/12\/03-ap227-foto5.jpg\" alt=\"\" class=\"wp-image-18791\" width=\"395\" height=\"263\" srcset=\"https:\/\/www.slineamt.ro\/apostolul\/wp-content\/uploads\/2019\/12\/03-ap227-foto5.jpg 652w, https:\/\/www.slineamt.ro\/apostolul\/wp-content\/uploads\/2019\/12\/03-ap227-foto5-300x200.jpg 300w, https:\/\/www.slineamt.ro\/apostolul\/wp-content\/uploads\/2019\/12\/03-ap227-foto5-560x373.jpg 560w, https:\/\/www.slineamt.ro\/apostolul\/wp-content\/uploads\/2019\/12\/03-ap227-foto5-260x173.jpg 260w, https:\/\/www.slineamt.ro\/apostolul\/wp-content\/uploads\/2019\/12\/03-ap227-foto5-160x107.jpg 160w\" sizes=\"auto, (max-width: 395px) 100vw, 395px\" \/><\/figure><\/div>\n\n\n\n<p>A urmat\nvolumul aniversar <strong>\u201eOamenii Rare\u015fului\u201d<\/strong>,\ncoordonat de profesorii <strong>Grigoru\u0163\u0103\nOniciuc<\/strong>, <strong>Claudia Jora<\/strong>, <strong>Monica Costea<\/strong> \u015fi de pre\u015fedinta Alumni a\nCNPR \u2013 <strong>Raluca B\u00e2rzu<\/strong>. \u00centre coper\u0163ile\nacestuia avem bucuria de a vedea \u00eemp\u0103rt\u0103\u015fite considera\u0163ii, experien\u0163e, tr\u0103iri,\namintiri, sentimente ale unora dintre cei care au trecut pragul \u201eLiceului Alb\u201d,\nfie ca directori \u015fi profesori, fie ca absolven\u0163i.<\/p>\n\n\n\n<p>S-a relansat\n\u015fi volumul al doilea din trilogia <strong>\u201eZilele\u201d<\/strong>\nde <strong>Mihai-Emilian Manca\u015f<\/strong>. Domnia sa\nnu a putut ajunge din Fran\u0163a, \u00eens\u0103 a fost prezent printr-o interven\u0163ie video\nrealizat\u0103 prin Skype, \u00eencheindu-\u015fi discursul cu urarea: \u201eVivat, crescat,\nfloreat Nationalibus Collegium Petru Rare\u015f \u2013 Petrodavensis!\u201d<\/p>\n\n\n\n<p>Sala de\nfestivit\u0103\u0163i a focalizat apoi aten\u0163ia celor prezen\u0163i deoarece era anun\u0163at\u0103 <strong>Conferin\u0163a \u201eAscensiunea continu\u0103\u201d<\/strong> sus\u0163inut\u0103\nde <strong>Ticu L\u0103c\u0103tu\u015fu<\/strong>, alpinistul lumii,\ndespre care dl. Pavel-Adrian Sandovici afirm\u0103 \u00een cartea sa c\u0103 este <em>p\u0103m\u00e2nteanul care a avut \u00eentreaga planet\u0103 la\npicioarele sale \u015fi a f\u0103cut ca drapelul Rom\u00e2niei s\u0103 fluture pe cele mai \u00eenalte\nculmi ale fiec\u0103ruia dintre cele 7 continente<\/em>. De o modes\u00adtie greu de\nimaginat comparativ cu anvergura faimei sale, fenomenalul Ticu L\u0103c\u0103tu\u015fu a \u0163inut\no lec\u0163ie model despre curaj \u015fi valori umane, vorbindu-ne despre conceptele care\nl-au c\u0103l\u0103uzit \u00een via\u0163\u0103: pasiunea, respectul pentru natur\u0103 \u015fi oameni, dedica\u0163ia,\nriscul, flexibilitatea, creativitatea, planificarea, originalitatea. <\/p>\n\n\n\n<div class=\"wp-block-image\"><figure class=\"alignright is-resized\"><img loading=\"lazy\" decoding=\"async\" src=\"https:\/\/www.slineamt.ro\/apostolul\/wp-content\/uploads\/2019\/12\/03-ap227-foto6.jpg\" alt=\"\" class=\"wp-image-18794\" width=\"378\" height=\"251\" srcset=\"https:\/\/www.slineamt.ro\/apostolul\/wp-content\/uploads\/2019\/12\/03-ap227-foto6.jpg 652w, https:\/\/www.slineamt.ro\/apostolul\/wp-content\/uploads\/2019\/12\/03-ap227-foto6-300x200.jpg 300w, https:\/\/www.slineamt.ro\/apostolul\/wp-content\/uploads\/2019\/12\/03-ap227-foto6-560x374.jpg 560w, https:\/\/www.slineamt.ro\/apostolul\/wp-content\/uploads\/2019\/12\/03-ap227-foto6-260x173.jpg 260w, https:\/\/www.slineamt.ro\/apostolul\/wp-content\/uploads\/2019\/12\/03-ap227-foto6-160x107.jpg 160w\" sizes=\"auto, (max-width: 378px) 100vw, 378px\" \/><\/figure><\/div>\n\n\n\n<p>Momente de\n\u00eenalt\u0103 sacralitate, miercuri, 27 noiembrie, la exact 150 de ani de c\u00e2nd a sunat\nprimul clopo\u0163el la gimnaziul clasic din Piatra&#8230; \u00cen holul cancelariei a avut\nloc slujba de <em>Te Deum<\/em>, s\u0103v\u00e2r\u015fit\u0103 de\nPS P\u0103rinte Episcop Ignatie al Hu\u015filor, delegatul \u00cenaltpreasfin\u0163itului P\u0103rinte\nMitropolit Teofan, \u00een prezen\u0163a unui auditoriu numeros \u015fi a unor oaspe\u0163i de\nseam\u0103, printre care: Excelen\u0163a Sa <strong>Michel\nMonsauret<\/strong>, ata\u015fat de cooperare educativ\u0103 al Ambasadei Fran\u0163ei \u00een Rom\u00e2nia,\nPre\u015fedintele Alian\u0163elor Franceze din Rom\u00e2nia, doamna diplomat <strong>Dana-R\u0103du\u0163a Matache<\/strong>, domnul <strong>Jacky Polturat<\/strong>, vicepre\u015fedintele Asocia\u0163iei\n\u201eLe Roannais\u201d.<\/p>\n\n\n\n<p><em>Un pom bun aduce \u00eentotdeauna roade bune. Eu cred c\u0103\nroadele bune se pot percepe, vedea \u00een mod palpabil \u00een genera\u0163iile dvs. de\ntineri care au constituit \u015fi constituie caractere umane \u015fi profile\nsocioprofesionale demne de invidiat<\/em> \u2013 a apreciat <strong>PS\nP\u0103rinte Episcop Ignatie<\/strong>. La final, domnului director Grigoru\u0163\u0103 Oniciuc i-a\nfost \u00eenm\u00e2nat\u0103 distinc\u0163ia mitropolitan\u0103 \u201eCrucea Sf\u00e2ntului Ierarh Dosoftei\u201d\npentru mireni \u015fi s-a dezvelit placa aniversar\u0103 (<em>La momentul \u00eemplinirii a 150 de ani de existen\u0163\u0103 a Colegiului Na\u0163ional\n\u201ePetru Rare\u015f\u201d, l\u0103s\u0103m o m\u0103rturie a contribu\u0163iei oamenilor Rare\u015fului la p\u0103strarea\n\u00een timp a valorilor educa\u0163ionale autentice. 27 noiembrie 2019<\/em>). De\nasemenea, Episcopul Hu\u015filor a sus\u0163inut o <em>Conferin\u0163\u0103<\/em>\nmult apreciat\u0103 de elevi c\u0103rora le-a recomandat \u00een final s\u0103 se foloseasc\u0103 de\ntoate \u00eenv\u0103\u0163\u0103turile primite de la dasc\u0103lii lor, s\u0103 nu uite de Dumnezeu \u015fi s\u0103\naib\u0103 grij\u0103 \u00een mod special de rug\u0103ciune.<\/p>\n\n\n\n<div class=\"wp-block-image\"><figure class=\"alignleft is-resized\"><img loading=\"lazy\" decoding=\"async\" src=\"https:\/\/www.slineamt.ro\/apostolul\/wp-content\/uploads\/2019\/12\/03-ap227-foto7.jpg\" alt=\"\" class=\"wp-image-18797\" width=\"276\" height=\"416\" srcset=\"https:\/\/www.slineamt.ro\/apostolul\/wp-content\/uploads\/2019\/12\/03-ap227-foto7.jpg 358w, https:\/\/www.slineamt.ro\/apostolul\/wp-content\/uploads\/2019\/12\/03-ap227-foto7-199x300.jpg 199w, https:\/\/www.slineamt.ro\/apostolul\/wp-content\/uploads\/2019\/12\/03-ap227-foto7-260x391.jpg 260w, https:\/\/www.slineamt.ro\/apostolul\/wp-content\/uploads\/2019\/12\/03-ap227-foto7-160x241.jpg 160w\" sizes=\"auto, (max-width: 276px) 100vw, 276px\" \/><\/figure><\/div>\n\n\n\n<p>\u00cen aceea\u015fi\nzi a avut loc \u015fi inaugurarea galeriei cu portretele fostelor cadre didactice, <em>Series Illustrium Magistrorum<\/em>.<\/p>\n\n\n\n<p>La ora\n18,30, Teatrul Tineretului, a fost gazda <strong><em>Galei Excellentia<\/em><\/strong>, care \u015fi-a propus\ns\u0103 recunoasc\u0103 valorile ce au adus renume acestei institu\u0163ii \u015fi s\u0103 onoreze cu <em>trofee de excelen\u0163\u0103<\/em> pe c\u00e2\u0163iva dintre cei\ncare au pus um\u0103rul, \u00eentr-un fel sau altul la evolu\u0163ia uneia dintre cele mai\nimportante unit\u0103\u0163i de \u00eenv\u0103\u0163\u0103m\u00e2nt din \u0163ar\u0103.<\/p>\n\n\n\n<p>Gala a fost\nprezentat\u0103 cu umor \u015fi aplomb de Cristian Gre\u0163cu, \u015fi el absolvent de Rare\u015f \u015fi de\nIlinca Le\u015fovschi, iar printre momente muzicale \u015fi de dans s-au anun\u0163at laurea\u0163ii,\nprintre care s-au num\u0103rat:<\/p>\n\n\n\n<p>\u2022 <em>George Teleman<\/em>, absolvent ca \u015fef de\npromo\u0163ie al Facult\u0103\u0163ii de Aerodinamic\u0103 din cadrul Universit\u0103\u0163ii Bucure\u015fti,\ncercet\u0103tor, referend la Ambasada Rom\u00e2niei din Singapore, unde a urmat cursurile\nInstitutului de B\u0103nci \u015fi Finan\u0163e; om de afaceri care a instituit o burs\u0103 pentru\nelevii de la Rare\u015f pentru a studia \u00een Anglia.<\/p>\n\n\n\n<p>\u2022 <em>Mihai-Emilian Manca\u015f<\/em>, elev al liceului\n\u00een genera\u0163iile de aur ale anilor 1940, profesor de limba rom\u00e2n\u0103, scriitor,\nsenator, director al liceului \u00een anii \u201970. S-a retras \u00een Fran\u0163a dar \u00ee\u015fi\ncinste\u015fte \u0163ara \u00een cercurile publicistice din care face parte.<\/p>\n\n\n\n<p>\u2022 <em>Paul Chiribu\u0163\u0103<\/em>, actor str\u0103lucit care a\njucat \u00een peste 60 de spectacole semnate Liviu Ciulei, Sanda Manu, C\u0103t\u0103lina\nBuzoianu, Alexandru Tocilescu, Silviu Purc\u0103rete etc; a primit titlul \u201eChevalier\nde l\u2019Ordre des Arts et des Lettres\u201d, acordat de Ministerul Culturii din Fran\u0163a,\npentru merite deosebite la Academia de Teatru din Limoges.<\/p>\n\n\n\n<p>\u2022 <em>Daniel T\u0103taru<\/em>, a c\u00e2\u015ftigat de patru ori\nconsecutiv medalia de aur la Olimpiada Interna\u0163ional\u0103 de Matematic\u0103, fiind un\nprodus al profesorului de matematic\u0103 Gheorghe Dumitreasa; licen\u0163iat \u00een\nmatematic\u0103 al Universit\u0103\u0163ii \u201eAl. I. Cuza\u201d din Ia\u015fi, doctor \u00een matematic\u0103 al\nUniversit\u0103\u0163ii din Virginia (SUA), cercet\u0103tor \u015fi profesor de matematic\u0103 la\nUniversit\u0103\u0163ile Princeton \u015fi Berkeley.<\/p>\n\n\n\n<div class=\"wp-block-image\"><figure class=\"alignright is-resized\"><img loading=\"lazy\" decoding=\"async\" src=\"https:\/\/www.slineamt.ro\/apostolul\/wp-content\/uploads\/2019\/12\/03-ap227-foto8.jpg\" alt=\"\" class=\"wp-image-18800\" width=\"348\" height=\"195\" srcset=\"https:\/\/www.slineamt.ro\/apostolul\/wp-content\/uploads\/2019\/12\/03-ap227-foto8.jpg 650w, https:\/\/www.slineamt.ro\/apostolul\/wp-content\/uploads\/2019\/12\/03-ap227-foto8-300x169.jpg 300w, https:\/\/www.slineamt.ro\/apostolul\/wp-content\/uploads\/2019\/12\/03-ap227-foto8-560x315.jpg 560w, https:\/\/www.slineamt.ro\/apostolul\/wp-content\/uploads\/2019\/12\/03-ap227-foto8-260x146.jpg 260w, https:\/\/www.slineamt.ro\/apostolul\/wp-content\/uploads\/2019\/12\/03-ap227-foto8-160x90.jpg 160w\" sizes=\"auto, (max-width: 348px) 100vw, 348px\" \/><\/figure><\/div>\n\n\n\n<p>\u2022 <em>Orest P\u00e2slariu Ranghilof<\/em> (care ne-a \u00eenc\u00e2ntat\nprin interpretarea <em>Ariei calomniei<\/em>\ndin opera \u201eB\u0103rbierul din Sevilla\u201d de Rossini \u015fi a <em>Ariei lui Porgy<\/em> din \u201ePorgy \u015fi Bess\u201d a lui Gershwin), absolvent al\nUniversit\u0103\u0163ii Na\u0163ionale de Muzic\u0103 din Bucure\u015fti, sec\u0163ia canto; a debutat pe\nscena Operei din Bucure\u015fti iar \u00een prezent este solist al Teatrului de Operet\u0103\n\u201eIon Dacian\u201d.<\/p>\n\n\n\n<p>\u2022 <em>Ticu L\u0103c\u0103tu\u015fu<\/em>, licen\u0163iat \u00een geologie al\nUniversit\u0103\u0163ii din Bucure\u015fti, care pe 7 februarie 1995 cucere\u015fte Everestul iar\n\u00een 1999 prime\u015fte premiul pentru cel mai bun sportiv al anului; a avut ini\u0163iativa\namenaj\u0103rii celui mai modern traseu de aventur\u0103 din \u0163ar\u0103 \u2013 Via Ferrata\nAstragalus \u2013 \u00een Cheile \u015eug\u0103ului.<\/p>\n\n\n\n<p>\u2022 <em>Dana-R\u0103du\u0163a Matache<\/em>, diplomat, fost\nambasador al Rom\u00e2niei \u00een Suedia, fost secretar de stat \u00een Ministerul Afacerilor\nInterne, fost \u00eens\u0103rcinat cu afaceri la Ambasada Rom\u00e2niei din Londra.<\/p>\n\n\n\n<p>\u2022 <em>Gheorghe Dumitreasa<\/em>, profesor emerit \u015fi\nfondatorul \u015fcolii de matematic\u0103 la Piatra-Neam\u0163 \u2013 fabrica de olimpici.<\/p>\n\n\n\n<div class=\"wp-block-image\"><figure class=\"alignleft is-resized\"><img loading=\"lazy\" decoding=\"async\" src=\"https:\/\/www.slineamt.ro\/apostolul\/wp-content\/uploads\/2019\/12\/03-ap227-foto9.jpg\" alt=\"\" class=\"wp-image-18803\" width=\"374\" height=\"248\" srcset=\"https:\/\/www.slineamt.ro\/apostolul\/wp-content\/uploads\/2019\/12\/03-ap227-foto9.jpg 652w, https:\/\/www.slineamt.ro\/apostolul\/wp-content\/uploads\/2019\/12\/03-ap227-foto9-300x199.jpg 300w, https:\/\/www.slineamt.ro\/apostolul\/wp-content\/uploads\/2019\/12\/03-ap227-foto9-560x372.jpg 560w, https:\/\/www.slineamt.ro\/apostolul\/wp-content\/uploads\/2019\/12\/03-ap227-foto9-260x173.jpg 260w, https:\/\/www.slineamt.ro\/apostolul\/wp-content\/uploads\/2019\/12\/03-ap227-foto9-160x106.jpg 160w\" sizes=\"auto, (max-width: 374px) 100vw, 374px\" \/><\/figure><\/div>\n\n\n\n<p>\u2022 <em>Sabina Alistar<\/em>, licen\u0163iat\u0103 \u00een chimie a\nUniversit\u0103\u0163ii Stanford (SUA), doctor al aceleia\u015fi institu\u0163ii \u00een 2012,\nspecialist \u00een profilaxia \u015fi terapia HIV.<\/p>\n\n\n\n<p>\u2022 <em>Petru Pl\u0103cint\u0103<\/em>, a pus bazele primului\nholding din industria rom\u00e2neasc\u0103, fostul \u201eAvicola Bac\u0103u\u201d, ast\u0103zi \u201eAgricola\u201d; a\nfost subsecretar \u015fi secretar de stat \u00een Ministerul Agriculturii \u015fi Industriei\nAlimentare \u015fi a creat la Bac\u0103u un pol de cercetare pentru agricultur\u0103.<\/p>\n\n\n\n<p>\u2022 <em>Adrian-Pavel Sandovici<\/em>, profesor de\nlimba englez\u0103 timp de 42 de ani \u015fi director al liceului \u00een perioada 1982-1985;\nspirit enciclopedic, critic \u015fi perfec\u0163ionist, a \u00eenfiin\u0163at primul laborator\nfonic pentru predarea limbilor str\u0103ine.<\/p>\n\n\n\n<p>Au fost\npremia\u0163i In Memoriam: <em>Adrian Rugin\u0103<\/em>,\neroul de la Clubul Colectiv care a salvat cinci oameni cu pre\u0163ul vie\u0163ii sale \u015fi\nregretata profesoar\u0103 \u015fi inspectoare de limba francez\u0103 <em>Alina Pamfil<\/em>.<\/p>\n\n\n\n<p>Prin\nfrumoasele cuvinte adresate de pe scen\u0103, to\u0163i laurea\u0163ii au mul\u0163umit dasc\u0103lilor\nlor, care i-au ajutat s\u0103 se realizeze \u015fi s\u0103 devin\u0103 oameni adev\u0103ra\u0163i.<\/p>\n\n\n\n<p>Joi, 29\nnoiembrie s-a asistat din nou la o pleiad\u0103 de manifest\u0103ri \u015ftiin\u0163ifice: <strong><em>Simpozionul\nregional de chimie \u015fi \u015ftiin\u0163e, Concursul \u201eFile de istorie\u201d, Cercul de limba \u015fi\nliteratura rom\u00e2n\u0103, <\/em><\/strong>Concursul<strong><em> \u201eBursa de idei economice\u201d<\/em><\/strong>. <\/p>\n\n\n\n<p>De foarte\nmare interes a fost Conferin\u0163a Interna\u0163ional\u0103 <strong><em>\u201eCurente pedagogice \u015fi abord\u0103ri\n\u00een didactica limbilor \u015fi culturilor str\u0103ine\u201d<\/em><\/strong>, sus\u0163inut\u0103 de prof. univ.\ndr. <strong>Richard Lescure<\/strong> \u2013 Universitatea\ndin Angers, specialist \u00een didactica limbii franceze, \u00een testele de certificare\nlingvistic\u0103 DALF\/DELF, autor de manuale, fost decan al Facult\u0103\u0163ii de Litere al\nUniversit\u0103\u0163ii din Angers, fost ata\u015fat de cooperare educativ\u0103 la Ambasada Fran\u0163ei\ndin Sofia.<\/p>\n\n\n\n<div class=\"wp-block-image\"><figure class=\"alignright is-resized\"><img loading=\"lazy\" decoding=\"async\" src=\"https:\/\/www.slineamt.ro\/apostolul\/wp-content\/uploads\/2019\/12\/03-ap227-foto10.jpg\" alt=\"\" class=\"wp-image-18806\" width=\"387\" height=\"257\" srcset=\"https:\/\/www.slineamt.ro\/apostolul\/wp-content\/uploads\/2019\/12\/03-ap227-foto10.jpg 652w, https:\/\/www.slineamt.ro\/apostolul\/wp-content\/uploads\/2019\/12\/03-ap227-foto10-300x200.jpg 300w, https:\/\/www.slineamt.ro\/apostolul\/wp-content\/uploads\/2019\/12\/03-ap227-foto10-560x374.jpg 560w, https:\/\/www.slineamt.ro\/apostolul\/wp-content\/uploads\/2019\/12\/03-ap227-foto10-260x173.jpg 260w, https:\/\/www.slineamt.ro\/apostolul\/wp-content\/uploads\/2019\/12\/03-ap227-foto10-160x107.jpg 160w\" sizes=\"auto, (max-width: 387px) 100vw, 387px\" \/><\/figure><\/div>\n\n\n\n<p>Ziua s-a\n\u00eencheiat printr-o explozie de tinere\u0163e, efervescen\u0163\u0103 \u015fi entuziasm, pe platoul\nCur\u0163ii Domne\u015fti, cu prilejul primului spectacol oferit de elevii Rare\u015fului\npublicului pietrean.<\/p>\n\n\n\n<p>Dintre\nmanifest\u0103rile zilei de vineri men\u0163ion\u0103m pe cele dedicate profesorului emerit de\neduca\u0163ie fizic\u0103 <strong>Vladimir La\u015fcu<\/strong>,\nconsiderat p\u0103rintele sportului pietrean. \u00cen onoarea sa s-a dezvelit un\nbasorelief, oper\u0103 a sculptorului Lucian Tudorache, iar sala de sport a CNPR \u00eei\npoart\u0103 numele. \u201eTotul a pornit de la \u00eent\u00e2lnirea de bun augur cu Violeta Mo\u015fu,\nun om pasionat, care mi-a povestit foarte multe despre profesorul Vladimir\nLa\u015fcu. Am onoarea de a v\u0103 anun\u0163a c\u0103, \u00eencep\u00e2nd din acest moment, sala de sport\nse nume\u015fte \u201eVladimir La\u015fcu\u201d \u015fi v\u0103 mul\u0163umim c\u0103 a\u0163i venit s\u0103 asista\u0163i la acest\neveniment\u201d, a spus dl. prof. Grigoru\u0163\u0103 Oniciuc. La baza acestei l\u0103udabile ini\u0163iative\na stat \u015fi antrenorul emerit de atletism Ilie Popescu, fost elev al profesorului\nVladimir La\u015fcu: \u201eTr\u0103iesc o mare bucurie. De 10 ani a\u015ftept acest moment. F\u0103r\u0103\nsprijinul fiicei profesorului La\u015fcu, Doina (Tiuca) La\u015fcu, al Violetei Mo\u015fu, al\ndomnilor directori, Grigoru\u0163\u0103 Oniciuc \u015fi Claudia Jora, \u015fi al profesorilor\nC\u0103t\u0103lina \u015fi Gheorghe Popa Grigora\u015f \u015fi Dan Forman, nu am fi reu\u015fit. Calde mul\u0163umiri\ntuturor!\u201d. De asemenea a avut loc edi\u0163ia I a <em>Simpozionului Vladimir La\u015fcu<\/em>, referitoare la trecutul, prezentul \u015fi\nviitorul educa\u0163iei fizice \u015fi sportului de performan\u0163\u0103.<\/p>\n\n\n\n<div class=\"wp-block-image\"><figure class=\"alignleft is-resized\"><img loading=\"lazy\" decoding=\"async\" src=\"https:\/\/www.slineamt.ro\/apostolul\/wp-content\/uploads\/2019\/12\/03-ap227-foto11.jpg\" alt=\"\" class=\"wp-image-18809\" width=\"380\" height=\"253\" srcset=\"https:\/\/www.slineamt.ro\/apostolul\/wp-content\/uploads\/2019\/12\/03-ap227-foto11.jpg 652w, https:\/\/www.slineamt.ro\/apostolul\/wp-content\/uploads\/2019\/12\/03-ap227-foto11-300x200.jpg 300w, https:\/\/www.slineamt.ro\/apostolul\/wp-content\/uploads\/2019\/12\/03-ap227-foto11-560x373.jpg 560w, https:\/\/www.slineamt.ro\/apostolul\/wp-content\/uploads\/2019\/12\/03-ap227-foto11-260x173.jpg 260w, https:\/\/www.slineamt.ro\/apostolul\/wp-content\/uploads\/2019\/12\/03-ap227-foto11-160x107.jpg 160w\" sizes=\"auto, (max-width: 380px) 100vw, 380px\" \/><\/figure><\/div>\n\n\n\n<p>A fost\n\u00eentr-adev\u0103r o s\u0103pt\u0103m\u00e2n\u0103 magic\u0103 a \u201eexcelen\u0163ei prin asumarea tradi\u0163iei\u201d! Sincere\nfelicit\u0103ri echipei manageriale \u2013 domnului director Grigoru\u0163\u0103 Oniciuc \u015fi doamnei\ndirectoare Claudia Jora \u2013 care prin rafinament des\u0103v\u00e2r\u015fit, printr-un efort sus\u0163inut\n\u015fi conjugat, dublat de dedica\u0163ie \u015fi consecven\u0163\u0103, s-au transformat \u00een adev\u0103ra\u0163i\nambasadori ai educa\u0163iei oferite de aceast\u0103 institu\u0163ie.<\/p>\n\n\n\n<p><strong><em>LA MUL\u0162I ANI\nLUMINO\u015eI COLEGIULUI NA\u0162IONAL \u201ePETRU RARE\u015e\u201d!<\/em><\/strong><\/p>\n\n\n\n<p><strong><em>Gianina\nBURUIAN\u0102<\/em><\/strong><\/p>\n","protected":false},"excerpt":{"rendered":"<p>\u2022 O s\u0103pt\u0103m\u00e2n\u0103 magic\u0103 a \u201eexcelen\u0163ei prin asumarea tradi\u0163iei\u201d 25 noiembrie 2019, a fost ziua \u00een care au \u00eenceput impresionantele manifest\u0103ri prilejuite de s\u0103rb\u0103torirea a 150 de ani de atestate documentar\u0103 a Colegiului Na\u0163ional \u201ePetru Rare\u015f\u201d din Piatra-Neam\u0163. Solemnitatea, marcat\u0103&hellip;<\/p>\n<p class=\"more-link-p\"><a class=\"more-link\" href=\"https:\/\/www.slineamt.ro\/apostolul\/eveniment\/colegiul-national-petru-rares-o-istorie-de-150-de-ani\/\">Read more &rarr;<\/a><\/p>\n","protected":false},"author":1,"featured_media":0,"comment_status":"open","ping_status":"closed","sticky":false,"template":"","format":"standard","meta":{"footnotes":""},"categories":[18,416],"tags":[],"class_list":["post-18773","post","type-post","status-publish","format-standard","hentry","category-eveniment","category-numarul-227"],"_links":{"self":[{"href":"https:\/\/www.slineamt.ro\/apostolul\/wp-json\/wp\/v2\/posts\/18773","targetHints":{"allow":["GET"]}}],"collection":[{"href":"https:\/\/www.slineamt.ro\/apostolul\/wp-json\/wp\/v2\/posts"}],"about":[{"href":"https:\/\/www.slineamt.ro\/apostolul\/wp-json\/wp\/v2\/types\/post"}],"author":[{"embeddable":true,"href":"https:\/\/www.slineamt.ro\/apostolul\/wp-json\/wp\/v2\/users\/1"}],"replies":[{"embeddable":true,"href":"https:\/\/www.slineamt.ro\/apostolul\/wp-json\/wp\/v2\/comments?post=18773"}],"version-history":[{"count":1,"href":"https:\/\/www.slineamt.ro\/apostolul\/wp-json\/wp\/v2\/posts\/18773\/revisions"}],"predecessor-version":[{"id":18812,"href":"https:\/\/www.slineamt.ro\/apostolul\/wp-json\/wp\/v2\/posts\/18773\/revisions\/18812"}],"wp:attachment":[{"href":"https:\/\/www.slineamt.ro\/apostolul\/wp-json\/wp\/v2\/media?parent=18773"}],"wp:term":[{"taxonomy":"category","embeddable":true,"href":"https:\/\/www.slineamt.ro\/apostolul\/wp-json\/wp\/v2\/categories?post=18773"},{"taxonomy":"post_tag","embeddable":true,"href":"https:\/\/www.slineamt.ro\/apostolul\/wp-json\/wp\/v2\/tags?post=18773"}],"curies":[{"name":"wp","href":"https:\/\/api.w.org\/{rel}","templated":true}]}}