{"id":21545,"date":"2021-09-29T12:00:46","date_gmt":"2021-09-29T12:00:46","guid":{"rendered":"http:\/\/www.slineamt.ro\/apostolul\/?p=21545"},"modified":"2021-09-29T12:00:46","modified_gmt":"2021-09-29T12:00:46","slug":"in-memoriam-grigore-pop","status":"publish","type":"post","link":"https:\/\/www.slineamt.ro\/apostolul\/comemorari\/in-memoriam-grigore-pop\/","title":{"rendered":"In memoriam: Grigore POP"},"content":{"rendered":"\n<div class=\"wp-block-image\"><figure class=\"alignleft size-full\"><a href=\"http:\/\/www.slineamt.ro\/apostolul\/wp-content\/uploads\/2021\/09\/37-ap242-foto1.jpg\"><img loading=\"lazy\" decoding=\"async\" width=\"561\" height=\"374\" src=\"http:\/\/www.slineamt.ro\/apostolul\/wp-content\/uploads\/2021\/09\/37-ap242-foto1.jpg\" alt=\"\" class=\"wp-image-21546\" srcset=\"https:\/\/www.slineamt.ro\/apostolul\/wp-content\/uploads\/2021\/09\/37-ap242-foto1.jpg 561w, https:\/\/www.slineamt.ro\/apostolul\/wp-content\/uploads\/2021\/09\/37-ap242-foto1-300x200.jpg 300w, https:\/\/www.slineamt.ro\/apostolul\/wp-content\/uploads\/2021\/09\/37-ap242-foto1-260x173.jpg 260w, https:\/\/www.slineamt.ro\/apostolul\/wp-content\/uploads\/2021\/09\/37-ap242-foto1-160x107.jpg 160w\" sizes=\"auto, (max-width: 561px) 100vw, 561px\" \/><\/a><\/figure><\/div>\n\n\n\n<p><\/p>\n\n\n\n<p>Ardelean get-beget, Grigore Octavian Pop (Palatca, 16 mai 1946 \u2013 Cluj, 2 sept. 2021) a urmat Liceul de Muzic\u0103 din Cluj, a absolvit Conservatorul \u201eGheorghe Dima\u201d (1970) \u015fi tot aici \u015fi-a finalizat doctoratul (2005).<\/p>\n\n\n\n<p>Domnia-sa s-a num\u0103rat printre \u00eentemeietorii primelor ansambluri de percu\u0163ie din Europa. A fost component al unor reputate orchestre simfonice \u2013 a Filarmonicii Transilvania, din Cluj-Napoca \u015fi a celebrei <em>Ars Nova<\/em> a compozitorului Cornel \u0162\u0103ranu.<\/p>\n\n\n\n<p>Ca interpret virtuoz, a scos din tradi\u0163ie instrumentele de percu\u0163ie, f\u0103c\u00e2ndu-le expresive, prin sonorit\u0103\u0163i \u015fi culoare. \u00cen m\u00e2inile sale, acestea nu mai erau simple instrumente ritmice, fiecare concert al s\u0103u \u2013 la Bucure\u015fti, Berlin, Paris, Bruxelles, Chi\u015fin\u0103u, Copenhaga \u2013 fiind o real\u0103 demonstra\u0163ie de magie.<\/p>\n\n\n\n<p>Ca pedagog, fondator \u015fi coordonator al catedrei de percu\u0163ie clujene, dar \u015fi a celei de la Piatra-Neam\u0163, Grigore Pop i-a f\u0103cut pe studen\u0163ii s\u0103i s\u0103 c\u00e2nte cu pl\u0103cere la instrumentele din dotare, form\u00e2ndu-le gustul pentru muzica adev\u0103rat\u0103. A introdus \u00een repertoriu suite de Bach, sonate de Mozart \u015fi piese moderne, scrise anume pentru percu\u0163ie, lucr\u00e2nd constant \u00eens\u0103 pentru promovarea muzicii rom\u00e2ne\u015fti, acas\u0103 \u015fi peste hotare.<\/p>\n\n\n\n<p>La Piatra-Neam\u0163 i se datoreaz\u0103 pe deplin \u00eenfiin\u0163area catedrei \u015fi ansamblul de percu\u0163ie ale Extensiei Academiei \u201eGheorghe Dima\u201d, ini\u0163iativa \u015fi coordonarea a dou\u0103 edi\u0163ii ale Festivalului Na\u0163ional al Muzicii de Percu\u0163ie. Iar fo\u015ftii s\u0103i studen\u0163i \u2013 de la Cluj sau Piatra-Neam\u0163 \u2013 au ajuns \u00een filarmonici \u015fi opere importante din \u0163ar\u0103 \u015fi str\u0103in\u0103tate.<\/p>\n\n\n\n<p>Un om de o generozitate nem\u0103rginit\u0103, inteligent \u015fi integru, muzician str\u0103lucit \u015fi pedagog cu incontestabil\u0103 voca\u0163ie, Grigore Pop a avut, \u00een acela\u015fi timp, un acut sim\u0163ul al umorului \u015fi o real\u0103 voca\u0163ie a prieteniei.<\/p>\n\n\n\n<p>\u015ei tot un prieten, regretatul prof. univ. dr. Cristian Misievici, a scris c\u00e2ndva: <em>Domnul profesor Grigore Octavian Pop s-a \u00eenconjurat \u00eenc\u0103 de timpuriu de minunatele sale ma\u015fini c\u00e2nt\u0103toare \u015fi a scos la iveal\u0103, cu har, prin trud\u0103 \u00eendelungat\u0103 \u015fi temeinic\u0103, sunete m\u0103iestre menite s\u0103 aduc\u0103 lumin\u0103 \u015fi bucurie \u00een sufletele semenilor. La clasa de percu\u0163ie a domniei sale te afli \u00eentr-o lume aidoma celei din atelierul me\u015fterului Gepetto \u00eenainte de a se \u00eenf\u0103ptui minunea. \u015ei minunea se \u00eenf\u0103ptuie\u015fte \u00eentotdeauna sub degetele m\u0103iestre ale lui Grigore Octavian Pop \u015fi ale discipolilor s\u0103i, fie c\u0103 ea aduce cu sine sonorit\u0103\u0163i arhetipale rom\u00e2ne\u015fti, asprimi de tragedie antic\u0103, fine\u0163uri \u015fi rafinamente fran\u0163uze\u015fti ori c\u00e2te multe altele<\/em>&#8230;<\/p>\n\n\n\n<p>Ne va lipsi aceast\u0103 minune, dar sper\u0103m s\u0103 ne-o reaminteasc\u0103, c\u00e2t mai des, numero\u015fii s\u0103i discipoli. Doamne ajut\u0103!<\/p>\n\n\n\n<p><strong><em>Mircea ZAHARIA<\/em><\/strong><\/p>\n","protected":false},"excerpt":{"rendered":"<p>Ardelean get-beget, Grigore Octavian Pop (Palatca, 16 mai 1946 \u2013 Cluj, 2 sept. 2021) a urmat Liceul de Muzic\u0103 din Cluj, a absolvit Conservatorul \u201eGheorghe Dima\u201d (1970) \u015fi tot aici \u015fi-a finalizat doctoratul (2005). Domnia-sa s-a num\u0103rat printre \u00eentemeietorii primelor&hellip;<\/p>\n<p class=\"more-link-p\"><a class=\"more-link\" href=\"https:\/\/www.slineamt.ro\/apostolul\/comemorari\/in-memoriam-grigore-pop\/\">Read more &rarr;<\/a><\/p>\n","protected":false},"author":1,"featured_media":0,"comment_status":"open","ping_status":"closed","sticky":false,"template":"","format":"standard","meta":{"footnotes":""},"categories":[5,445],"tags":[],"class_list":["post-21545","post","type-post","status-publish","format-standard","hentry","category-comemorari","category-numarul-242"],"_links":{"self":[{"href":"https:\/\/www.slineamt.ro\/apostolul\/wp-json\/wp\/v2\/posts\/21545","targetHints":{"allow":["GET"]}}],"collection":[{"href":"https:\/\/www.slineamt.ro\/apostolul\/wp-json\/wp\/v2\/posts"}],"about":[{"href":"https:\/\/www.slineamt.ro\/apostolul\/wp-json\/wp\/v2\/types\/post"}],"author":[{"embeddable":true,"href":"https:\/\/www.slineamt.ro\/apostolul\/wp-json\/wp\/v2\/users\/1"}],"replies":[{"embeddable":true,"href":"https:\/\/www.slineamt.ro\/apostolul\/wp-json\/wp\/v2\/comments?post=21545"}],"version-history":[{"count":1,"href":"https:\/\/www.slineamt.ro\/apostolul\/wp-json\/wp\/v2\/posts\/21545\/revisions"}],"predecessor-version":[{"id":21547,"href":"https:\/\/www.slineamt.ro\/apostolul\/wp-json\/wp\/v2\/posts\/21545\/revisions\/21547"}],"wp:attachment":[{"href":"https:\/\/www.slineamt.ro\/apostolul\/wp-json\/wp\/v2\/media?parent=21545"}],"wp:term":[{"taxonomy":"category","embeddable":true,"href":"https:\/\/www.slineamt.ro\/apostolul\/wp-json\/wp\/v2\/categories?post=21545"},{"taxonomy":"post_tag","embeddable":true,"href":"https:\/\/www.slineamt.ro\/apostolul\/wp-json\/wp\/v2\/tags?post=21545"}],"curies":[{"name":"wp","href":"https:\/\/api.w.org\/{rel}","templated":true}]}}