{"id":21726,"date":"2021-10-26T11:45:14","date_gmt":"2021-10-26T11:45:14","guid":{"rendered":"http:\/\/www.slineamt.ro\/apostolul\/?p=21726"},"modified":"2021-10-26T11:45:14","modified_gmt":"2021-10-26T11:45:14","slug":"expozitia-poeti-laureati-ai-premiului-national-de-poezie-mihai-eminescu-opus-primum","status":"publish","type":"post","link":"https:\/\/www.slineamt.ro\/apostolul\/arte-si-meseriii\/expozitia-poeti-laureati-ai-premiului-national-de-poezie-mihai-eminescu-opus-primum\/","title":{"rendered":"Expozi\u0163ia \u201ePoe\u0163i laurea\u0163i ai Premiului Na\u0163ional de Poezie Mihai Eminescu \u2013 Opus Primum&#8221;"},"content":{"rendered":"\n<div class=\"wp-block-image\"><figure class=\"alignleft size-full is-resized\"><a href=\"http:\/\/www.slineamt.ro\/apostolul\/wp-content\/uploads\/2021\/10\/25-ap243-foto1.jpg\"><img loading=\"lazy\" decoding=\"async\" src=\"http:\/\/www.slineamt.ro\/apostolul\/wp-content\/uploads\/2021\/10\/25-ap243-foto1.jpg\" alt=\"\" class=\"wp-image-21727\" width=\"415\" height=\"266\" srcset=\"https:\/\/www.slineamt.ro\/apostolul\/wp-content\/uploads\/2021\/10\/25-ap243-foto1.jpg 490w, https:\/\/www.slineamt.ro\/apostolul\/wp-content\/uploads\/2021\/10\/25-ap243-foto1-300x192.jpg 300w, https:\/\/www.slineamt.ro\/apostolul\/wp-content\/uploads\/2021\/10\/25-ap243-foto1-260x167.jpg 260w, https:\/\/www.slineamt.ro\/apostolul\/wp-content\/uploads\/2021\/10\/25-ap243-foto1-160x103.jpg 160w\" sizes=\"auto, (max-width: 415px) 100vw, 415px\" \/><\/a><\/figure><\/div>\n\n\n\n<p>Biblioteca Jude\u0163ean\u0103 \u201eG. T. Kirileanu\u201d Neam\u0163 este prima destina\u0163ie a expozi\u0163iei itinerante \u201ePoe\u0163i laurea\u0163i ai Premiului Na\u0163ional de Poezie Mihai Eminescu \u2013 OPUS PRIMUM\u201d. Aceasta poate fi v\u0103zut\u0103 deja pe simezele din Sala Cupola, \u00een timpul programului cu public al bibliotecii.<\/p>\n\n\n\n<p>Memorialul Ipote\u015fti \u2212 Centrul Na\u0163ional de Studii \u201eMihai Eminescu\u201d acord\u0103 anual, \u00eencep\u00e2nd cu 1998, Premiul Na\u0163ional de Poezie Mihai Eminescu \u2013 OPUS PRIMUM.<\/p>\n\n\n\n<p>Ini\u0163iat la propunerea poetei Ileana M\u0103l\u0103ncioiu \u00een anul 1998, premiul se acord\u0103 poe\u0163ilor rom\u00e2ni care au debutat cu volum de poezie \u00een anul anterior premierii, \u00een urma deciziei unui juriu na\u0163ional. Din juriu au f\u0103cut parte, consecutiv: Lauren\u0163iu Ulici, Nicolae Manolescu, Mircea Martin, Dan Cristea, Al. Cistelecan, Mircea A. Diaconu, Vasile Spiridon, Ioan Holban, Daniel Cristea-Enache, Andrei Terian, Alex Golde\u015f, Mihai Iov\u0103nel.<\/p>\n\n\n\n<p>De-a lungul anilor, au fost premia\u0163i, pentru debut, treizeci \u015fi patru de poe\u0163i: Doru Mare\u015f, Dan-Bogdan Hanu, T.O. Bobe, Liviu Georgescu, R\u0103zvan \u0162upa, Cristian Pohrib, Dan Sociu, Teodor Dun\u0103, Dan Coman, Claudiu Komartin, Bogdan Perdivar\u0103, Sebastian Sifft, Oana C\u0103t\u0103lina Ninu, Diana Geac\u0103r, Andra Rotaru, Rita Chirian, Livia Ro\u015fca, Florin Partene, Svetlana C\u00e2rstean, Stoian G. Bogdan, Mihai Du\u0163escu, Crista Bilciu, Andrei D\u00f3sa, Anatol Grosu, \u015etefan Baghiu, \u015etefan Ivas, Merlich Saia, Ionelia Cristea, Robert G. Elekes, Ciprian Popescu, Cristina Stancu, Mina Decu, Anastasia Gavrilovici, Deniz Otay.<\/p>\n\n\n\n<p>Cu ocazia celei de-a XX-a edi\u0163ii, Memorialul Ipote\u015fti a editat o antologie a poe\u0163ilor laurea\u0163i ai premiului \u2013 \u201eExerci\u0163ii de neclintire\u201d, \u00een care au fost antologa\u0163i poe\u0163ii premia\u0163i p\u00e2n\u0103 \u00een anul 2018. \u00cen acela\u015fi an, pe 15 ianuarie, a fost vernisat\u0103 \u015fi expozi\u0163ia \u201ePoe\u0163i laurea\u0163i ai Premiului Na\u0163ional de Poezie Mihai Eminescu \u2013 OPUS PRIMUM\u201d, care, an de an, este completat\u0103 cu nume noi. Expozi\u0163ia \u2013 concep\u0163ie grafic\u0103: Liliana Grecu; selec\u0163ie text: Mihaela Ani\u0163ului, Lucia \u0162urcanu, Ala Sainenco \u2013 con\u0163ine panouri cu medalioane ale poe\u0163ilor, note biografice \u015fi texte din volumele de debut ale poe\u0163ilor premia\u0163i. \u00cencep\u00e2nd cu 2021, expozi\u0163ia a devenit itinerant\u0103. (<em>Biblioteca Jude\u0163ean\u0103 \u201eG. T. Kirileanu\u201d Neam\u0163<\/em>)<\/p>\n","protected":false},"excerpt":{"rendered":"<p>Biblioteca Jude\u0163ean\u0103 \u201eG. T. Kirileanu\u201d Neam\u0163 este prima destina\u0163ie a expozi\u0163iei itinerante \u201ePoe\u0163i laurea\u0163i ai Premiului Na\u0163ional de Poezie Mihai Eminescu \u2013 OPUS PRIMUM\u201d. Aceasta poate fi v\u0103zut\u0103 deja pe simezele din Sala Cupola, \u00een timpul programului cu public al&hellip;<\/p>\n<p class=\"more-link-p\"><a class=\"more-link\" href=\"https:\/\/www.slineamt.ro\/apostolul\/arte-si-meseriii\/expozitia-poeti-laureati-ai-premiului-national-de-poezie-mihai-eminescu-opus-primum\/\">Read more &rarr;<\/a><\/p>\n","protected":false},"author":1,"featured_media":0,"comment_status":"open","ping_status":"closed","sticky":false,"template":"","format":"standard","meta":{"footnotes":""},"categories":[7,446],"tags":[],"class_list":["post-21726","post","type-post","status-publish","format-standard","hentry","category-arte-si-meseriii","category-numarul-243"],"_links":{"self":[{"href":"https:\/\/www.slineamt.ro\/apostolul\/wp-json\/wp\/v2\/posts\/21726","targetHints":{"allow":["GET"]}}],"collection":[{"href":"https:\/\/www.slineamt.ro\/apostolul\/wp-json\/wp\/v2\/posts"}],"about":[{"href":"https:\/\/www.slineamt.ro\/apostolul\/wp-json\/wp\/v2\/types\/post"}],"author":[{"embeddable":true,"href":"https:\/\/www.slineamt.ro\/apostolul\/wp-json\/wp\/v2\/users\/1"}],"replies":[{"embeddable":true,"href":"https:\/\/www.slineamt.ro\/apostolul\/wp-json\/wp\/v2\/comments?post=21726"}],"version-history":[{"count":1,"href":"https:\/\/www.slineamt.ro\/apostolul\/wp-json\/wp\/v2\/posts\/21726\/revisions"}],"predecessor-version":[{"id":21728,"href":"https:\/\/www.slineamt.ro\/apostolul\/wp-json\/wp\/v2\/posts\/21726\/revisions\/21728"}],"wp:attachment":[{"href":"https:\/\/www.slineamt.ro\/apostolul\/wp-json\/wp\/v2\/media?parent=21726"}],"wp:term":[{"taxonomy":"category","embeddable":true,"href":"https:\/\/www.slineamt.ro\/apostolul\/wp-json\/wp\/v2\/categories?post=21726"},{"taxonomy":"post_tag","embeddable":true,"href":"https:\/\/www.slineamt.ro\/apostolul\/wp-json\/wp\/v2\/tags?post=21726"}],"curies":[{"name":"wp","href":"https:\/\/api.w.org\/{rel}","templated":true}]}}