{"id":21729,"date":"2021-10-26T11:46:34","date_gmt":"2021-10-26T11:46:34","guid":{"rendered":"http:\/\/www.slineamt.ro\/apostolul\/?p=21729"},"modified":"2021-10-26T11:46:34","modified_gmt":"2021-10-26T11:46:34","slug":"rememorari-nemtene-octombrie-2021","status":"publish","type":"post","link":"https:\/\/www.slineamt.ro\/apostolul\/lectia-de-istorie\/rememorari-nemtene-octombrie-2021\/","title":{"rendered":"Rememor\u0103ri nem\u0163ene \u2013 octombrie 2021"},"content":{"rendered":"\n<p><\/p>\n\n\n\n<p>\u25a0 1\/1927 \u2013 n. <strong>Nestor VORNICESCU<\/strong>, la Lozova, L\u0103pu\u015fna, Basarabia (d. 17. 05. 2000, Craiova), ecumenist, istoric, doctor (1983). Dup\u0103 \u015fapte clase, a intrat novice la Schitul Nechit, Neam\u0163 (1943); la M\u0103n\u0103stirea Neam\u0163, a urmat Seminarul de Muzic\u0103 Bisericeasc\u0103 \u015fi Seminarul Monahal Superior (1946-1951); a absolvit Institutul Teologic, Bucure\u015fti (1955). Preot la Catedrala Episcopal\u0103 din Ia\u015fi \u015fi bibliotecar al Mitropoliei Moldovei \u015fi Bucovinei, stare\u0163 la: M\u0103n\u0103stirea \u201eSf\u00e2ntul Ioan cel Nou\u201d, Suceava, la M\u0103n\u0103stirea Neam\u0163 (1966-1970); cursuri postuniversitare la Bossey \u015fi Geneva (1969-1970), mitropolit al Olteniei (1978). Membru de onoare al Academiei Rom\u00e2ne (1992). A scris numeroase c\u0103r\u0163i, articole \u015fi studii pe teme patristice, istorice \u015fi ecumenice, publicate \u00een \u0163ar\u0103 \u015fi str\u0103in\u0103tate, prezentate la \u00eentruniri interna\u0163ionale. Distins cu ordine ale Patriarhiilor Ortodoxe.<\/p>\n\n\n\n<p>\u25a0 4\/1876, 145 ani de la na\u015ftere <strong>Dumitru Gh. C\u0102DERE<\/strong>, la Buhalni\u0163a, Neam\u0163 (d. 1941, Bucure\u015fti), profesor universitar, om de \u015ftiin\u0163\u0103. A absolvit Facultatea de \u015etiin\u0163e din Ia\u015fi, a predat la: Liceul \u201eGheorghe Ro\u015fca-Codreanu\u201d, B\u00e2rlad, Liceul Na\u0163ional Ia\u015fi, Seminarul \u201eVeniamin Costachi\u201d, \u015ecoala Normal\u0103 \u201eVasile Lupu\u201d, iar dup\u0103 Primul R\u0103zboi Mondial, la catedra de mineralogie a Universit\u0103\u0163ii ie\u015fene. Cursuri de specializare la Viena, titlul de doctor (1924) \u015fi doctor docent (1927). Func\u0163ii: inspector general \u015fi secretar general \u00een M. I. P. Membru al societ\u0103\u0163ilor \u015ftiin\u0163ifice din cadrul Universit\u0103\u0163ilor din Ia\u015fi, Viena \u015fi Berlin. \u00cen redac\u0163iile: \u201eArhiva\u201d \u015fi \u201eCultura rom\u00e2n\u0103\u201d. Autor de manuale \u015fcolare (\u201eNo\u0163iuni elementare de fizic\u0103\u201d, \u015fi \u201eNo\u0163iuni elementare de chimie\u201d), precum \u015fi de studii: \u201eNot\u0103 asupra rocilor eruptive de pe Borca\u201d, \u201ePaleozoicul din Dobrogea\u201d \u015f. a. S-a ocupat de editarea operei lui Petru Poni (5 volume, 1910-1928).<\/p>\n\n\n\n<p>\u25a0 10\/1937 \u2013 n. <strong>Gheorghe BLAGA<\/strong>, la Borle\u015fti, Neam\u0163 (d. 30. 04. 2006). Profesor de limba francez\u0103 \u015fi inspector \u015fcolar, publicist. A pus bazele Funda\u0163iei \u201eI. I. Mironescu\u201d, a ini\u0163iat \u015fi condus peste un deceniu Revista \u201eLa Tazl\u0103u\u201d, \u00een jurul c\u0103reia, inimosul dasc\u0103l a adunat numero\u015fi colaboratori din jude\u0163 \u015fi din \u0163ar\u0103. A colaborat la publica\u0163ii din Neam\u0163 (\u201eCeahl\u0103ul\u201d, \u201eApostolul\u201d, \u201eAsachi\u201d, \u201eMonitorul de Neam\u0163\u201d \u201eRealitatea\u201d) \u015fi din \u0163ar\u0103.<\/p>\n\n\n\n<p>\u25a0 10\/1955 \u2013 n. <strong>Dinu HUMINIUC<\/strong>, la Strunga, Ia\u015fi. Absolvent al Institutului de Arte Plastice \u201eIoan Andreescu\u201d din Cluj (1979), dup\u0103 care s-a stabilit la Piatra-Neam\u0163. Expozi\u0163ii de grup \u015fi personale: Cluj, Alba Iulia, Piatra-Neam\u0163, Galeria Municipiului Bucure\u015fti, Fran\u0163a, Budapesta \u015f. a. Colabor\u0103ri: \u201eAntiteze\u201d, \u201ePoesis\u201d, \u201ePanteon\u201d; coperte, cataloage, grafic\u0103 de carte (Trilogia \u201eOmul de h\u00e2rtie\u201d, versuri, de Emil Nicolae). Pictur\u0103 bisericeasc\u0103: \u00een Neam\u0163. Premii: \u201eVorone\u0163eana\u201d; \u201eSaloanele Moldovei\u201d, Bienala \u201eLasc\u0103r Vorel\u201d \u015f. a.<\/p>\n\n\n\n<p>\u25a0 18\/1944 \u2013 n. <strong>Gheorghe V. \u0162IG\u0102U<\/strong>, la Ruc\u0103r, Arge\u015f, profesor, publicist. A absolvit Facultatea de Filologie a Universit\u0103\u0163ii Bucure\u015fti (1967). Cariera didactic\u0103 la: Borca, Neam\u0163 (\u015fi director adjunct), inspector \u015fcolar \u00een Neam\u0163. Debut \u00een \u201eAteneu\u201d (1985); editorial: \u201eNo\u0163iuni fundamentale de teorie literar\u0103\u201d (2000), urmat\u0103 de un manual, o monografie a Liceului din Borca \u015fi de dou\u0103 c\u0103r\u0163i: \u201eLa p\u00e2r\u00e2ul dorului. Literatur\u0103 popular\u0103 de pe Valea Bistri\u0163ei \u015fi din \u00eemprejurimi\u201d \u015fi \u201eLa f\u00e2nt\u00e2n\u0103, la izvor\u201d. Colabor\u0103ri: la toate publica\u0163iile din Neam\u0163; \u201eTribuna \u00eenv\u0103\u0163\u0103m\u00e2ntului\u201d; \u201e\u015ecoala modern\u0103\u201d, \u201eApostolul\u201d \u015f. a.<\/p>\n\n\n\n<p>\u25a0 18\/1952, n. <strong>D\u0103nu\u0163 Dumitru URSACHE<\/strong>, Piatra-Neam\u0163 (d. 27. 03. 2010, B\u0103ile Felix, Oradea), profesor, publicist \u015fi prozator. A absolvit Liceul \u201ePetru Rare\u015f\u201d din localitatea natal\u0103 (1971), Facultatea de Filozofie a Universit\u0103\u0163ii din Ia\u015fi (1975), doctor (1993). Distins cu Diploma de onoare \u2013 locul I pe \u0163ar\u0103 \u2013 \u00een competi\u0163ia \u201eEficien\u0163\u0103 \u015fi creativitate \u00een \u00eenv\u0103\u0163\u0103m\u00e2nt\u201d (1994). Membru \u00een colectivul de redac\u0163ie al publica\u0163iei \u201eApostolul\u201d; colabor\u0103ri: \u201eAsachi\u201d, \u015fi \u201eCeahl\u0103ul\u201d din Piatra-Neam\u0163; \u201eTribuna \u00eenv\u0103\u0163\u0103m\u00e2ntului\u201d. C\u0103r\u0163i: \u201eIntroducere \u00een filosofia lui Lucian Blaga\u201d; romanele: \u201eParadisul papagalilor\u201d, \u201ePentagrama sau Ironia sor\u0163ii\u201d, \u201eCas\u0103 \u00een Cer\u201d, proz\u0103.<\/p>\n\n\n\n<p>\u25a0 19\/1908 \u2013 n. <strong>Dumitru ALMA\u015e<\/strong> (pseud. al lui Dumitru Ailinc\u0103i), la Negre\u015fti, Neam\u0163 (d. 12. 03. 1995, Bucure\u015fti), istoric, publicist, prozator. A absolvit Facultatea de Litere \u015fi Filozofie a Universit\u0103\u0163ii Bucure\u015fti. Profesor la Sili\u015ftea, C\u0103l\u0103ra\u015fi \u015fi Piatra-Neam\u0163, p\u00e2n\u0103 \u00een 1949, apoi, prin concurs, conferen\u0163iar, profesor, consultant, la Facultatea de Istorie a Universit\u0103\u0163ii Bucure\u015fti. Redactor-\u015fef al revistei \u201eMagazin istoric\u201d. Din 1939, c\u00e2nd a editat \u201eMiron Costin\u201d, I-II, public\u0103 volume cu lucr\u0103ri literare \u015fi istorice; colabor\u0103ri la multe publica\u0163ii, inclusiv la cele din Piatra-Neam\u0163.<\/p>\n\n\n\n<p>\u25a0 20\/1938 \u2013 n. <strong>Cornel NICOAR\u0102<\/strong>, la C\u00e2mpia Turzii, Cluj, (d. 21.10. 2021, Piatra-Neam\u021b) actor, prozator. A absolvit I. A. T. C. \u201eI. L. Caragiale\u201d din Bucure\u015fti (1965). Actor la T. T. (8. 07. 1965, p\u00e2n\u0103 la pensionare), a de\u0163inut func\u0163iile: director adjunct \u015fi director, consilier-\u015fef al Inspectoratului pentru Cultur\u0103 Neam\u0163, conferen\u0163iar universitar \u015fi a interpretat peste 100 de roluri. Amintim c\u00e2teva spectacole: \u201eFemeia M\u0103rii\u201d, \u201eArden din Kent\u201d, \u201eR\u0103zvan \u015fi Vidra\u201d, \u201eAct vene\u0163ian\u201d, \u201eBritannicus\u201d, \u201eMatca\u201d, \u201eMuntele\u201d, \u201eMihai Viteazul\u201d, \u201eMu\u015ftele\u201d, \u201eO scrisoare pierdut\u0103\u201d, \u201eApus de Soare\u201d, \u201eB\u0103d\u0103ranii\u201d \u015f. a., precum \u015fi c\u00e2teva filme: \u201ePintea\u201d, \u201eBuzduganul cu trei pece\u0163i\u201d, \u201eFiul mun\u0163ilor\u201d, \u201eDumbrava Minunat\u0103\u201d, \u201eAdev\u0103rata poveste\u201d (ultimul, \u00een Germania). S-a implicat \u00een marile manifest\u0103ri desf\u0103\u015furate la Neam\u0163: Festivalul de Teatru, \u201eAntologia Scriitorilor Rom\u00e2ni Contemporani\u201d, \u201eSadoveniana\u201d, \u201eStagiunile de Muzic\u0103 Simfonic\u0103\u201d, \u201eVacan\u0163e Muzicale\u201d \u015f. a. C\u0103r\u0163i: \u201eMemoria m\u0103\u015ftilor\u201d, \u201eAlbum de suflet\u201d.<\/p>\n\n\n\n<p>\u25a0 21\/1906 \u2013 115 ani de la na\u015ftere <strong>Har. MIH\u0102ILESCU<\/strong>, la V\u00e2n\u0103tori, Dumbrava Ro\u015fie (azi, Municipiul Piatra-Neam\u0163) (d. 9. 03. 1992, Piatra-Neam\u0163). Absolvent al Liceului \u201ePetru Rare\u015f\u201d, al Facult\u0103\u0163ii de Litere \u015fi Filozofie, Bucure\u015fti, cu \u201emagna cum laude\u201d (1929). Profesor la T\u00e2rgu-Neam\u0163, Roman, Curtea de Arge\u015f \u015fi Piatra-Neam\u0163. \u00cen studen\u0163ie, a frecventat cenaclurile \u201eSbur\u0103torul\u201d, \u201eFalanga\u201d. La Piatra-Neam\u0163, a pus bazele cenaclurilor literare \u201eSlova nou\u0103\u201d, \u201eCalistrat Hoga\u015f\u201d \u015fi \u201ePetrodava\u201d. Debut cu poezii \u00een \u201eBilete de Papagal\u201d (1928). Colabor\u0103ri: Anuarul Liceului \u201ePetru Rare\u015f\u201d, \u201eApostolul\u201d, \u201eAteneu\u201d, \u201eRom\u00e2nia literar\u0103\u201d, \u201eUniversul copiilor\u201d, \u201eUniversul literar\u201d \u015f. a. Scrieri: \u201eT\u00e2lcuirea lui Har. Mih\u0103ilescu\u201d; \u201eDin cartea vie\u0163ii\u201d; \u201eG\u00e2ndind la dep\u0103rt\u0103ri fecioare\u201d.<\/p>\n\n\n\n<p>\u25a0 21\/1939 \u2013 n. <strong>Dumitru IRIMIA<\/strong>, la Roman (d. 2009, Ia\u015fi). Absolvent al \u015ecolii Medii din ora\u015ful natal \u015fi al Facult\u0103\u0163ii de Filologie, Ia\u015fi, doctor (1976). A urcat treptele ierarhiei universitare, remarc\u00e2ndu-se ca lingvist \u015fi filolog. A predat la universit\u0103\u0163i din Italia. Scrieri: \u201eLimbajul poetic eminescian\u201d; \u201eCurs de lingvistic\u0103 general\u0103\u201d; \u201eLingvistica, poetica, stilistica\u201d; \u201eStructura stilistic\u0103 a limbii rom\u00e2ne contemporane\u201d; \u201eIntroducere \u00een stilistic\u0103\u201d; \u201eDic\u0163ionarul limbajului poetic eminescian\u201d (coord.), \u201eGramatica limbii rom\u00e2ne\u201d \u015f. a.<\/p>\n\n\n\n<p>\u25a0 23\/1947 \u2013 n. <strong>Dumitru BEZEM<\/strong>, la Tarc\u0103u, Neam\u0163, artist plastic. Facultatea de Arte Plastice, Ia\u015fi (1972). A debutat \u00eentr-o expozi\u0163ie de grup, pe c\u00e2nd era student, \u00een Sala Pa\u015filor Pierdu\u0163i, Ia\u015fi (1970). Membru al U. A. P. A organizat peste 40 de expozi\u0163ii personale, din care peste 35 la Piatra-Neam\u0163. A expus la Strasbourg, Martely \u2013 Ungaria. Particip\u0103ri la expozi\u0163ii: Japonia, Germania, Italia, S. U. A., Anglia, Canada, Fran\u0163a, Spania, Israel, unde are \u015fi lucr\u0103ri \u00een colec\u0163ii de stat \u015fi particulare. Cicluri: \u201eArlechini\u201d, \u201ePor\u0163i\u201d, \u201eSchituri\u201d.<\/p>\n\n\n\n<p>\u25a0 23\/1950 \u2013 n. <strong>Nicolae SAVA<\/strong>, la V\u00e2n\u0103tori-Neam\u0163, scriitor, ziarist. Dup\u0103 absolvirea liceului \u00een T\u00e2rgu-Neam\u0163, a lucrat \u00een diverse meserii, p\u00e2n\u0103 \u00een februarie 1990, c\u00e2nd \u00eencepe s\u0103 lucreze ca redactor, la Ziarul \u201eCeahl\u0103ul\u201d din Piatra-Neam\u0163. A debutat cu versuri, \u00een Revista \u201eTomis\u201d (1969). Anii \u201980 ai secolului XX sunt anii de consacrare definitiv\u0103 a scriitorului. Cartea de poeme \u201eFericit precum mirele\u201d a fost primit\u0103 favorabil de critica literar\u0103. Alte volume: \u201eDespre prietenie\u201d; \u201ePrivighetoarea\u201d; \u201eVia\u0163\u0103 public\u0103\u201d; \u201eProz\u0103, domnilor, proz\u0103\u201d; \u201eInsolen\u0163a nop\u0163ilor\u201d.<\/p>\n\n\n\n<p>\u25a0 24\/1931\u2013 90 ani de la na\u015ftere <strong>Vasile AILINC\u0102I<\/strong>, la Valea-Arini, B\u0103l\u0163\u0103te\u015fti, Neam\u0163, profesor, memorialist. Absolvent al Gimnaziului Unic din B\u0103l\u0163\u0103te\u015fti (1948), al \u015ecolii Pedagogice de \u00cenv\u0103\u0163\u0103tori din Piatra-Neam\u0163 \u015fi al Facult\u0103\u0163ii de Filologie, Ia\u015fi. \u00cenv\u0103\u0163\u0103tor \u015fi director la \u015ecoala Primar\u0103 de la M\u0103n\u0103stirea Neam\u0163, profesor \u015fi director la \u015ecoala Ghind\u0103oani, la \u015ecoala B\u0103l\u0163\u0103te\u015fti. Volume: \u201eR\u0103d\u0103cini la B\u0103l\u0163\u0103te\u015fti\u201d; \u201e\u015ecoala B\u0103l\u0163\u0103te\u015fti. Studiu monografic\u201d; \u201eB\u0103l\u0163\u0103te\u015fti, pagini de monografie\u201d (colab.).<\/p>\n\n\n\n<p>\u25a0 26\/1936 \u2013 85 ani de la na\u015ftere <strong>Gheorghe BUNGHEZ<\/strong>, la Poiana-S\u0103rat\u0103, Bac\u0103u. A absolvit Facultatea de Istorie-Filologie-Filozofie a Universit\u0103\u0163ii ie\u015fene. Profesor \u015fi director la St\u0103ni\u0163a \u015fi S\u0103b\u0103oani, inspector \u015fcolar, secretar al Comitetului Regional de Cultur\u0103 \u015fi Art\u0103 (Bac\u0103u), pre\u015fedinte al Comitetului de Cultur\u0103 \u015fi Art\u0103 al Jude\u0163ului Neam\u0163, \u015feful Sec\u0163iei de Propagand\u0103 a Comitetului Jude\u0163ean Neam\u0163 al P. C. R., director al T. T. Piatra-Neam\u0163 \u015fi director al Centrului de Libr\u0103rii al Jude\u0163ului Neam\u0163. A ini\u0163iat, condus \u015fi colaborat la manifest\u0103ri cultural-artistice locale, zonale sau na\u0163ionale: S\u0103rb\u0103toarea Eroilor de la R\u0103zboieni, S\u0103rb\u0103toarea Muntelui Ceahl\u0103u, Festivalul Spectacolelor de Teatru pentru Tineret \u015fi Copii, Stagiunea simfonic\u0103 a Filarmonicii \u201eMoldova\u201d din Ia\u015fi, Festivalul \u201eVacan\u0163e Muzicale\u201d, saloane de carte, \u201eSadoveniana\u201d, Bienala de Art\u0103 Plastic\u0103 \u201eLasc\u0103r Vorel\u201d, \u201ePetrodava \u2013 2000\u201d, cicluri de emisiuni la Tele M Plus Piatra-Neam\u0163. C\u0103r\u0163i: \u201eMonumente istorice din Jude\u0163ul Neam\u0163\u201d, \u201eJude\u0163ul Neam\u0163 \u2013 Ghid\u201d, \u201ePetrodava \u2013 2000\u201d; \u201e\u00centre \u00abDragonul\u00bb \u015fi \u00abPia\u0163eta\u00bb (1981-1986)\u201d.<\/p>\n\n\n\n<p>\u25a0 26\/1945 \u2013 n. <strong>Constantin MUNTEANU<\/strong>, la Fedele\u015feni, Strunga, Ia\u015fi, scriitor. A absolvit Facultatea de Fizic\u0103 din Bucure\u015fti. Fizician la C. F. S. S. \u015fi S. C. Fibrex, director al Bibliotecii Jude\u0163ene Neam\u0163, pre\u015fedinte CPUN al Municipiului Piatra-Neam\u0163, consilier \u015fef la Inspectoratul pentru Cultur\u0103 Neam\u0163. Debut \u00een \u201eAmfiteatru\u201d, 1969; editorial, cu \u201eZaruri de cret\u0103\u201d (1976). Membru al U. S. (1976), membru al U. C. (1993). C\u0103r\u0163i: \u201eZaruri de cret\u0103\u201d; \u201eZiua magnoliilor viscolite\u201d; \u201eCursa rapid\u0103\u201d; \u201eVremea br\u00e2ndu\u015felor\u201d; \u201eTeona\u201d; \u201eSf\u00e2r\u015fitul \u00eenser\u0103rii\u201d; \u201eMaria, prin\u0163es\u0103 de Place Pigalle\u201d; \u201eZodia b\u00e2lciului\u201d; \u201eA fluierat \u00een timpul Evangheliei\u201d, \u201eLacrimile t\u0103cerii\u201d \u015f. a. Teatru: \u201eValea r\u00e2sului\u201d, la T. T.; \u201eNimic despre S\u00e2nziene\u201d, Teatrul Dramatic Bra\u015fov. Teatru TV: \u201eIubirea mea cu zurg\u0103l\u0103i\u201d; \u201eScrisori apocrife\u201d; \u201eDincolo de munte\u201d; \u201eVoca\u0163ie\u201d; \u201eCu z\u00e2mbetul pe buze\u201d; \u201eVremea s\u00e2nzienelor\u201d; \u201eFlorile amintirilor noastre\u201d. Film: \u201eSezonul pesc\u0103ru\u015filor\u201d.<\/p>\n\n\n\n<p>\u25a0 28\/1880 \u2013 n. <strong>Aetiu HOGA\u015e<\/strong>, Piatra-Neam\u0163 (d. 26. 10. 1941, Bucure\u015fti), profesor, publicist, fiul scriitorului Calistrat Hoga\u015f. Absolvent al Liceului \u201ePetru Rare\u015f\u201d din Piatra-Neam\u0163 \u015fi licen\u0163iat (1904) al Facult\u0103\u0163ii de Litere \u015fi Filozofie a Universit\u0103\u0163ii Bucure\u015fti. Profesor de limba \u015fi literatura rom\u00e2n\u0103 la licee din Roman, Bac\u0103u \u015fi Gala\u0163i. Autor de studii lingvistice \u015fi literare. Colabor\u0103ri la: \u201eConvorbiri literare\u201d, \u201eLauri\u201d, \u201eOrizonturi\u201d, \u201eAdev\u0103rul literar\u201d.<\/p>\n\n\n\n<p>\u25a0 28\/1937 \u2013 n. <strong>Virgiliu Gh. B\u00c2RLIBA<\/strong>, la Roman, profesor universitar, cercet\u0103tor, fiul profesorului Har. Mih\u0103ilescu. A absolvit Liceul \u201ePetru Rare\u015f\u201d din Piatra-Neam\u0163, Facultatea de Istorie a Universit\u0103\u0163ii Bucure\u015fti. Muzeograf \u015fi director la Muzeul de Arheologie, Piatra-Neam\u0163. Cercet\u0103tor \u015ftiin\u0163ific la Institutul \u201eA. D. Xenopol\u201d Ia\u015fi. Specializat \u00een arhivistic\u0103, arheologie. Doctor \u00een istorie (1975). S\u0103p\u0103turi arheologice \u00een Neam\u0163. A \u00eenfiin\u0163at \u015fi a condus Revista \u201eMemoria antiquitatis\u201d. Redactor responsabil al Revistei \u201eArheologia Moldovei\u201d. Lucr\u0103ri: \u201eTezaurul de la M\u0103gura\u201d (colab.); \u201eLa monnaie romaine chez les Daces Orientaux\u201d; \u201eDacia r\u0103s\u0103ritean\u0103 \u00een secolele VI-I \u00ee. e. n. Economie \u015fi moned\u0103\u201d (Premiul \u201eVasile P\u00e2rvan\u201d al Academiei).<\/p>\n\n\n\n<p>(Prelucrare dup\u0103 <em>Personalit\u0103\u0163i ale culturii din jude\u0163ul Neam\u0163<\/em>, un calendar alc\u0103tuit de Constantin Tom\u015fa, Editura Crigarux&amp;Cetatea Doamnei, Piatra-Neam\u0163, 2014).<\/p>\n","protected":false},"excerpt":{"rendered":"<p>\u25a0 1\/1927 \u2013 n. Nestor VORNICESCU, la Lozova, L\u0103pu\u015fna, Basarabia (d. 17. 05. 2000, Craiova), ecumenist, istoric, doctor (1983). Dup\u0103 \u015fapte clase, a intrat novice la Schitul Nechit, Neam\u0163 (1943); la M\u0103n\u0103stirea Neam\u0163, a urmat Seminarul de Muzic\u0103 Bisericeasc\u0103 \u015fi&hellip;<\/p>\n<p class=\"more-link-p\"><a class=\"more-link\" href=\"https:\/\/www.slineamt.ro\/apostolul\/lectia-de-istorie\/rememorari-nemtene-octombrie-2021\/\">Read more &rarr;<\/a><\/p>\n","protected":false},"author":1,"featured_media":0,"comment_status":"open","ping_status":"closed","sticky":false,"template":"","format":"standard","meta":{"footnotes":""},"categories":[6,446],"tags":[],"class_list":["post-21729","post","type-post","status-publish","format-standard","hentry","category-lectia-de-istorie","category-numarul-243"],"_links":{"self":[{"href":"https:\/\/www.slineamt.ro\/apostolul\/wp-json\/wp\/v2\/posts\/21729","targetHints":{"allow":["GET"]}}],"collection":[{"href":"https:\/\/www.slineamt.ro\/apostolul\/wp-json\/wp\/v2\/posts"}],"about":[{"href":"https:\/\/www.slineamt.ro\/apostolul\/wp-json\/wp\/v2\/types\/post"}],"author":[{"embeddable":true,"href":"https:\/\/www.slineamt.ro\/apostolul\/wp-json\/wp\/v2\/users\/1"}],"replies":[{"embeddable":true,"href":"https:\/\/www.slineamt.ro\/apostolul\/wp-json\/wp\/v2\/comments?post=21729"}],"version-history":[{"count":1,"href":"https:\/\/www.slineamt.ro\/apostolul\/wp-json\/wp\/v2\/posts\/21729\/revisions"}],"predecessor-version":[{"id":21730,"href":"https:\/\/www.slineamt.ro\/apostolul\/wp-json\/wp\/v2\/posts\/21729\/revisions\/21730"}],"wp:attachment":[{"href":"https:\/\/www.slineamt.ro\/apostolul\/wp-json\/wp\/v2\/media?parent=21729"}],"wp:term":[{"taxonomy":"category","embeddable":true,"href":"https:\/\/www.slineamt.ro\/apostolul\/wp-json\/wp\/v2\/categories?post=21729"},{"taxonomy":"post_tag","embeddable":true,"href":"https:\/\/www.slineamt.ro\/apostolul\/wp-json\/wp\/v2\/tags?post=21729"}],"curies":[{"name":"wp","href":"https:\/\/api.w.org\/{rel}","templated":true}]}}