{"id":21738,"date":"2021-10-26T11:54:58","date_gmt":"2021-10-26T11:54:58","guid":{"rendered":"http:\/\/www.slineamt.ro\/apostolul\/?p=21738"},"modified":"2021-10-26T11:54:58","modified_gmt":"2021-10-26T11:54:58","slug":"istoria-imperiului-bizantin-pana-la-finele-dinastiei-macedonene","status":"publish","type":"post","link":"https:\/\/www.slineamt.ro\/apostolul\/lectia-de-istorie\/istoria-imperiului-bizantin-pana-la-finele-dinastiei-macedonene\/","title":{"rendered":"Istoria Imperiului Bizantin p\u00e2n\u0103 la finele Dinastiei Macedonene"},"content":{"rendered":"\n<div class=\"wp-block-image\"><figure class=\"alignleft size-full is-resized\"><a href=\"http:\/\/www.slineamt.ro\/apostolul\/wp-content\/uploads\/2021\/10\/20-ap243-foto1.jpg\"><img loading=\"lazy\" decoding=\"async\" src=\"http:\/\/www.slineamt.ro\/apostolul\/wp-content\/uploads\/2021\/10\/20-ap243-foto1.jpg\" alt=\"\" class=\"wp-image-21739\" width=\"301\" height=\"444\" srcset=\"https:\/\/www.slineamt.ro\/apostolul\/wp-content\/uploads\/2021\/10\/20-ap243-foto1.jpg 231w, https:\/\/www.slineamt.ro\/apostolul\/wp-content\/uploads\/2021\/10\/20-ap243-foto1-204x300.jpg 204w, https:\/\/www.slineamt.ro\/apostolul\/wp-content\/uploads\/2021\/10\/20-ap243-foto1-160x235.jpg 160w\" sizes=\"auto, (max-width: 301px) 100vw, 301px\" \/><\/a><\/figure><\/div>\n\n\n\n<p>Dup\u0103 cum v-am obi\u015fnuit deja, din c\u00e2nd \u00een c\u00e2nd prezint c\u00e2te o carte reprezentativ\u0103 ce apare la Editura <em>Presa Universitar\u0103<\/em> Clujean\u0103. \u00cen cele ce urmeaz\u0103 voi provoca istoricii, teologii, studen\u0163ii, cercet\u0103torii \u015fi, nu \u00een ultimul r\u00e2nd, pe to\u0163i iubitorii de cultur\u0103, la o c\u0103l\u0103torie, de aproximativ \u015fapte secole, prin istoria Imperiului Bizantin. Este vorba despre lucrarea <em>Imperiul Bizantin de la fondarea sa \u015fi p\u00e2n\u0103 la sf\u00e2r\u015fitul dinastiei macedonene (330-1056)<\/em>, semnat\u0103 de pr. lect. dr. C\u0103lin Ioan Du\u015fe \u015fi ap\u0103rut\u0103 anul acesta la editura sus-men\u0163ionat\u0103.<\/p>\n\n\n\n<p>Doctor \u00een teologie, specializarea Patrologie \u015fi literatur\u0103 post-patristic\u0103, p\u0103rintele C\u0103lin Ioan Du\u015fe este membru fondator al Centrului de Studii Patristice \u015fi Literatur\u0103 Cre\u015ftin\u0103 Antic\u0103 din cadrul Universit\u0103\u0163ii \u201eBabe\u015f-Bolyai\u201d din Cluj-Napoca \u015fi profeseaz\u0103 la Facultatea de Teologie Greco-Catolic\u0103, Departamentul Oradea.<\/p>\n\n\n\n<p>Structurat\u0103 \u00een 9 capitole, c\u0103rora li se adug\u0103 mai multe anexe, cartea de fa\u0163\u0103 reprezint\u0103 un adev\u0103rat tratat de istorie a Imperiului Bizantin oferindu-ne numeroase detalii care ne \u00eendreapt\u0103 \u015fi spre patrologie. Argumentez aceast\u0103 idee prin aspectul biografic al P\u0103rin\u0163ilor Bisericii, personajelor istorice, al\u0103turi fiind prezentate detaliile \u015fi dedesubturile istoriei pe care o cunoa\u015ftem, la suprafa\u0163\u0103, \u00een mod oficial.<\/p>\n\n\n\n<p>Fiecare capitol al tratatului: <em>Dinastia Constantinian\u0103\/Constantin\u0103 (306-363), Dinastia Teodosian\u0103 (379-457), Dinastia Leonid\u0103 (457-518), Dinastia Iustinian\u0103 (518-602), Dinastia Heraclid\u0103\/ Heraclian\u0103 (610-711), Dinastia Isaurian\u0103\/Sirian\u0103 (717-802), Imperiul Bizantin \u00een timpul Dinastiei Macedonenilor (867-1056), Politica intern\u0103 a imperiului \u015fi civiliza\u0163ia bizantin\u0103 \u00een secolele X-XI, Via\u0163a religioas\u0103 p\u00e2n\u0103 \u00een secolele X-XI,<\/em> este structurat metodologic prin prezentarea specificului fiec\u0103rei etape. Aleg\u00e2nd succesiunea dinastic\u0103 la conducerea imperiului, autorul ilustreaz\u0103 faptul c\u0103 sf\u00e2r\u015fitul oric\u0103rei perioade istorice reprezint\u0103 \u00eenceputul unei noi etape din via\u0163a Bisericii Cre\u015ftine, respectiv a culturii \u015fi civiliza\u0163iei umane.<\/p>\n\n\n\n<p>Imperiul Bizantin a asigurat continuitatea Romei \u00een R\u0103s\u0103rit \u00eentr-un sincretism greco-roman, \u00een timp ce Apusul \u015fi-a reconstruit patrimoniul cre\u015ftinistului latin \u00een sinteza romano \u2013 german\u0103. Patrimoniul greco-roman de factur\u0103 bizantin\u0103 a devenit ulterior, fundalul cultural-spiritual al popoarelor europene de rit R\u0103s\u0103ritean. Pe durata existen\u0163ei sale (11 mai 330-29 mai 1453), Imperiul Bizantin a creat o cultur\u0103 \u015fi o civiliza\u0163ie admirabile, devenind cel mai grandios stat \u00een raport cu Occidentul. Putem afirma, f\u0103r\u0103 a gre\u015fi, c\u0103 a fost educatorul R\u0103s\u0103ritului slav \u015fi asiatic. Beneficiind de protec\u0163ia majorit\u0103\u0163ii \u00eemp\u0103ra\u0163ilor, Cre\u015ftinismul a cunoscut o perioad\u0103 str\u0103lucit\u0103, monahismul av\u00e2nd un rol important \u00een via\u0163a spiritual\u0103 a imperiului.<\/p>\n\n\n\n<p>Lucrarea constituie un excelent instrument de lucru pentru studen\u0163i, masteranzi, doctoranzi, cercet\u0103tori etc., \u00een vederea studiului istoriei Bisericii R\u0103s\u0103ritene, al patrologiei, culturii \u015fi civiliza\u0163iei bizantine din perioada secolelor IV-XI. Totodat\u0103, tabelele sinoptice, glosarele \u015fi bibliografia ofer\u0103 noi direc\u0163ii de studiu \u015fi aprofundare a subiectelor prezentate.<\/p>\n\n\n\n<p><strong><em>Dr. Mihai FLOROAIA<\/em><\/strong><\/p>\n","protected":false},"excerpt":{"rendered":"<p>Dup\u0103 cum v-am obi\u015fnuit deja, din c\u00e2nd \u00een c\u00e2nd prezint c\u00e2te o carte reprezentativ\u0103 ce apare la Editura Presa Universitar\u0103 Clujean\u0103. \u00cen cele ce urmeaz\u0103 voi provoca istoricii, teologii, studen\u0163ii, cercet\u0103torii \u015fi, nu \u00een ultimul r\u00e2nd, pe to\u0163i iubitorii de&hellip;<\/p>\n<p class=\"more-link-p\"><a class=\"more-link\" href=\"https:\/\/www.slineamt.ro\/apostolul\/lectia-de-istorie\/istoria-imperiului-bizantin-pana-la-finele-dinastiei-macedonene\/\">Read more &rarr;<\/a><\/p>\n","protected":false},"author":1,"featured_media":0,"comment_status":"open","ping_status":"closed","sticky":false,"template":"","format":"standard","meta":{"footnotes":""},"categories":[6,446],"tags":[],"class_list":["post-21738","post","type-post","status-publish","format-standard","hentry","category-lectia-de-istorie","category-numarul-243"],"_links":{"self":[{"href":"https:\/\/www.slineamt.ro\/apostolul\/wp-json\/wp\/v2\/posts\/21738","targetHints":{"allow":["GET"]}}],"collection":[{"href":"https:\/\/www.slineamt.ro\/apostolul\/wp-json\/wp\/v2\/posts"}],"about":[{"href":"https:\/\/www.slineamt.ro\/apostolul\/wp-json\/wp\/v2\/types\/post"}],"author":[{"embeddable":true,"href":"https:\/\/www.slineamt.ro\/apostolul\/wp-json\/wp\/v2\/users\/1"}],"replies":[{"embeddable":true,"href":"https:\/\/www.slineamt.ro\/apostolul\/wp-json\/wp\/v2\/comments?post=21738"}],"version-history":[{"count":1,"href":"https:\/\/www.slineamt.ro\/apostolul\/wp-json\/wp\/v2\/posts\/21738\/revisions"}],"predecessor-version":[{"id":21740,"href":"https:\/\/www.slineamt.ro\/apostolul\/wp-json\/wp\/v2\/posts\/21738\/revisions\/21740"}],"wp:attachment":[{"href":"https:\/\/www.slineamt.ro\/apostolul\/wp-json\/wp\/v2\/media?parent=21738"}],"wp:term":[{"taxonomy":"category","embeddable":true,"href":"https:\/\/www.slineamt.ro\/apostolul\/wp-json\/wp\/v2\/categories?post=21738"},{"taxonomy":"post_tag","embeddable":true,"href":"https:\/\/www.slineamt.ro\/apostolul\/wp-json\/wp\/v2\/tags?post=21738"}],"curies":[{"name":"wp","href":"https:\/\/api.w.org\/{rel}","templated":true}]}}