{"id":21741,"date":"2021-10-26T11:57:55","date_gmt":"2021-10-26T11:57:55","guid":{"rendered":"http:\/\/www.slineamt.ro\/apostolul\/?p=21741"},"modified":"2021-10-26T11:57:55","modified_gmt":"2021-10-26T11:57:55","slug":"sunt-inca-tributar-iconografiei-dar-nu-consider-asta-un-dezavantaj","status":"publish","type":"post","link":"https:\/\/www.slineamt.ro\/apostolul\/arte-si-meserii-plastica\/sunt-inca-tributar-iconografiei-dar-nu-consider-asta-un-dezavantaj\/","title":{"rendered":"Sunt \u00eenc\u0103 tributar iconografiei, dar nu consider asta un dezavantaj\u2026"},"content":{"rendered":"\n<div class=\"wp-block-image\"><figure class=\"alignleft size-full is-resized\"><a href=\"http:\/\/www.slineamt.ro\/apostolul\/wp-content\/uploads\/2021\/10\/19-ap243-foto1.jpg\"><img loading=\"lazy\" decoding=\"async\" src=\"http:\/\/www.slineamt.ro\/apostolul\/wp-content\/uploads\/2021\/10\/19-ap243-foto1.jpg\" alt=\"\" class=\"wp-image-21742\" width=\"428\" height=\"240\" srcset=\"https:\/\/www.slineamt.ro\/apostolul\/wp-content\/uploads\/2021\/10\/19-ap243-foto1.jpg 529w, https:\/\/www.slineamt.ro\/apostolul\/wp-content\/uploads\/2021\/10\/19-ap243-foto1-300x168.jpg 300w, https:\/\/www.slineamt.ro\/apostolul\/wp-content\/uploads\/2021\/10\/19-ap243-foto1-260x146.jpg 260w, https:\/\/www.slineamt.ro\/apostolul\/wp-content\/uploads\/2021\/10\/19-ap243-foto1-160x90.jpg 160w\" sizes=\"auto, (max-width: 428px) 100vw, 428px\" \/><\/a><\/figure><\/div>\n\n\n\n<p>\u25cf Interviu cu pictorul Cristian Bistriceanu<\/p>\n\n\n\n<p><strong>Cristian Bistriceanu a ob\u0163inut diploma de licen\u0163\u0103 \u00een anul 2006, la specializarea Teologie Ortodox\u0103, Didactic\u0103-Conservare \u015fi Restaurare, la Facultatea de Teologie Ortodox\u0103 \u201eDumitru St\u0103niloaie\u201d a Universit\u0103\u0163ii \u201eAl. I. Cuza\u201d din Ia\u015fi, iar \u00een anul 2014 a absolvit un master \u00een Management cultural. Din 2013 este membru al U.N.A.P.R, filiala Neam\u0163.<\/strong><\/p>\n\n\n\n<p><strong>&nbsp;\u00cen perioada 2006-2008 a fost profesor de arte plastice la Seminarul Teologic Liceal \u201eVeniamin Costachi\u201d, iar din 2016 este profesor colaborator de pictur\u0103 \u015fi art\u0103 decorativ\u0103 la Centrul pentru Cultur\u0103 \u015fi Arte \u201eCarmen Saeculare\u201d. \u00centre timp a experimentat diferite tehnici artistice, croindu-\u015fi un nume \u00een panoplia arti\u015ftilor plastici nem\u0163eni.<\/strong><\/p>\n\n\n\n<p><em>\u2013 Desigur c\u0103 \u00een copil\u0103ria \u015fi adolescen\u0163a ta au existat factori declan\u015fatori spre cariera artistic\u0103. Despre ce ar fi vorba?<\/em><\/p>\n\n\n\n<p>\u2013 \u00cen spirit de glum\u0103, eu i-a\u015f numi factori laten\u0163i, sau cu declan\u015fare \u00eent\u00e2rziat\u0103. \u00centr-adev\u0103r, desenul \u015fi pictura m-au atras \u00eenc\u0103 din copil\u0103rie, erau genul de activit\u0103\u0163i c\u0103rora le dedicam ore \u00eentregi f\u0103r\u0103 s\u0103 m\u0103 plictisesc, poate c\u0103 erau \u015fi un refugiu, av\u00e2nd \u00een vedere c\u0103 eram un introvertit.<\/p>\n\n\n\n<p>Prin clasa a zecea, filologie la Hoga\u015f, m-am apucat de pictat icoane pe lemn \u00een manier\u0103 bizantin\u0103. U\u015for, u\u015for am evoluat \u015fi chiar am \u00eenceput s\u0103 primesc solicit\u0103ri din partea rudelor \u015fi a prietenilor de familie, care s-au concretizat \u00een comenzi. Poate c\u0103 a fost validarea de care aveam nevoie, mai ales c\u0103 erau primii mei b\u0103nu\u0163i de buzunar c\u00e2\u015ftiga\u0163i prin pictur\u0103. A\u015fa ca m-am orientat spre aprofundarea picturii religioase la nivel universitar.<\/p>\n\n\n\n<p>\u00cen cele din urm\u0103, finalul a fost pu\u0163in diferit, m-am specializat pe restaurare icoan\u0103 \u015fi lemn policrom, din considerentul c\u0103 am putut s\u0103 am acces la cuno\u015ftin\u0163e \u015fi competen\u0163e noi, pictura fiind o activitate pe care o puteam dezvolta \u00een paralel, prin practic\u0103 personal\u0103.<\/p>\n\n\n\n<p>Dup\u0103 facultate consider c\u0103 \u00eenc\u0103 eram \u00eentr-un proces de c\u0103utare, de asta am cochetat cu \u00eenv\u0103\u0163\u0103m\u00e2ntul, cu designul 3D, de\u015fi pictura religioas\u0103 a fost o lucrare constant\u0103 \u00een acest timp. Sim\u0163eam c\u0103 ceva \u00eemi lipse\u015fte, voiam s\u0103 m\u0103 eliberez de \u015fabloanele specifice iconografiei, s\u0103 fiu liber, creativ. Astfel, \u00een prezent m\u0103 aflu \u00een plin proces de definire, de vreo cinci ani m-am dedicat picturii de \u015fevalet care \u00eemi ofer\u0103 posibilit\u0103\u0163i superioare de exprimare plastic\u0103. Nu a fost, de fapt nu este o tranzi\u0163ie facil\u0103 aceast\u0103 schimbare de registru, sunt dou\u0103 lumi diferite \u015fi \u00eenc\u0103 m\u0103 confrunt cu tendin\u0163a de a fi tributar iconografiei pe parte tehnic\u0103, dar nu consider asta un dezavantaj. Acurate\u0163ea tu\u015fei, aten\u0163ia pentru detalii le-am exploatat \u00een abordarea portretelor realiste.<\/p>\n\n\n\n<p><em>\u2013 Dac\u0103 pictura este poezie t\u0103cut\u0103, atunci ce este muzica?<\/em><\/p>\n\n\n\n<div class=\"wp-block-image\"><figure class=\"alignright size-full is-resized\"><a href=\"http:\/\/www.slineamt.ro\/apostolul\/wp-content\/uploads\/2021\/10\/19-ap243-foto2.jpg\"><img loading=\"lazy\" decoding=\"async\" src=\"http:\/\/www.slineamt.ro\/apostolul\/wp-content\/uploads\/2021\/10\/19-ap243-foto2.jpg\" alt=\"\" class=\"wp-image-21743\" width=\"500\" height=\"375\" srcset=\"https:\/\/www.slineamt.ro\/apostolul\/wp-content\/uploads\/2021\/10\/19-ap243-foto2.jpg 529w, https:\/\/www.slineamt.ro\/apostolul\/wp-content\/uploads\/2021\/10\/19-ap243-foto2-300x225.jpg 300w, https:\/\/www.slineamt.ro\/apostolul\/wp-content\/uploads\/2021\/10\/19-ap243-foto2-260x195.jpg 260w, https:\/\/www.slineamt.ro\/apostolul\/wp-content\/uploads\/2021\/10\/19-ap243-foto2-160x120.jpg 160w\" sizes=\"auto, (max-width: 500px) 100vw, 500px\" \/><\/a><\/figure><\/div>\n\n\n\n<p>\u2013 Poate ca muzica s\u0103 fie o pictur\u0103 cu sunete? Sunt dou\u0103 arte diferite, pictura este receptat\u0103 prin intermediul vizualului, este sim\u0163ul pe care fiin\u0163a uman\u0103 \u00eel folose\u015fte preponderent \u00een via\u0163a cotidian\u0103 \u015fi consider c\u0103 este un limbaj universal, accesibil indiferent de cultura din care fac parte receptorul sau emi\u0163\u0103torul. Muzica are posibilit\u0103\u0163i mai largi de exprimare, at\u00e2t instrumental, c\u00e2t \u015fi vocal \u015fi capacitatea ei de a provoca emo\u0163ii \u015fi st\u0103ri este superioar\u0103 picturii, dar conteaz\u0103 mai mult mediul \u015fi cultura din care provine receptorul pentru a rezona cu ea.<\/p>\n\n\n\n<p><em>\u2013 G\u0103se\u015fti c\u0103 tehnica cu\u0163itului, pe care tu o abordezi cu succes, este mai pu\u0163in agreat\u0103 \u00een lumea arti\u015ftilor plastici din zona noastr\u0103. Ar exista vreo explica\u0163ie?<\/em><\/p>\n\n\n\n<p>\u2013 E m\u0103gulitoare asocierea cu succesul, nu cred c\u0103 e neap\u0103rat termenul potrivit. \u00cemi place s\u0103 pictez flori \u00een cu\u0163it, mai ales pe p\u00e2nze de dimensiuni mici, m\u0103 fascineaz\u0103 varietatea cromatic\u0103 \u015fi texturile care apar pe p\u00e2nz\u0103, poate c\u0103 forma final\u0103 e mai pu\u0163in important\u0103, primeaz\u0103 emo\u0163ia \u015fi autenticitatea pe care \u00eencerc sa le transmit.<\/p>\n\n\n\n<p>Fiind o manier\u0103 spontan\u0103, ludic\u0103, liber\u0103 \u015fi gestual\u0103 e cumva opusul tehnicii iconografice \u015fi poate c\u0103 de asta am dezvoltat o apeten\u0163\u0103 pentru tehnica cu\u0163itului.<\/p>\n\n\n\n<p>Nu consider c\u0103 e o tehnic\u0103 mai pu\u0163in agreat\u0103 de arti\u015ftii profesioni\u015fti, doar c\u0103 fiecare artist \u00ee\u015fi alege limbajul plastic care i se pare potrivit pentru el sau pentru ceea ce vrea s\u0103 exprime, chiar este folosit\u0103 mai ales \u00een combina\u0163ie cu tu\u015fe.<\/p>\n\n\n\n<p><em>\u2013 Ce amintiri \u00ee\u0163i evoc\u0103 perioada petrecut\u0103 ca profesor la Seminarul Teologic \u201eVeniamin Costachi\u201d?<\/em><\/p>\n\n\n\n<p>\u2013 \u00centrebarea asta m\u0103 face s\u0103 z\u00e2mbesc&#8230; A fost o etap\u0103 din via\u0163a mea care a durat doar doi ani&#8230; \u00cen schimb, acolo am cunoscut-o pe Alina, so\u0163ia mea, care era profesoar\u0103 de geografie \u015fi \u00eenc\u0103 mai descoperim lumi \u015fi locuri noi pe harta vie\u0163ii \u00eempreun\u0103. Sau trebuia s\u0103 folosesc alt\u0103 topic\u0103? \u00cempreun\u0103, pe harta vie\u0163ii&#8230;<\/p>\n\n\n\n<p><em>\u2013 Ce rol a avut \u00een devenirea ta artistic\u0103 Asocia\u0163ia Cultural\u0103 \u201eEra\u201d?<\/em><\/p>\n\n\n\n<p>\u2013 A fost o experien\u0163\u0103 benefic\u0103 aceast\u0103 colaborare cu Asocia\u0163ia \u201eEra\u201d, am participat la organizarea de expozi\u0163ii de pictur\u0103 \u015fi la implementarea a dou\u0103 proiecte cu finan\u0163are nerambursabil\u0103, precum \u015fi la numeroase alte genuri de activit\u0103\u0163i cu caracter cultural.<\/p>\n\n\n\n<p><em>\u2013 Poveste\u015fte-ne c\u00e2te ceva despre Concursul Na\u0163ional \u201eNicolae Milord\u201d, al c\u0103rui organizator e\u015fti, \u00eempreun\u0103 cu colegul t\u0103u, Radu Cristian Macavei.<\/em><\/p>\n\n\n\n<p>\u2013 Este un concurs de pictur\u0103 dedicat elevilor \u015fcolilor populare de art\u0103 din \u0163ar\u0103, organizat de Centrul pentru Cultur\u0103 \u015fi Arte \u201eCarmen Saeculare\u201d Neam\u0163. Cuprinde dou\u0103 sec\u0163iuni, grafic\u0103 \u015fi pictur\u0103, iar lucr\u0103rile sunt evaluate de un juriu format din arti\u015fti plastici \u015fi un critic de art\u0103.<\/p>\n\n\n\n<p>Implicarea mea a fost mai mult pe partea de panotare a lucr\u0103rilor pe simeze, dar c\u00e2nd s-a putut organiza concursul fizic, meritul principal le-au revenit lui Radu Macavei \u015fi doamnei director Carmen N\u0103stase, care ne sus\u0163ine necondi\u0163ionat.<\/p>\n\n\n\n<p><em>\u2013 G\u00e2ndindu-ne la divinitate, care consideri c\u0103 ar fi primele trei motive pentru care ar trebui s\u0103-i fii recunosc\u0103tor lui Dumnezeu?<\/em><\/p>\n\n\n\n<p>\u2013 De ce trei? Sau primele trei? Divinitatea nu are nevoie de clasamente, liste sau ierarhii, doar oamenii au nevoie de \u201einstrumente\u201d&#8230; Simpla acceptare a vie\u0163ii ca existen\u0163\u0103 finit\u0103 \u00een timpul \u015fi spa\u0163iul definite de sim\u0163urile umane, este un gest de recuno\u015ftin\u0163\u0103.<\/p>\n\n\n\n<p><strong><em>A consemnat Gianina BURUIAN\u0102<\/em><\/strong><\/p>\n","protected":false},"excerpt":{"rendered":"<p>\u25cf Interviu cu pictorul Cristian Bistriceanu Cristian Bistriceanu a ob\u0163inut diploma de licen\u0163\u0103 \u00een anul 2006, la specializarea Teologie Ortodox\u0103, Didactic\u0103-Conservare \u015fi Restaurare, la Facultatea de Teologie Ortodox\u0103 \u201eDumitru St\u0103niloaie\u201d a Universit\u0103\u0163ii \u201eAl. I. Cuza\u201d din Ia\u015fi, iar \u00een anul&hellip;<\/p>\n<p class=\"more-link-p\"><a class=\"more-link\" href=\"https:\/\/www.slineamt.ro\/apostolul\/arte-si-meserii-plastica\/sunt-inca-tributar-iconografiei-dar-nu-consider-asta-un-dezavantaj\/\">Read more &rarr;<\/a><\/p>\n","protected":false},"author":1,"featured_media":0,"comment_status":"open","ping_status":"closed","sticky":false,"template":"","format":"standard","meta":{"footnotes":""},"categories":[196,446],"tags":[],"class_list":["post-21741","post","type-post","status-publish","format-standard","hentry","category-arte-si-meserii-plastica","category-numarul-243"],"_links":{"self":[{"href":"https:\/\/www.slineamt.ro\/apostolul\/wp-json\/wp\/v2\/posts\/21741","targetHints":{"allow":["GET"]}}],"collection":[{"href":"https:\/\/www.slineamt.ro\/apostolul\/wp-json\/wp\/v2\/posts"}],"about":[{"href":"https:\/\/www.slineamt.ro\/apostolul\/wp-json\/wp\/v2\/types\/post"}],"author":[{"embeddable":true,"href":"https:\/\/www.slineamt.ro\/apostolul\/wp-json\/wp\/v2\/users\/1"}],"replies":[{"embeddable":true,"href":"https:\/\/www.slineamt.ro\/apostolul\/wp-json\/wp\/v2\/comments?post=21741"}],"version-history":[{"count":1,"href":"https:\/\/www.slineamt.ro\/apostolul\/wp-json\/wp\/v2\/posts\/21741\/revisions"}],"predecessor-version":[{"id":21744,"href":"https:\/\/www.slineamt.ro\/apostolul\/wp-json\/wp\/v2\/posts\/21741\/revisions\/21744"}],"wp:attachment":[{"href":"https:\/\/www.slineamt.ro\/apostolul\/wp-json\/wp\/v2\/media?parent=21741"}],"wp:term":[{"taxonomy":"category","embeddable":true,"href":"https:\/\/www.slineamt.ro\/apostolul\/wp-json\/wp\/v2\/categories?post=21741"},{"taxonomy":"post_tag","embeddable":true,"href":"https:\/\/www.slineamt.ro\/apostolul\/wp-json\/wp\/v2\/tags?post=21741"}],"curies":[{"name":"wp","href":"https:\/\/api.w.org\/{rel}","templated":true}]}}