{"id":21745,"date":"2021-10-26T12:00:09","date_gmt":"2021-10-26T12:00:09","guid":{"rendered":"http:\/\/www.slineamt.ro\/apostolul\/?p=21745"},"modified":"2021-10-26T12:00:09","modified_gmt":"2021-10-26T12:00:09","slug":"salon-international-singular-art-versus-contemporary-art-marca-laurentiu-dimisca","status":"publish","type":"post","link":"https:\/\/www.slineamt.ro\/apostolul\/arte-si-meserii-muzica\/salon-international-singular-art-versus-contemporary-art-marca-laurentiu-dimisca\/","title":{"rendered":"Salon Interna\u0163ional \u2013 \u201eSingular Art versus Contemporary Art\u201d, marca Lauren\u0163iu Dimi\u015fc\u0103"},"content":{"rendered":"\n<div class=\"wp-block-image\"><figure class=\"alignleft size-full is-resized\"><a href=\"http:\/\/www.slineamt.ro\/apostolul\/wp-content\/uploads\/2021\/10\/18-ap243-foto1.jpg\"><img loading=\"lazy\" decoding=\"async\" src=\"http:\/\/www.slineamt.ro\/apostolul\/wp-content\/uploads\/2021\/10\/18-ap243-foto1.jpg\" alt=\"\" class=\"wp-image-21746\" width=\"322\" height=\"454\" srcset=\"https:\/\/www.slineamt.ro\/apostolul\/wp-content\/uploads\/2021\/10\/18-ap243-foto1.jpg 241w, https:\/\/www.slineamt.ro\/apostolul\/wp-content\/uploads\/2021\/10\/18-ap243-foto1-213x300.jpg 213w, https:\/\/www.slineamt.ro\/apostolul\/wp-content\/uploads\/2021\/10\/18-ap243-foto1-160x226.jpg 160w\" sizes=\"auto, (max-width: 322px) 100vw, 322px\" \/><\/a><\/figure><\/div>\n\n\n\n<p>Mul\u0163i dintre iubitorii artelor plastice \u015ftiu c\u0103 Lauren\u0163iu Dimi\u015fc\u0103, lider al mi\u015fc\u0103rii Artei Singulare din Rom\u00e2nia, a demarat un proiect inedit \u015fi \u00eendr\u0103zne\u0163 \u00een satul Gura V\u0103ii, unde a transformat cl\u0103direa unei foste \u015fcoli \u00eentr-un muzeu de art\u0103 dedicat crea\u0163iilor care se \u00eencadreaz\u0103 \u00een curentul modern pe care \u00eel promoveaz\u0103.<\/p>\n\n\n\n<p>Pe data de 16 octombrie a. c., un public numeros prezent la Gura V\u0103ii a fost martor al unui eveniment \u201esingular\u201d: \u201eAst\u0103zi v\u0103 afla\u0163i la deschiderea unui Salon Interna\u0163ional de Art\u0103 Singular\u0103 versus Art\u0103 Contemporan\u0103, care a ajuns la edi\u0163ia a V-a, \u015fi la care particip\u0103 peste 70 de arti\u015fti, din \u0163ar\u0103 \u015fi din str\u0103in\u0103tate. Ne afl\u0103m \u00eentr-un spa\u0163iu neconven\u0163ional, care dup\u0103 ce va fi terminat va fi \u00eenscris \u00een circuitul Raw Vision, unde sunt localizate cele mai bizare cl\u0103diri sau loca\u0163ii din lume. De la noi din \u0163ar\u0103, mai sunt \u00een acest ghid Muzeul particular Nicolae Popa de la T\u00e2rpe\u015fti-Neam\u0163, Cimitirul de la S\u0103p\u00e2n\u0163a \u015fi Muzeul \u0162\u0103ranului Rom\u00e2n\u201d \u2013 a declarat Lauren\u0163iu Dimi\u015fc\u0103 \u00een deschiderea vernisajului.<\/p>\n\n\n\n<p>Ceea ce a particularizat acest Salon a fost amalgamul de pictori consacra\u0163i \u2013 Lauren\u0163iu Dimi\u015fc\u0103, Parasca Agape, Dumitru Bostan, Petru Diaconu etc. \u2013 l\u00e2ng\u0103 care \u015fi-au g\u0103sit loc \u015fi cei debutan\u0163i: \u015etefan Bucure\u015fteanu, Geanina Gavri\u015f, Irina Irimescu, Gabriela Dobre, Diana Gripc\u0103. Este meritul lui Lauren\u0163iu Dimi\u015fc\u0103 de a \u00eencuraja tinerii arti\u015fti, de a-i aduce pe simeze pe cei care simt c\u0103 se pot exterioriza astfel, pe c\u00e2t de mul\u0163i pe at\u00e2t de diferi\u0163i \u00een modul \u015fi mijloacele de exprimare.<\/p>\n\n\n\n<p>V\u0103dit emo\u0163iona\u0163i \u015fi p\u0103trun\u015fi de importan\u0163a momentului pe care \u00eel tr\u0103iesc, c\u00e2\u0163iva dintre arti\u015ftii debutan\u0163i au f\u0103cut declara\u0163ii pentru mass media:<\/p>\n\n\n\n<p>\u201eSunt unul dintre arti\u015ftii care expune pentru prima dat\u0103 la Salonul Interna\u0163ional organizat de Lauren\u0163iu Dimi\u015fc\u0103 \u015fi m-am apucat de art\u0103 acum trei ani, totul venind spre mine intuitiv. Am descoperit \u00een facultate arta brut\u0103, a celor care nu au studii de specialitate \u015fi se distan\u0163eaz\u0103 de calea academic\u0103. A\u015f dori s\u0103 aduc \u00een aten\u0163ie \u015fi domeniul mai nou al artei digitale prin care am reu\u015fit s\u0103 digitalizez lucr\u0103rile mele \u015fi ale colegilor mei, astfel \u00eenc\u00e2t s\u0103 poat\u0103 fi v\u00e2ndute mai u\u015for\u201d. (\u015etefan Bucure\u015fteanu)<\/p>\n\n\n\n<p>\u201ePrezen\u0163a mea la acest Salon este un vis devenit realitate. Toat\u0103 via\u0163a mea a avut leg\u0103tur\u0103 cu arta \u015fi desenez de c\u00e2nd m\u0103 \u015ftiu, dar m-am lovit de foarte multe condi\u0163ion\u0103ri \u00een acest domeniu. De aceea am ales s\u0103 renun\u0163 la tot ce am \u00eenv\u0103\u0163at \u015fi s\u0103 fac ce \u00eemi spune inima. Astfel, am ajuns s\u0103 reu\u015fesc \u00een sf\u00e2r\u015fit s\u0103 m\u0103 exprim liber \u015fi s\u0103 pot ar\u0103ta ceea ce sunt\u201d. (Geanina Gavri\u015f)<\/p>\n\n\n\n<div class=\"wp-block-image\"><figure class=\"alignright size-full is-resized\"><a href=\"http:\/\/www.slineamt.ro\/apostolul\/wp-content\/uploads\/2021\/10\/18-ap243-foto2.jpg\"><img loading=\"lazy\" decoding=\"async\" src=\"http:\/\/www.slineamt.ro\/apostolul\/wp-content\/uploads\/2021\/10\/18-ap243-foto2.jpg\" alt=\"\" class=\"wp-image-21747\" width=\"479\" height=\"264\" srcset=\"https:\/\/www.slineamt.ro\/apostolul\/wp-content\/uploads\/2021\/10\/18-ap243-foto2.jpg 528w, https:\/\/www.slineamt.ro\/apostolul\/wp-content\/uploads\/2021\/10\/18-ap243-foto2-300x165.jpg 300w, https:\/\/www.slineamt.ro\/apostolul\/wp-content\/uploads\/2021\/10\/18-ap243-foto2-260x143.jpg 260w, https:\/\/www.slineamt.ro\/apostolul\/wp-content\/uploads\/2021\/10\/18-ap243-foto2-160x88.jpg 160w\" sizes=\"auto, (max-width: 479px) 100vw, 479px\" \/><\/a><\/figure><\/div>\n\n\n\n<p>\u201eEste prima mea posibilitate de a-mi face vizibile crea\u0163iile. Eu pictez mandala din 2017, de\u015fi p\u00e2n\u0103 atunci nu am avut de-a face cu arta, cu toate c\u0103 am sim\u0163it-o mereu \u00een mine. Mandala este o tehnic\u0103 tibetan\u0103 foarte veche, care te ajut\u0103 s\u0103 ajungi la sinele t\u0103u, la \u00eencrederea \u00een tine, la echilibrul trupului, min\u0163ii \u015fi a sufletului. Este o tehnic\u0103 f\u0103r\u0103 reguli, \u00een afar\u0103 de cea a centrului, de unde pleac\u0103 emo\u0163iile, imagina\u0163ia, crea\u0163ia. Am ales s\u0103 exprim universul meu interior prin mandala pe pietre, tablouri, pere\u0163i \u015fi sper ca acest tip de art\u0103 s\u0103 fie \u00een\u0163eles.\u201d (Irina Irimescu)<\/p>\n\n\n\n<p>\u201ePrin lucr\u0103rile mele \u00eencerc s\u0103 creez o punte \u00eentre \u015ftiin\u0163\u0103 \u015fi art\u0103. \u00cemp\u0103rt\u0103\u015fesc din ceea ce sunt cu cei preg\u0103ti\u0163i s\u0103 primeasc\u0103 ceea ce pot eu oferi. Cred c\u0103 manifest\u0103rile artistice trebuie s\u0103 deschid\u0103 conexiuni \u015fi drumuri spre spirit.\u201d (Gabriela Dobre)<\/p>\n\n\n\n<p>\u201eArta mea vorbe\u015fte despre c\u0103utarea spiritual\u0103 \u015fi cum putem s\u0103 fim mai mult con\u015ftien\u0163i de ac\u0163iunile noastre de zi cu zi; \u00eembin\u0103 abstractul cu decorativul, av\u00e2nd \u015fi un strop de suprarealism care d\u0103 spre arta vizionar\u0103.\u201d (Diana Gripc\u0103)<\/p>\n\n\n\n<p>Salonul Interna\u0163ional este deschis publicului \u015fi poate fi vizitat p\u00e2n\u0103 pe data de 17 ianuarie 2022, iar lucr\u0103rile pot fi nu doar admirate ci \u015fi cump\u0103rate cu pre\u0163uri variind \u00eentre 100 \u015fi 10.000 de euro.<\/p>\n\n\n\n<p><strong><em>Gianina BURUIAN\u0102<\/em><\/strong><\/p>\n","protected":false},"excerpt":{"rendered":"<p>Mul\u0163i dintre iubitorii artelor plastice \u015ftiu c\u0103 Lauren\u0163iu Dimi\u015fc\u0103, lider al mi\u015fc\u0103rii Artei Singulare din Rom\u00e2nia, a demarat un proiect inedit \u015fi \u00eendr\u0103zne\u0163 \u00een satul Gura V\u0103ii, unde a transformat cl\u0103direa unei foste \u015fcoli \u00eentr-un muzeu de art\u0103 dedicat crea\u0163iilor&hellip;<\/p>\n<p class=\"more-link-p\"><a class=\"more-link\" href=\"https:\/\/www.slineamt.ro\/apostolul\/arte-si-meserii-muzica\/salon-international-singular-art-versus-contemporary-art-marca-laurentiu-dimisca\/\">Read more &rarr;<\/a><\/p>\n","protected":false},"author":1,"featured_media":0,"comment_status":"open","ping_status":"closed","sticky":false,"template":"","format":"standard","meta":{"footnotes":""},"categories":[193,446],"tags":[],"class_list":["post-21745","post","type-post","status-publish","format-standard","hentry","category-arte-si-meserii-muzica","category-numarul-243"],"_links":{"self":[{"href":"https:\/\/www.slineamt.ro\/apostolul\/wp-json\/wp\/v2\/posts\/21745","targetHints":{"allow":["GET"]}}],"collection":[{"href":"https:\/\/www.slineamt.ro\/apostolul\/wp-json\/wp\/v2\/posts"}],"about":[{"href":"https:\/\/www.slineamt.ro\/apostolul\/wp-json\/wp\/v2\/types\/post"}],"author":[{"embeddable":true,"href":"https:\/\/www.slineamt.ro\/apostolul\/wp-json\/wp\/v2\/users\/1"}],"replies":[{"embeddable":true,"href":"https:\/\/www.slineamt.ro\/apostolul\/wp-json\/wp\/v2\/comments?post=21745"}],"version-history":[{"count":1,"href":"https:\/\/www.slineamt.ro\/apostolul\/wp-json\/wp\/v2\/posts\/21745\/revisions"}],"predecessor-version":[{"id":21748,"href":"https:\/\/www.slineamt.ro\/apostolul\/wp-json\/wp\/v2\/posts\/21745\/revisions\/21748"}],"wp:attachment":[{"href":"https:\/\/www.slineamt.ro\/apostolul\/wp-json\/wp\/v2\/media?parent=21745"}],"wp:term":[{"taxonomy":"category","embeddable":true,"href":"https:\/\/www.slineamt.ro\/apostolul\/wp-json\/wp\/v2\/categories?post=21745"},{"taxonomy":"post_tag","embeddable":true,"href":"https:\/\/www.slineamt.ro\/apostolul\/wp-json\/wp\/v2\/tags?post=21745"}],"curies":[{"name":"wp","href":"https:\/\/api.w.org\/{rel}","templated":true}]}}