{"id":21879,"date":"2021-11-26T17:34:57","date_gmt":"2021-11-26T17:34:57","guid":{"rendered":"http:\/\/www.slineamt.ro\/apostolul\/?p=21879"},"modified":"2021-11-26T17:34:57","modified_gmt":"2021-11-26T17:34:57","slug":"toamna-in-acuarela-pe-valea-tarcaului","status":"publish","type":"post","link":"https:\/\/www.slineamt.ro\/apostolul\/arte-si-meserii-plastica\/toamna-in-acuarela-pe-valea-tarcaului\/","title":{"rendered":"Toamn\u0103 \u00een acuarel\u0103 pe Valea Tarc\u0103ului"},"content":{"rendered":"\n<div class=\"wp-block-image\"><figure class=\"alignleft size-full is-resized\"><a href=\"http:\/\/www.slineamt.ro\/apostolul\/wp-content\/uploads\/2021\/11\/14-ap244-foto1.jpg\"><img loading=\"lazy\" decoding=\"async\" src=\"http:\/\/www.slineamt.ro\/apostolul\/wp-content\/uploads\/2021\/11\/14-ap244-foto1.jpg\" alt=\"\" class=\"wp-image-21880\" width=\"419\" height=\"235\" srcset=\"https:\/\/www.slineamt.ro\/apostolul\/wp-content\/uploads\/2021\/11\/14-ap244-foto1.jpg 680w, https:\/\/www.slineamt.ro\/apostolul\/wp-content\/uploads\/2021\/11\/14-ap244-foto1-300x168.jpg 300w, https:\/\/www.slineamt.ro\/apostolul\/wp-content\/uploads\/2021\/11\/14-ap244-foto1-560x314.jpg 560w, https:\/\/www.slineamt.ro\/apostolul\/wp-content\/uploads\/2021\/11\/14-ap244-foto1-260x146.jpg 260w, https:\/\/www.slineamt.ro\/apostolul\/wp-content\/uploads\/2021\/11\/14-ap244-foto1-160x90.jpg 160w\" sizes=\"auto, (max-width: 419px) 100vw, 419px\" \/><\/a><\/figure><\/div>\n\n\n\n<p>Tab\u0103ra de acuarel\u0103 de la Pensiunea \u201ePoiana Soarelui\u201d din Brate\u015f-Tarc\u0103u, aflat\u0103 la a doua edi\u0163ie, tot \u00eentr-un octombrie plin de culoare, a reunit un nucleu format din arti\u015ftii: <strong>Lucia Juncu<\/strong>, <strong>Mirela Hagiu<\/strong>, <strong>Nadia Negru<\/strong> \u015fi <strong>Mircea Titus Romanescu<\/strong>, dintr-un num\u0103r mult mai mare de invita\u0163i de renume.<\/p>\n\n\n\n<p>Condi\u0163iile de vreme excep\u0163ionale pentru aceast\u0103 perioad\u0103, al\u0103turi de condi\u0163iile impuse de vremurile prezente au creat un cadru de crea\u0163ie de excep\u0163ie: patru arti\u015fti \u00eentr-o atmosfer\u0103 de poveste, nederanja\u0163i de zgomot \u015fi turi\u015fti, pensiunea fiind goal\u0103. Ne-am r\u0103sp\u00e2ndit cu to\u0163ii prin ateliere improvizate \u00een camere \u015fi am creat \u015fi un atelier mare comun, pe una din generoasele terase \u00eenchise ale pensiunii, pentru c\u0103 diminea\u0163a erau -4 grade. Soarele a str\u0103lucit toate zilele pentru c\u0103 eram, totu\u015fi, la Poiana Soarelui. Amplasarea camerelor, cu vedere spre r\u0103s\u0103rit \u015fi poian\u0103 a constituit un motiv de preocupare permanent\u0103 pentru noi: s\u0103 prindem r\u0103s\u0103ritul de soare cu efectul de brum\u0103 al dimine\u0163ii, apari\u0163ia \u015fi intensificarea culorilor, apusul cu a sa atmosfer\u0103 de griuri colorate care se sting \u00eencet \u00een contrastele serii \u015fi noaptea cu lun\u0103 \u015fi nori plini de mesaje. Medita\u0163ie, respira\u0163ie proasp\u0103t\u0103, p\u0103durea \u015fi curgerea Tarc\u0103ului, elemente care au creat o stare de excep\u0163ie, ca \u015fi cum timpul s-a oprit. \u00cen aceste condi\u0163ii s-a lucrat cu mare spor, doamnele fiind \u00een fruntea h\u0103rniciei, eu poate pu\u0163in mai meditativ \u015fi r\u0103sf\u0103\u0163at.<\/p>\n\n\n\n<div class=\"wp-block-image\"><figure class=\"alignright size-full is-resized\"><a href=\"http:\/\/www.slineamt.ro\/apostolul\/wp-content\/uploads\/2021\/11\/14-ap244-foto2.jpg\"><img loading=\"lazy\" decoding=\"async\" src=\"http:\/\/www.slineamt.ro\/apostolul\/wp-content\/uploads\/2021\/11\/14-ap244-foto2.jpg\" alt=\"\" class=\"wp-image-21881\" width=\"332\" height=\"238\" srcset=\"https:\/\/www.slineamt.ro\/apostolul\/wp-content\/uploads\/2021\/11\/14-ap244-foto2.jpg 567w, https:\/\/www.slineamt.ro\/apostolul\/wp-content\/uploads\/2021\/11\/14-ap244-foto2-300x215.jpg 300w, https:\/\/www.slineamt.ro\/apostolul\/wp-content\/uploads\/2021\/11\/14-ap244-foto2-560x402.jpg 560w, https:\/\/www.slineamt.ro\/apostolul\/wp-content\/uploads\/2021\/11\/14-ap244-foto2-260x187.jpg 260w, https:\/\/www.slineamt.ro\/apostolul\/wp-content\/uploads\/2021\/11\/14-ap244-foto2-160x115.jpg 160w\" sizes=\"auto, (max-width: 332px) 100vw, 332px\" \/><\/a><\/figure><\/div>\n\n\n\n<p>Au fost \u015fi multe excursii de documentare pe Valea Tarc\u0103ului, la Br\u0103t\u0103\u015fel, la Bicaz \u015fi la Baraj, unde toamna a fost urm\u0103rit\u0103 \u015fi memorat\u0103. Lucia Juncu, cu preferin\u0163a ei declarat\u0103 pentru motivul apei a realizat \u201eR\u00e2ul Tarc\u0103u\u201d. Alte motive dragi Luciei au fost copacii plini de mere mici, ca ni\u015fte \u201estele\u201d cum le spunea artista (vezi \u201ePomul\u201d) sau \u201eCurcanii\u201d din gospod\u0103ria prietenei noastre \u201eNana\u201d Dumitra\u015fcu. Aceste gospod\u0103rii, tipice pentru oamenii gospodari ai Tarc\u0103ului au impresionat-o \u015fi pe Mirela Hagiu care le-a imortalizat prin c\u00e2teva lucr\u0103ri: \u201e\u015eura Nanei\u201d, \u201eCurcani\u201d, \u201eCas\u0103 veche cu ghivece la Tarc\u0103u\u201d \u015fi altele. Subiectul caselor \u015fi gospod\u0103riilor specifice zonei au marcat-o \u015fi pe Nadia Negru, poate \u015fi legat de dubla sa educa\u0163ie de artist plastic \u015fi arhitect, vezi \u201eCase din Br\u0103t\u0103\u015fel \u2013 Tarc\u0103u\u201d \u015fi \u201eC\u0103pi\u0163e\u201d. Subsemnatul, Mircea Titus Romanescu, fiind un mai vechi iubitor al Tarc\u0103ului, am dezvoltat un motiv al meu, bazat pe culoare, un peisaj compus cu mai multe elemente: cer, nori, p\u0103dure, case \u015fi c\u00e2mpuri, legate \u00eentre ele de culorile \u015fi suflul toamnei (vezi \u201eToamn\u0103 la Brate\u015f-Tarc\u0103u\u201d), la care am ad\u0103ugat \u015fi un buche\u0163el de \u201eFlori de c\u00e2mp\u201d.<\/p>\n\n\n\n<div class=\"wp-block-image\"><figure class=\"alignleft size-full is-resized\"><a href=\"http:\/\/www.slineamt.ro\/apostolul\/wp-content\/uploads\/2021\/11\/14-ap244-foto3.jpg\"><img loading=\"lazy\" decoding=\"async\" src=\"http:\/\/www.slineamt.ro\/apostolul\/wp-content\/uploads\/2021\/11\/14-ap244-foto3.jpg\" alt=\"\" class=\"wp-image-21882\" width=\"295\" height=\"455\" srcset=\"https:\/\/www.slineamt.ro\/apostolul\/wp-content\/uploads\/2021\/11\/14-ap244-foto3.jpg 392w, https:\/\/www.slineamt.ro\/apostolul\/wp-content\/uploads\/2021\/11\/14-ap244-foto3-194x300.jpg 194w, https:\/\/www.slineamt.ro\/apostolul\/wp-content\/uploads\/2021\/11\/14-ap244-foto3-260x401.jpg 260w, https:\/\/www.slineamt.ro\/apostolul\/wp-content\/uploads\/2021\/11\/14-ap244-foto3-160x247.jpg 160w\" sizes=\"auto, (max-width: 295px) 100vw, 295px\" \/><\/a><\/figure><\/div>\n\n\n\n<p>Am primit apoi \u015fi lucr\u0103rile noastre de la \u00eenr\u0103mat \u015fi am constituit o mic\u0103 expozi\u0163ie final\u0103 a taberei, f\u0103r\u0103 vernisaj \u015fi f\u0103r\u0103 prezen\u0163a iubitorilor de art\u0103 care ne urm\u0103reau \u00een edi\u0163ia precedent\u0103. Ne-a p\u0103rut r\u0103u tuturor pentru c\u0103 era o expozi\u0163ie foarte bun\u0103, at\u00e2t cantitativ, cu multe lucr\u0103ri, dar \u015fi cu multe lucruri calitativ noi din parte fiec\u0103rui artist. Cei doi parteneri ai evenimentului, Funda\u0163ia Mircea Titus Romanescu \u015fi Pensiunea Poiana Soarelui s-au declarat mul\u0163umi\u0163i de rezultatul taberei \u015fi au decis continuarea sa \u00een anii urm\u0103tori. Avem toate motivele s\u0103 credem c\u0103 <strong>Sinergia dintre art\u0103 \u015fi turism va continua pe Valea Tarc\u0103ului<\/strong>!<\/p>\n\n\n\n<p><strong><em>Mircea Titus ROMANESCU<\/em><\/strong><\/p>\n\n\n\n<p>Piatra-Neam\u0163, 10.11.2021<\/p>\n","protected":false},"excerpt":{"rendered":"<p>Tab\u0103ra de acuarel\u0103 de la Pensiunea \u201ePoiana Soarelui\u201d din Brate\u015f-Tarc\u0103u, aflat\u0103 la a doua edi\u0163ie, tot \u00eentr-un octombrie plin de culoare, a reunit un nucleu format din arti\u015ftii: Lucia Juncu, Mirela Hagiu, Nadia Negru \u015fi Mircea Titus Romanescu, dintr-un num\u0103r&hellip;<\/p>\n<p class=\"more-link-p\"><a class=\"more-link\" href=\"https:\/\/www.slineamt.ro\/apostolul\/arte-si-meserii-plastica\/toamna-in-acuarela-pe-valea-tarcaului\/\">Read more &rarr;<\/a><\/p>\n","protected":false},"author":1,"featured_media":0,"comment_status":"open","ping_status":"closed","sticky":false,"template":"","format":"standard","meta":{"footnotes":""},"categories":[196,447],"tags":[],"class_list":["post-21879","post","type-post","status-publish","format-standard","hentry","category-arte-si-meserii-plastica","category-numarul-244"],"_links":{"self":[{"href":"https:\/\/www.slineamt.ro\/apostolul\/wp-json\/wp\/v2\/posts\/21879","targetHints":{"allow":["GET"]}}],"collection":[{"href":"https:\/\/www.slineamt.ro\/apostolul\/wp-json\/wp\/v2\/posts"}],"about":[{"href":"https:\/\/www.slineamt.ro\/apostolul\/wp-json\/wp\/v2\/types\/post"}],"author":[{"embeddable":true,"href":"https:\/\/www.slineamt.ro\/apostolul\/wp-json\/wp\/v2\/users\/1"}],"replies":[{"embeddable":true,"href":"https:\/\/www.slineamt.ro\/apostolul\/wp-json\/wp\/v2\/comments?post=21879"}],"version-history":[{"count":1,"href":"https:\/\/www.slineamt.ro\/apostolul\/wp-json\/wp\/v2\/posts\/21879\/revisions"}],"predecessor-version":[{"id":21883,"href":"https:\/\/www.slineamt.ro\/apostolul\/wp-json\/wp\/v2\/posts\/21879\/revisions\/21883"}],"wp:attachment":[{"href":"https:\/\/www.slineamt.ro\/apostolul\/wp-json\/wp\/v2\/media?parent=21879"}],"wp:term":[{"taxonomy":"category","embeddable":true,"href":"https:\/\/www.slineamt.ro\/apostolul\/wp-json\/wp\/v2\/categories?post=21879"},{"taxonomy":"post_tag","embeddable":true,"href":"https:\/\/www.slineamt.ro\/apostolul\/wp-json\/wp\/v2\/tags?post=21879"}],"curies":[{"name":"wp","href":"https:\/\/api.w.org\/{rel}","templated":true}]}}