{"id":22351,"date":"2022-03-28T12:06:33","date_gmt":"2022-03-28T12:06:33","guid":{"rendered":"http:\/\/www.slineamt.ro\/apostolul\/?p=22351"},"modified":"2022-03-28T12:06:33","modified_gmt":"2022-03-28T12:06:33","slug":"roman-630-expozitie-de-pictura-grafica-sculptura-fotografie-8-martie-8-mai-2022","status":"publish","type":"post","link":"https:\/\/www.slineamt.ro\/apostolul\/eveniment\/roman-630-expozitie-de-pictura-grafica-sculptura-fotografie-8-martie-8-mai-2022\/","title":{"rendered":"Roman 630 \u2013 expozi\u0163ie de pictur\u0103, grafic\u0103, sculptur\u0103, fotografie (8 martie \u2013 8 mai 2022)"},"content":{"rendered":"\n<div class=\"wp-block-image\"><figure class=\"alignleft size-full\"><a href=\"http:\/\/www.slineamt.ro\/apostolul\/wp-content\/uploads\/2022\/03\/26-ap248-foto1.jpg\"><img loading=\"lazy\" decoding=\"async\" width=\"298\" height=\"397\" src=\"http:\/\/www.slineamt.ro\/apostolul\/wp-content\/uploads\/2022\/03\/26-ap248-foto1.jpg\" alt=\"\" class=\"wp-image-22352\" srcset=\"https:\/\/www.slineamt.ro\/apostolul\/wp-content\/uploads\/2022\/03\/26-ap248-foto1.jpg 298w, https:\/\/www.slineamt.ro\/apostolul\/wp-content\/uploads\/2022\/03\/26-ap248-foto1-225x300.jpg 225w, https:\/\/www.slineamt.ro\/apostolul\/wp-content\/uploads\/2022\/03\/26-ap248-foto1-260x346.jpg 260w, https:\/\/www.slineamt.ro\/apostolul\/wp-content\/uploads\/2022\/03\/26-ap248-foto1-160x213.jpg 160w\" sizes=\"auto, (max-width: 298px) 100vw, 298px\" \/><\/a><\/figure><\/div>\n\n\n\n<p>\u00cen acest an, \u201eSalonul de prim\u0103var\u0103\u201d, edi\u0163ia a X-a, \u015fi \u201eAnuala de pictur\u0103, grafic\u0103, sculptur\u0103 \u015fi fotografie\u201d, edi\u0163ia a XVIII-a, se vor desf\u0103\u015fura sub semnul \u201eRoman 630\u201d (1392- 2022). O expozi\u0163ie unic\u0103, documentar\u0103, de pictur\u0103, grafic\u0103, sculp\u00adtur\u0103 \u015fi fotografie, dedicat\u0103 \u00eemplinirii a 630 de ani de la prima atestare documentar\u0103 a \u201et\u00e2rgului lui Roman\u201d.<\/p>\n\n\n\n<p>V\u0103 propunem o c\u0103l\u0103torie pictural\u0103 \u00een timp \u015fi spa\u0163iu, \u00een Romanul de alt\u0103dat\u0103, v\u0103zut prin ochi de arti\u015fti \u015fi redat p\u00e2nzei prin peneluri subtile \u015fi sensibile, o trecere cromatic\u0103 prin vremi \u015fi vremuri, care au marcat evolu\u0163ia urbei noastre mu\u015fatine. Ne-am oprit \u015fi asupra colec\u0163iei muzeului, bogat\u0103 \u00een lucr\u0103ri reprezentative pentru anumite perioade ale unui ora\u015f \u00een schimbare, prezent\u00e2nd pe simeze o parte dintre acestea semnate de arti\u015fti de marc\u0103. Sub pav\u0103za lui \u201eRoman I \u00centemeietorul (Atestarea)\u201d, a lui \u201eRoman I Cneazul (legenda)\u201d, \u00een reprezent\u0103rile lui Florin Mircea Zaharescu, \u201eRoman I \u00centemeietorul\u201d, semnat de Mircea R\u0103svan Ciac\u00e2ru, ni se dezv\u0103luie o expozi\u0163ie care ne invit\u0103 la un popas meditativ, la un remember mu\u015fatin, \u00een care picturalul des\u0103v\u00e2r\u015fe\u015fte trecutul \u015fi prezentul, \u00een forme \u015fi simboluri originale.<\/p>\n\n\n\n<p>Dac\u0103 ne oprim la \u201eRoman I \u00centemeietorul (Atestarea)\u201d, cu o figur\u0103 ferm\u0103, hot\u0103r\u00e2t\u0103, cu mantie ro\u015fie, semn al autorit\u0103\u0163ii depline, prins\u0103 cu un simbol princiar pe um\u0103r, coroana deschis\u0103, purt\u00e2nd, peste timp, documentul cu sigiliul, \u00een cetatea noastr\u0103 mu\u015fatin\u0103. \u00cen \u201eRoman I Cneazul\u201d \u00eel reg\u0103sim pe r\u0103zboinicul, ap\u0103r\u0103torul hotarelor, purt\u0103torul de sabie \u015fi scut, \u00een fruntea ap\u0103r\u0103torilor de neam \u015fi \u0163ar\u0103. Dou\u0103 lucr\u0103ri de dimensiuni mari \u00een care reg\u0103sim for\u0163a creativ\u0103 de mare pre\u0163iozitate a lui Florin Mircea Zaharescu. \u00cen schimb la Mircea R\u0103zvan Ciac\u00e2ru descoperim un \u201eRoman I \u00centemeietorul\u201d cald, blajin, \u00een\u0163elept, \u00een varianta clasic\u0103 a voievozilor, \u00eencadrat de \u00eensemnele voievodale.<\/p>\n\n\n\n<p>Un \u015firag de pre\u0163ioase arhitecturi, se impun de printre anotimpuri, de peste timpuri, \u00een atmosfere idilice, romantice aproape poetice \u00een cromatica vibrant\u0103 a lui Mihai Olteanu: Casa Hoga\u015f, Casa mare\u015fal Prezan, Casa Iliescu, prim\u0103var\u0103 pe Anton Pann, prim\u0103vara \u015fi toamna pe Dobrogeanu Gherea, iarn\u0103 \u00een Cartierul Lipovenesc, Episcopia, intrarea \u00een cimitir. Toate aureolate parc\u0103 de tr\u0103iri aparte, de sim\u0163iri care vorbesc despre trecerea timpului, redate sensibil \u015fi pitoresc \u00eentr-o cromatic\u0103 care le \u00eenv\u0103luie \u00eentr-o anumit\u0103 magie cuceritoare. Parcul, \u00eembietor \u015fi pictural \u00eel reg\u0103sim \u00een oglindiri de m\u0103iestre toamne. Sabin Francisc Pal ne poart\u0103 pa\u015fii prin locuri v\u0103zute \u015fi nev\u0103zute, printr-un penel subtil care se revolt\u0103 \u00eempotriva timpului, ca o chemare la un \u201estop timp\u201d, chem\u00e2ndu-ne s\u0103 ne oprim la un b\u00e2lci de alt\u0103dat\u0103, pe la Sinagog\u0103 \u015fi s\u0103 respir\u0103m un strop din farmecul de alt\u0103dat\u0103 al str\u0103zilor roma\u015fcane. \u015ei peste toate, str\u0103lucitoare \u015fi \u00een\u0103l\u0163\u0103toare, supravie\u0163uitoare, cuprinz\u0103toare \u015fi purificatoare, Episcopia \u015fi Biserica Sf. Tereza, \u00een penelul Doinei Diaconu. Un zid ruin\u0103 de la Precista Mare, m\u0103re\u0163 \u015fi \u00een\u0103l\u0163\u0103tor, purt\u00e2ndu-\u015fi \u201er\u0103nile\u201d, ca pe ni\u015fte \u201eodoare de pre\u0163\u201d, m\u0103rturii ale trecerii timpului, seme\u0163 prin istoria lui, un supravie\u0163uitor \u00een a\u015fteptarea unui \u201eprim-ajutor\u201d, ne z\u00e2mbe\u015fte parc\u0103 \u015fi ne \u00eenc\u00e2nt\u0103 tot la Doina Diaconu, care se opre\u015fte \u015fi asupra unei lumini tomnatice a lacului parcului roma\u015fcan. Desprins\u0103 dintr-o fil\u0103 de poveste, o alt\u0103 \u201eruin\u0103 supravie\u0163uitoare\u201d ne cheam\u0103 de peste timp, \u00eenv\u0103luindu-ne cu atmosfera unui proasp\u0103t bal ce parc\u0103 tocmai a g\u0103zduit, se \u00eenal\u0163\u0103 provocator prin coloanele perechi, cu porticul ca un scut, dominatoare \u015fi \u00eendr\u0103znea\u0163\u0103, Casa spi\u0163erului Iohan Simeon Bruckner,(\u00een care s-a n\u0103scut \u015fi a copil\u0103rit mama dr. Constantin B\u0103l\u0103ceanu Stolnici) \u00een penelul lui Ovidiu C\u0103rpu\u015for. O abordare original\u0103, simbolic\u0103, un omagiu adus marelui dirijor Sergiu Celibidache (de la na\u015fterea c\u0103ruia anul acesta se vor \u00eemplini, \u00een iunie, 110 ani) ne ofer\u0103 vizualului Mihaela Vieru, prin lucrarea \u201eCelibidache \u2013 cheia succesului spre o alt\u0103 dimensiune a timpului\u201d, o abordare \u00eendr\u0103znea\u0163\u0103, cu o elegan\u0163\u0103 specific\u0103 de-acum artistei care ne surprinde pl\u0103cut, pentru a ne invita s\u0103 ne oprim \u015fi asupra unei sculpturi, la fel simbolic\u0103, \u00een care reg\u0103sim lemnul, sticla, piatr\u0103, aurul \u2013 elementele simbolice ce duc peste timp idealurile \u015fi crea\u0163iile marilor oameni de cultur\u0103 roma\u015fcani. Irina Laz\u0103r s-a oprit asupra portretului \u00een grafic\u0103 a Episcopului Melchisedec, o grafie delicat\u0103, surprinz\u00e2nd privirea cald\u0103, calm\u0103 a episcopului plin de har. Florin Mare\u015f ne propune un interior din Episcopia Roman ca \u015fi o imagine din cartier sau o iarn\u0103 \u00een curte.<\/p>\n\n\n\n<p>Lucr\u0103ri reprezentative pentru anumite perioade ale unui ora\u015f \u00een schimbare, \u00een treceri de la vechi la nou, surprinse printr-un realism specific timpului, cu o subtil\u0103 surprindere a tr\u0103irilor puternic marcate de agita\u0163ia vremurilor. Descoperim locuri \u015fi oameni, arhitecturi \u015fi pove\u015fti de via\u0163\u0103, \u00eenceputuri \u015fi continu\u0103ri \u00een acela\u015fi spa\u0163iu dar \u00een alte timpuri. O serie provocatoare ne propune Gheorghe Iliescu \u00een lucr\u0103rile de acuarel\u0103 sau pictur\u0103 sugestiv intitulate \u201eVechi \u015fi nou \u00een Roman\u201d, pentru a ne purta, \u00een zonele industrializate ale ora\u015fului, amintind de I\u0162R sau de Prefabricate, de UMARO sau Silozurile din Roman, oprindu-se delicat asupra parcului sau a b\u00e2lciului, spre a face treceri sensibile de mare expresivitate la portrete de copii, \u015fcol\u0103rei sau adolescen\u0163i. Grigore Andriescu ne \u00eenv\u0103luie cu delicate acuarele oprindu-se tot asupra picturalului parc dar \u015fi al unui \u201eSudor la malaxor\u201d. Constantin B\u00e2rjoveanu, \u00een grafic\u0103 \u015fi pictur\u0103, surprinde detalii, ne surprinde autenticitatea dat\u0103 de desenul clar \u015fi expresiv, descoperim un penel sensibil care, folosind combina\u0163ia de tonuri reci \u015fi calde, percepe \u00een mod liric realitatea, transform\u00e2ndu-se \u00eentr-un fin observator ce se transpune \u00een urbanitate, identific\u00e2ndu-se cu roma\u015fcanul cotidian, prezent\u00e2ndu-ne locuri, p\u0103r\u0163i de cl\u0103diri specifice epocii, fiind surprinse diferite stiluri arhitectonice, multe disp\u0103rute: farmacia Bogza, fosta cl\u0103dire Sanepid, fosta sec\u0163ie financiar\u0103. Adrian Seco\u015fanu ne invit\u0103 \u00een \u201eLaminorul din Roman\u201d. Victor Stanciu, delicat \u015fi sensibil, ne prezint\u0103 armonioase peisaje, str\u0103zi din Roman. Vasile Statopol, Adela Moga, Rozalia Pantelimon ne propun locuri \u015fi oameni din alte timpuri. Viorica Gu\u015ful se opre\u015fte asupra Liceului Roman Vod\u0103, \u015fi a str\u0103zii centrale, surprinz\u00e2nd agita\u0163ia stradal\u0103 dar \u015fi arhitectura specific\u0103. Stejarul Unirii, impun\u0103tor, tocmai de la 1977, pe c\u00e2nd blocurile \u00eenc\u0103 nu-l sufocau, se revars\u0103 \u00een acuarela Julietei Coz\u0103rescu. Iulia H\u0103lucescu ne ofer\u0103 o spectaculoas\u0103 intrare \u00een Episcopie toamna, pentru a ne opri \u015fi asupra acuarelelor lui Eama\u015f Iurii, reprezent\u00e2nd Biblioteca Municipal\u0103 \u015fi Episcopia.<\/p>\n\n\n\n<p>\u00cen galeria de portrete ne-am oprit asupra: profesorului Teof\u0103nescu, realizat de Costache Nenea, profesor N. Ste\u0163cu, creionat de Aurel Vlad, Adina Lozinschi, Claudiu \u015fi Doini\u0163a, Vica cu fundi\u0163\u0103 \u2013 \u00een penelul lui Gheorghe Iliescu, Alina \u2013 Mihai Olteanu, Costache Horia \u2013 \u00een grafia lui Adrian Seco\u015fanu, portret Dorina \u2013 \u00een grafica Miei Mo\u0163atu Steurer \u015fi \u00een picturalul Doinei Colescu. Dar \u015fi autoportretele: Victor Stanciu, Constantin B\u00e2rjoveanu, Mihai Olteanu, Adrian Seco\u015fanu, Rodica Bondi, Maria Ciurdea Steurer. O surpriz\u0103 deosebit\u0103 o avem prin fotografiile cu prima genera\u0163ie de arti\u015fti ai \u015ecolii Populare de Art\u0103 din Roman sub \u00eendrumarea artistului profesor Gheorghe Toni\u0163a, din colec\u0163ia personal\u0103 a Dorinei Statopol.<\/p>\n\n\n\n<p>O scurt\u0103 prezentare a unei expozi\u0163ii \u2013 document, \u00eenchinat\u0103 celor 630 de ani de atestare documentar\u0103 a ora\u015fului Roman. V\u0103 invit\u0103m s\u0103 o descoperi\u0163i, v\u0103 provoc\u0103m chiar la o expozi\u0163ie interactiv\u0103, s\u0103 descoperim oameni \u015fi locuri, s\u0103 dep\u0103n\u0103m aminitiri \u015fi s\u0103 aducem pentru o clip\u0103 magia vremurilor de alt\u0103dat\u0103.<\/p>\n\n\n\n<p>Mul\u0163umiri \u015fi felicit\u0103ri arti\u015ftilor care au r\u0103spuns invita\u0163iei noastre.<\/p>\n\n\n\n<p><strong><em>Mihaela CIOBANU, Curator Muzeul de Art\u0103 Roman<\/em><\/strong><\/p>\n","protected":false},"excerpt":{"rendered":"<p>\u00cen acest an, \u201eSalonul de prim\u0103var\u0103\u201d, edi\u0163ia a X-a, \u015fi \u201eAnuala de pictur\u0103, grafic\u0103, sculptur\u0103 \u015fi fotografie\u201d, edi\u0163ia a XVIII-a, se vor desf\u0103\u015fura sub semnul \u201eRoman 630\u201d (1392- 2022). O expozi\u0163ie unic\u0103, documentar\u0103, de pictur\u0103, grafic\u0103, sculp\u00adtur\u0103 \u015fi fotografie, dedicat\u0103&hellip;<\/p>\n<p class=\"more-link-p\"><a class=\"more-link\" href=\"https:\/\/www.slineamt.ro\/apostolul\/eveniment\/roman-630-expozitie-de-pictura-grafica-sculptura-fotografie-8-martie-8-mai-2022\/\">Read more &rarr;<\/a><\/p>\n","protected":false},"author":1,"featured_media":0,"comment_status":"open","ping_status":"closed","sticky":false,"template":"","format":"standard","meta":{"footnotes":""},"categories":[18,451],"tags":[],"class_list":["post-22351","post","type-post","status-publish","format-standard","hentry","category-eveniment","category-numarul-248"],"_links":{"self":[{"href":"https:\/\/www.slineamt.ro\/apostolul\/wp-json\/wp\/v2\/posts\/22351","targetHints":{"allow":["GET"]}}],"collection":[{"href":"https:\/\/www.slineamt.ro\/apostolul\/wp-json\/wp\/v2\/posts"}],"about":[{"href":"https:\/\/www.slineamt.ro\/apostolul\/wp-json\/wp\/v2\/types\/post"}],"author":[{"embeddable":true,"href":"https:\/\/www.slineamt.ro\/apostolul\/wp-json\/wp\/v2\/users\/1"}],"replies":[{"embeddable":true,"href":"https:\/\/www.slineamt.ro\/apostolul\/wp-json\/wp\/v2\/comments?post=22351"}],"version-history":[{"count":1,"href":"https:\/\/www.slineamt.ro\/apostolul\/wp-json\/wp\/v2\/posts\/22351\/revisions"}],"predecessor-version":[{"id":22353,"href":"https:\/\/www.slineamt.ro\/apostolul\/wp-json\/wp\/v2\/posts\/22351\/revisions\/22353"}],"wp:attachment":[{"href":"https:\/\/www.slineamt.ro\/apostolul\/wp-json\/wp\/v2\/media?parent=22351"}],"wp:term":[{"taxonomy":"category","embeddable":true,"href":"https:\/\/www.slineamt.ro\/apostolul\/wp-json\/wp\/v2\/categories?post=22351"},{"taxonomy":"post_tag","embeddable":true,"href":"https:\/\/www.slineamt.ro\/apostolul\/wp-json\/wp\/v2\/tags?post=22351"}],"curies":[{"name":"wp","href":"https:\/\/api.w.org\/{rel}","templated":true}]}}