{"id":26222,"date":"2024-10-22T07:30:48","date_gmt":"2024-10-22T07:30:48","guid":{"rendered":"https:\/\/www.slineamt.ro\/apostolul\/?p=26222"},"modified":"2024-10-22T07:30:48","modified_gmt":"2024-10-22T07:30:48","slug":"despre-asaltul-prostiei-inculturii-si-mojiciei","status":"publish","type":"post","link":"https:\/\/www.slineamt.ro\/apostolul\/dubito\/despre-asaltul-prostiei-inculturii-si-mojiciei\/","title":{"rendered":"Despre asaltul prostiei, inculturii \u015fi mojiciei"},"content":{"rendered":"\n<p><\/p>\n\n\n\n<p><em>Primim la redac\u0163ie: Domnule redactor-\u015fef Mircia Zaharia, v\u0103 trimit aici un material despre un caz care poate face obiectul unui articol \u00een revista dumneavoastr\u0103.<\/em><\/p>\n\n\n\n<p><strong>Scrisoare deschis\u0103<\/strong><\/p>\n\n\n\n<p>Am fost profesor de Educa\u0163ie Tehnologic\u0103 timp de 30 de ani, \u00een mai multe \u015fcoli, dintre care 12 ani la \u015ecoala Gimnazial\u0103 din Adjudeni (acum sub denumirea de \u015ecoala Profesional\u0103 Adjudeni), \u00een perioada 1994-2006.<\/p>\n\n\n\n<p>&nbsp;\u00cen anul 1997, Maria Filimon, directoarea de atunci a \u015fcolii, \u015ftiind c\u0103 sunt preocupat \u015fi de arta plastic\u0103 \u015fi c\u0103 am talent la pictur\u0103, m-a rugat s\u0103 realizez o pictur\u0103 mural\u0103, pe un perete de pe casa sc\u0103rii cu dimensiunea de H = 4,5 m si L= 2,85 m (12,8 m.p) cu o tem\u0103 la alegere, dar care s\u0103 fie adecvat\u0103 institu\u0163iei de \u00eenv\u0103\u0163\u0103m\u00e2nt.<\/p>\n\n\n\n<p>Mi-a spus din start c\u0103 nu are fonduri s\u0103 m\u0103 pl\u0103teasc\u0103, dar c\u0103 va vorbi cu primarul s\u0103-mi deconteze culorile. \u00cen final am primit echivalentul a 300 lei actuali, sum\u0103 care nu-mi acoperea nici pe departe cheltuielile pe culori, pensoane, p\u00e2nz\u0103, diluan\u0163i \u015fi deplasare (am lucrat toat\u0103 vacan\u0163a de var\u0103, f\u0103c\u00e2nd naveta Roman-Adjudeni pe cheltuiala proprie).<\/p>\n\n\n\n<p>Nu m-am cramponat de bani, fiindc\u0103 nu totul st\u0103 \u00een bani pe lumea asta. Chiar am fost bucuros c\u0103 mi s-a oferit prilejul de a face ceva trainic, care s\u0103 r\u0103m\u00e2n\u0103 \u00een urma mea. M\u0103 \u00eenc\u00e2nta ideea de a las\u0103 ceva \u00een urm\u0103, care s\u0103 aminteasc\u0103 de mine \u015fi m-am pornit pe treab\u0103. Am f\u0103cut mai \u00eent\u00e2i proiectul lucr\u0103rii murale, l-am ar\u0103tat directoarei \u015fi primarului, le-a pl\u0103cut \u015fi mi-au dat acceptul de a \u00eencepe lucrarea. Am f\u0103cut mai \u00eent\u00e2i lucr\u0103ri de repara\u0163ii ale tencuielii, am \u015flefuit apoi peretele cu \u015fmirghel \u015fi am lipit p\u00e2nz\u0103 pe toata suprafa\u0163a de lucru (12,8 m.p). Am mai aplicat un strat de grund (amestec din clei de oase \u015fi oxid de zinc) \u015fi m-am apucat de lucru \u00een culori. Am lucrat la pictura aceasta toata vacan\u0163a de var\u0103 din 1997 \u015fi la sf\u00e2r\u015fitul lunii septembrie pictura a fost inaugurat\u0103 \u00een prezen\u0163a unor reprezentan\u0163i ai Consiliului Local, a personalului didactic \u015fi nedidactic din \u015fcoal\u0103 \u015fi a elevilor, fiind foarte apreciat\u0103 de to\u0163i cei prezen\u0163i, dar \u015fi de to\u0163i cei care au v\u0103zut-o ulterior.<\/p>\n\n\n\n<p>\u00cen anul 1999 directoarea Maria Filimon a plecat definitiv din \u0163ar\u0103, apoi o alt\u0103 directoare s-a pensionat, ajung\u00e2nd la conducerea scolii Corina Barc\u0103n, profesoar\u0103 de discipline tehnice ca \u015fi mine. Eu nu mai eram \u00een Adjudeni, c\u00e2nd dna Barc\u0103n a preluat conducerea scolii \u015fi a dispus mutarea unor dulapuri care s\u0103 acopere o parte din pictura mea, cu detalii semnificative, inclusiv semn\u0103tura (\u00een partea de jos a picturii era scris numele meu \u015fi al directoarei care a avut ini\u0163iativa acestei lucr\u0103ri).<\/p>\n\n\n\n<p>\u00cen 2021, fiind student la Master la Facultatea de Arte Vizuale si Design \u2013 UNAGE Ia\u015fi, am vizitat \u015ecoala Adjudeni cu inten\u0163ia de a poza lucrarea fiindc\u0103 voiam s\u0103 reiau aceast\u0103 tem\u0103 pentru master. Am pozat c\u00e2t am putut, \u015fi d\u00e2ndu-mi seama c\u0103 doar r\u0103utatea \u015fi invidia (colegial\u0103?) au \u00eempins-o pe directoare la acest gest, nu am cerut nici o explica\u0163ie. Peste c\u00e2teva zile c\u00e2nd m-am \u00eentors cu inten\u0163ia s\u0103 pozez \u00eentreaga lucrare, pentru editarea unui album de picturi, am constatat cu stupoare, cu consternare chiar, c\u0103 pictura a disp\u0103rut cu des\u0103v\u00e2r\u015fire \u015fi c\u0103 \u00een peretele respectiv a fost instalat un geam de aprox. 1,4 m.p.<\/p>\n\n\n\n<p>Directoarea scolii motiveaz\u0103 c\u0103 nu a f\u0103cut dec\u00e2t s\u0103 execute un ordin dat de ISU, de a cons\u00adtrui o gur\u0103 de aerisire, pentru evacuarea fumului \u00een caz de incendiu.<\/p>\n\n\n\n<p>Pentru a m\u0103 convinge cum stau lucrurile, am fost \u00een audien\u0163\u0103 la Inspectorul Sef al (Inspectoratului jude\u0163eana pentru Situa\u0163ii de Urgen\u0163\u0103 \u201ePetrodava\u201d \u2013 jude\u0163ul Neam\u0163, generalul de brigad\u0103 Mihai Ciprian Mitrea, care declar\u0103 c\u0103 dumnealui nu a f\u0103cut dec\u00e2t s\u0103 avizeze un proiect de renovare a \u015fcolii Adjudeni, prezentat de prim\u0103ria T\u0103m\u0103\u015feni, dar neag\u0103 faptul c\u0103 ar fi impus directoarei \u015fcolii ca aceast\u0103 gur\u0103 de aerisire s\u0103 fie amplasat\u0103 pe acel perete, cu pre\u0163ul distrugerii unei opere de art\u0103.<\/p>\n\n\n\n<p>Dup\u0103 toate cele discutate, consider c\u0103 directoarea scolii putea s\u0103 g\u0103seasc\u0103 o alt\u0103 solu\u0163ie pentru a salva pictura, dar nu a vrut s\u0103 fac\u0103 acest lucru, tocmai pentru a distruge ceea ce eu am l\u0103sat \u00een urm\u0103. Este revolt\u0103tor \u015fi strig\u0103tor la cer, ce a putut s\u0103 fac\u0103 aceast\u0103 femeie din r\u0103utate. Ar fi putut s\u0103 m\u0103 anun\u0163e m\u0103car, fiindc\u0103 a\u015f fi putut s\u0103 salvez aceast\u0103 lucrare, dezlipind cu mare aten\u0163ie \u015fi cu migal\u0103, p\u00e2nza de pe zid, pe care o rulam \u015fi o \u201etransferam\u201d pe un perete dintr-o alt\u0103 scoal\u0103, \u00een care am predat \u015fi \u00een care ar fi fost primit\u0103 cu mare bucurie. (<strong>Pintilie Gheorghe gheorghe_pintilie57@yahoo.com.<\/strong>)<\/p>\n\n\n\n<p><strong><em>N. R.<\/em><\/strong><em> \u2013 Dle prof. Gheorghe Pintilie, am primit scrisoarea Dvs. la sf\u00e2r\u015fitul lui septembrie \u015fi am fost \u00eendurerat pentru c\u0103, de\u015fi \u00een sec XXI, noi, rom\u00e2nii, nu ne putem debarasa de balcanismul pe care istoria ni l-a picurat \u00een s\u00e2nge.<\/em><\/p>\n\n\n\n<p><em>Din p\u0103cate, ceea ce vi s-a \u00eent\u00e2mplat Dvs. se \u00eent\u00e2mpl\u0103 peste tot: asaltul prostiei, inculturii \u015fi mojiciei a devenit un fapt cotidian. E normal ca o personalitate ca a dvs. \u2013 membru al Uniunii Arti\u015ftilor Plastici din Rom\u00e2nia, distins cu mai multe premii interna\u0163ionale \u2013 s\u0103 st\u00e2rneasc\u0103 invidii colegiale, care dep\u0103\u015fesc chiar grani\u0163ele unei cancelarii&#8230;<\/em><\/p>\n\n\n\n<p><em>Dar revista \u201eApostolul\u201d, nu poate face nici dreptate, nici anchete \u2013 nefiind un ziar de investiga\u0163ie. \u015ei apoi, chiar dac\u0103 i-am cere punctul de vedere dnei Corina Barc\u0103n, ar da doar un r\u0103spuns oficial.<\/em><\/p>\n\n\n\n<p><em>Cu deosebit\u0103 considera\u0163ie,<\/em><\/p>\n\n\n\n<p><strong><em>Prof. Mircea ZAHARIA<\/em><\/strong><\/p>\n","protected":false},"excerpt":{"rendered":"<p>Primim la redac\u0163ie: Domnule redactor-\u015fef Mircia Zaharia, v\u0103 trimit aici un material despre un caz care poate face obiectul unui articol \u00een revista dumneavoastr\u0103. Scrisoare deschis\u0103 Am fost profesor de Educa\u0163ie Tehnologic\u0103 timp de 30 de ani, \u00een mai multe&hellip;<\/p>\n<p class=\"more-link-p\"><a class=\"more-link\" href=\"https:\/\/www.slineamt.ro\/apostolul\/dubito\/despre-asaltul-prostiei-inculturii-si-mojiciei\/\">Read more &rarr;<\/a><\/p>\n","protected":false},"author":1,"featured_media":0,"comment_status":"open","ping_status":"closed","sticky":false,"template":"","format":"standard","meta":{"footnotes":""},"categories":[128,486],"tags":[],"class_list":["post-26222","post","type-post","status-publish","format-standard","hentry","category-dubito","category-276-octombrie-2024"],"_links":{"self":[{"href":"https:\/\/www.slineamt.ro\/apostolul\/wp-json\/wp\/v2\/posts\/26222","targetHints":{"allow":["GET"]}}],"collection":[{"href":"https:\/\/www.slineamt.ro\/apostolul\/wp-json\/wp\/v2\/posts"}],"about":[{"href":"https:\/\/www.slineamt.ro\/apostolul\/wp-json\/wp\/v2\/types\/post"}],"author":[{"embeddable":true,"href":"https:\/\/www.slineamt.ro\/apostolul\/wp-json\/wp\/v2\/users\/1"}],"replies":[{"embeddable":true,"href":"https:\/\/www.slineamt.ro\/apostolul\/wp-json\/wp\/v2\/comments?post=26222"}],"version-history":[{"count":1,"href":"https:\/\/www.slineamt.ro\/apostolul\/wp-json\/wp\/v2\/posts\/26222\/revisions"}],"predecessor-version":[{"id":26223,"href":"https:\/\/www.slineamt.ro\/apostolul\/wp-json\/wp\/v2\/posts\/26222\/revisions\/26223"}],"wp:attachment":[{"href":"https:\/\/www.slineamt.ro\/apostolul\/wp-json\/wp\/v2\/media?parent=26222"}],"wp:term":[{"taxonomy":"category","embeddable":true,"href":"https:\/\/www.slineamt.ro\/apostolul\/wp-json\/wp\/v2\/categories?post=26222"},{"taxonomy":"post_tag","embeddable":true,"href":"https:\/\/www.slineamt.ro\/apostolul\/wp-json\/wp\/v2\/tags?post=26222"}],"curies":[{"name":"wp","href":"https:\/\/api.w.org\/{rel}","templated":true}]}}