{"id":27991,"date":"2025-11-22T05:31:37","date_gmt":"2025-11-22T05:31:37","guid":{"rendered":"https:\/\/www.slineamt.ro\/apostolul\/?p=27991"},"modified":"2025-11-22T05:31:37","modified_gmt":"2025-11-22T05:31:37","slug":"catedrala-mantuirii-neamului-un-vis-al-romanilor-devenit-realitate","status":"publish","type":"post","link":"https:\/\/www.slineamt.ro\/apostolul\/eveniment\/catedrala-mantuirii-neamului-un-vis-al-romanilor-devenit-realitate\/","title":{"rendered":"Catedrala M\u00e2ntuirii Neamului, un vis al rom\u00e2nilor devenit realitate"},"content":{"rendered":"<div class=\"wp-block-image\">\n<figure class=\"alignleft size-full is-resized\"><a href=\"https:\/\/www.slineamt.ro\/apostolul\/wp-content\/uploads\/2025\/11\/02-ap288-foto1.jpg\"><img loading=\"lazy\" decoding=\"async\" width=\"305\" height=\"378\" src=\"https:\/\/www.slineamt.ro\/apostolul\/wp-content\/uploads\/2025\/11\/02-ap288-foto1.jpg\" alt=\"\" class=\"wp-image-27992\" style=\"width:346px;height:auto\" srcset=\"https:\/\/www.slineamt.ro\/apostolul\/wp-content\/uploads\/2025\/11\/02-ap288-foto1.jpg 305w, https:\/\/www.slineamt.ro\/apostolul\/wp-content\/uploads\/2025\/11\/02-ap288-foto1-242x300.jpg 242w, https:\/\/www.slineamt.ro\/apostolul\/wp-content\/uploads\/2025\/11\/02-ap288-foto1-260x322.jpg 260w, https:\/\/www.slineamt.ro\/apostolul\/wp-content\/uploads\/2025\/11\/02-ap288-foto1-160x198.jpg 160w\" sizes=\"auto, (max-width: 305px) 100vw, 305px\" \/><\/a><\/figure>\n<\/div>\n\n\n<p>\u00cen decursul istoriei, poporul rom\u00e2n \u015fi-a dorit ridicarea unei mari catedrale na\u0163ionale, care s\u0103 fie nu doar un simbol al credin\u0163ei, ci \u015fi un omagiu adus eroilor neamului. Acest vis s-a \u00eemplinit odat\u0103 cu \u00een\u0103l\u0163area Catedralei M\u00e2ntuirii Neamului, una dintre cele mai impresionante construc\u0163ii religioase din Europa \u015fi din lume.<\/p>\n\n\n\n<p>Catedrala M\u00e2ntuirii Neamului (a\u015fa cum a fost denumit\u0103 ini\u0163ial \u015fi cum este cel mai bine definit\u0103) cu hramul (principal) <em>\u00cen\u0103l\u0163area Domnului<\/em> \u015fi <em>Sf\u00e2ntul Apostol Andrei<\/em> (cel de-al doilea hram), este cea mai \u00eenalt\u0103 \u015fi mai mare biseric\u0103 ortodox\u0103 ca volum \u015fi suprafa\u0163\u0103 din lume. Observ\u0103m c\u0103 ambele hramuri au o semnifica\u0163ie deosebit\u0103 pentru istoria poporului nostru.<\/p>\n\n\n\n<p>Dup\u0103 cum se cunoa\u015fte, ideea construirii unei catedrale na\u0163ionale a fost propus\u0103 de Sinodul Bisericii Autocefale Ortodoxe Rom\u00e2ne \u015fi regele Carol I (1866-1014), fiind reluat\u0103 dup\u0103 Primul R\u0103zboi mondial, c\u00e2nd au \u015fi ap\u0103rut schi\u0163e de proiecte ale arhitec\u0163ilor perioadei respective (cea mai cunoscut\u0103 fiind a arhitectului Petre Antonescu) \u015fi a fost sus\u0163inut\u0103 de c\u0103tre patriarhul Miron Cristea (1868-1939).<\/p>\n\n\n\n<p>Abandonat \u00een anii comunismului, proiectul a fost reluat dup\u0103 1989, fiind sus\u0163inut de o mare parte a popula\u0163iei Rom\u00e2niei.<\/p>\n\n\n\n<p>Pe data de 29 noiembrie 2007, Patriarhul Daniel a pus piatra de temelie a noului edificiu, urm\u00e2nd ca \u00eencep\u00e2nd cu anul 2011 s\u0103 se construiasc\u0103 efectiv.<\/p>\n\n\n\n<p>\u00cen anul 2018, la Centenarul Unirii, a fost sfin\u0163it altarul catedralei (\u00een data de 25 noiembrie), urm\u00e2nd ca pe data de 26 octombrie 2025 s\u0103 aib\u0103 loc sfin\u0163irea\u2060 catedralei, eveniment care a marcat anul acesta \u015fi Centenarul Patriarhiei Rom\u00e2ne (1925-2025).<\/p>\n\n\n\n<p>Trec\u00e2nd peste comentariile r\u0103ut\u0103cioase ale unor persoane \u015fi a\u015fa-zi\u015filor \u201eformatori de opinie\u201d, Catedrala M\u00e2ntuirii Neamului (rom\u00e2nesc) reprezint\u0103 singura mare realizare din \u0163ara noastr\u0103 dup\u0103 decembrie 1989.<\/p>\n\n\n\n<p>Reprezent\u00e2nd <em>simbolul demnit\u0103tii na\u0163ionale, simbolul unit\u0103\u0163ii dintre genera\u0163ii \u015fi al rom\u00e2nilor de pretutindeni, simbolul unit\u0103\u0163ii dintre lucrarea spiritual\u0103 \u015fi social\u0103 a Bisericii<\/em>, catedrala r\u0103spunde mai multor necesit\u0103\u0163i: necesitatea liturgic\u0103 (participarea la momentele solemne liturgice \u015fi la ceremoniile biserice\u015fti), necesitatea public\u0103 (pentru desf\u0103\u015furarea ceremoniilor, anivers\u0103rilor sau comemor\u0103rilor cu caracter na\u0163ional \u015fi interna\u0163ional \u015fi pentru organizatea evenimentelor cu semnifica\u0163ie religioas\u0103, congrese, conferin\u0163e \u015fi alte manifest\u0103ri ale preo\u0163ilor \u015fi tinerilor rom\u00e2ni din \u0163ar\u0103 \u015fi str\u0103in\u0103tate).<\/p>\n\n\n\n<p>Totodat\u0103, noua Catedral\u0103 patriarhal\u0103 nu poate fi pus\u0103 \u00een concuren\u0163\u0103 sau opozi\u0163ie cu \u015fcolile \u015fi spitalele din Rom\u00e2nia, fiind complementar\u0103 acestora, un simbol al unei mari comunit\u0103\u0163i \u00een rug\u0103ciune, al unui popor \u00eentreg, o \u015fcoal\u0103 spiritual\u0103.<\/p>\n\n\n<div class=\"wp-block-image\">\n<figure class=\"alignright size-full is-resized\"><a href=\"https:\/\/www.slineamt.ro\/apostolul\/wp-content\/uploads\/2025\/11\/02-ap288-foto2.jpg\"><img loading=\"lazy\" decoding=\"async\" width=\"454\" height=\"255\" src=\"https:\/\/www.slineamt.ro\/apostolul\/wp-content\/uploads\/2025\/11\/02-ap288-foto2.jpg\" alt=\"\" class=\"wp-image-27993\" style=\"width:515px;height:auto\" srcset=\"https:\/\/www.slineamt.ro\/apostolul\/wp-content\/uploads\/2025\/11\/02-ap288-foto2.jpg 454w, https:\/\/www.slineamt.ro\/apostolul\/wp-content\/uploads\/2025\/11\/02-ap288-foto2-300x169.jpg 300w, https:\/\/www.slineamt.ro\/apostolul\/wp-content\/uploads\/2025\/11\/02-ap288-foto2-260x146.jpg 260w, https:\/\/www.slineamt.ro\/apostolul\/wp-content\/uploads\/2025\/11\/02-ap288-foto2-160x90.jpg 160w\" sizes=\"auto, (max-width: 454px) 100vw, 454px\" \/><\/a><\/figure>\n<\/div>\n\n\n<p>Cu alte cuvinte, Catedrala materializeaz\u0103 dorin\u0163a neamului rom\u00e2nesc de a se \u00eent\u0103ri \u00een credin\u0163\u0103 \u015fi de a se \u00een\u0103l\u0163a \u00een demnitate pe axa istoriei. Ea reprezint\u0103 o realizare arhitectural\u0103 \u015fi spiritual\u0103 de o semnifica\u0163ie profund\u0103 pentru identitatea na\u0163ional\u0103 rom\u00e2neasc\u0103. \u015ei autentific\u0103 un ideal colectiv n\u0103scut din dorin\u0163a de afirmare a credin\u0163ei ortodoxe \u015fi a unit\u0103\u0163ii poporului rom\u00e2n \u00een contextul istoric al form\u0103rii statului modern. Dincolo de dimensiunea sa religioas\u0103, edificiul are \u015fi o valoare cultural\u0103, simbolic\u0103 \u015fi memorial\u0103, integr\u00e2ndu-se \u00een peisajul contemporan ca expresie a continuit\u0103\u0163ii tradi\u0163iei \u015fi a aspira\u0163iilor unui neam.<\/p>\n\n\n\n<p>&nbsp;Catedrala M\u00e2ntuirii Neamului nu este doar o construc\u0163ie monumental\u0103, ci un proiect identitar complex, care reflect\u0103 leg\u0103tura profund\u0103 dintre spiritualitatea, cultura \u015fi con\u015ftiin\u0163a na\u0163ional\u0103.<\/p>\n\n\n\n<p><strong><em>Prof. dr. Mihai FLOROAIA<\/em><\/strong><\/p>\n","protected":false},"excerpt":{"rendered":"<p>\u00cen decursul istoriei, poporul rom\u00e2n \u015fi-a dorit ridicarea unei mari catedrale na\u0163ionale, care s\u0103 fie nu doar un simbol al credin\u0163ei, ci \u015fi un omagiu adus eroilor neamului. Acest vis s-a \u00eemplinit odat\u0103 cu \u00een\u0103l\u0163area Catedralei M\u00e2ntuirii Neamului, una dintre&hellip;<\/p>\n<p class=\"more-link-p\"><a class=\"more-link\" href=\"https:\/\/www.slineamt.ro\/apostolul\/eveniment\/catedrala-mantuirii-neamului-un-vis-al-romanilor-devenit-realitate\/\">Read more &rarr;<\/a><\/p>\n","protected":false},"author":1,"featured_media":0,"comment_status":"open","ping_status":"closed","sticky":false,"template":"","format":"standard","meta":{"footnotes":""},"categories":[18,498],"tags":[],"class_list":["post-27991","post","type-post","status-publish","format-standard","hentry","category-eveniment","category-288-noiembrie-2025"],"_links":{"self":[{"href":"https:\/\/www.slineamt.ro\/apostolul\/wp-json\/wp\/v2\/posts\/27991","targetHints":{"allow":["GET"]}}],"collection":[{"href":"https:\/\/www.slineamt.ro\/apostolul\/wp-json\/wp\/v2\/posts"}],"about":[{"href":"https:\/\/www.slineamt.ro\/apostolul\/wp-json\/wp\/v2\/types\/post"}],"author":[{"embeddable":true,"href":"https:\/\/www.slineamt.ro\/apostolul\/wp-json\/wp\/v2\/users\/1"}],"replies":[{"embeddable":true,"href":"https:\/\/www.slineamt.ro\/apostolul\/wp-json\/wp\/v2\/comments?post=27991"}],"version-history":[{"count":1,"href":"https:\/\/www.slineamt.ro\/apostolul\/wp-json\/wp\/v2\/posts\/27991\/revisions"}],"predecessor-version":[{"id":27994,"href":"https:\/\/www.slineamt.ro\/apostolul\/wp-json\/wp\/v2\/posts\/27991\/revisions\/27994"}],"wp:attachment":[{"href":"https:\/\/www.slineamt.ro\/apostolul\/wp-json\/wp\/v2\/media?parent=27991"}],"wp:term":[{"taxonomy":"category","embeddable":true,"href":"https:\/\/www.slineamt.ro\/apostolul\/wp-json\/wp\/v2\/categories?post=27991"},{"taxonomy":"post_tag","embeddable":true,"href":"https:\/\/www.slineamt.ro\/apostolul\/wp-json\/wp\/v2\/tags?post=27991"}],"curies":[{"name":"wp","href":"https:\/\/api.w.org\/{rel}","templated":true}]}}