{"id":27995,"date":"2025-11-22T05:35:51","date_gmt":"2025-11-22T05:35:51","guid":{"rendered":"https:\/\/www.slineamt.ro\/apostolul\/?p=27995"},"modified":"2025-11-22T05:36:18","modified_gmt":"2025-11-22T05:36:18","slug":"ministrul-educatiei-ataca-profesorii-pentru-a-deturna-atentia-de-la-masurile-anti-educatie-impuse-de-guvernul-bolojan","status":"publish","type":"post","link":"https:\/\/www.slineamt.ro\/apostolul\/uncategorized\/ministrul-educatiei-ataca-profesorii-pentru-a-deturna-atentia-de-la-masurile-anti-educatie-impuse-de-guvernul-bolojan\/","title":{"rendered":"Ministrul educa\u0163iei atac\u0103 profesorii pentru a deturna aten\u0163ia de la m\u0103surile anti-educa\u0163ie impuse de Guvernul Bolojan"},"content":{"rendered":"<div class=\"wp-block-image\">\n<figure class=\"alignleft size-full is-resized\"><a href=\"https:\/\/www.slineamt.ro\/apostolul\/wp-content\/uploads\/2025\/11\/01-ap288-foto1.jpg\"><img loading=\"lazy\" decoding=\"async\" width=\"113\" height=\"117\" src=\"https:\/\/www.slineamt.ro\/apostolul\/wp-content\/uploads\/2025\/11\/01-ap288-foto1.jpg\" alt=\"\" class=\"wp-image-27996\" style=\"width:277px;height:auto\"\/><\/a><\/figure>\n<\/div>\n\n\n<p>Federa\u0163ia Sindicatelor Libere din \u00cenv\u0103\u0163\u0103m\u00e2nt \u015fi Federa\u0163ia Sindicatelor din Educa\u0163ie \u201eSPIRU HARET\u201d, \u00een numele membrilor de sindicat ale c\u0103ror interese le reprezint\u0103, condamn\u0103 cele dou\u0103 declara\u0163ii recente ale domnului ministru al educa\u0163iei Daniel David, prin care le recomand\u0103 p\u0103rin\u0163ilor, elevilor \u015fi cadrelor didactice s\u0103-i raporteze pe acei profesori care r\u0103sp\u00e2ndesc informa\u0163ii false, precum \u015fi pe cea referitoare la plasarea responsabilit\u0103\u0163ii pentru e\u015fecurile sistemului de \u00eenv\u0103\u0163\u0103m\u00e2nt (\u00eentre care analfabetismul func\u0163ional) aproape exclusiv \u00een sarcina cadrelor didactice.<\/p>\n\n\n\n<p>\u00cen ceea ce prive\u015fte prima afirma\u0163ie, oricine \u00ee\u015fi pune ni\u015fte \u00eentreb\u0103ri: <em>La ce informa\u0163ii false r\u0103sp\u00e2ndite de profesori s-o fi g\u00e2ndit domnul ministru? Cui trebuie trimise aceste raport\u0103ri? Prin ce metode colegii se vor urm\u0103ri \u00eentre ei?<\/em> Asta \u00eenseamn\u0103 c\u0103 \u00een sistemul de \u00eenv\u0103\u0163\u0103m\u00e2nt ministrul dore\u015fte s\u0103 se revin\u0103 la o metod\u0103 comunist\u0103, anume aceea de a avea informatori \u00een unit\u0103\u0163ile de \u00eenv\u0103\u0163\u0103m\u00e2nt.<\/p>\n\n\n\n<p>Nu, domnule ministru! Modul cum cadrele didactice \u00ee\u015fi desf\u0103\u015foar\u0103 activitatea trebuie urm\u0103rit de directorul unit\u0103\u0163ii de \u00eenv\u0103\u0163\u0103m\u00e2nt \u015fi de inspectoratul \u015fcolar de specialitate!<\/p>\n\n\n\n<p>\u015ei cealalt\u0103 declara\u0163ie a domnului ministru a provocat consternare \u015fi revolt\u0103 \u00een r\u00e2ndul cadrelor didactice. Dac\u0103 aceast\u0103 afirma\u0163ie, conform c\u0103reia, principala cauza a analfabetismului func\u0163ional \u00een r\u00e2ndul elevilor este lipsa de preg\u0103tire a cadrelor didactice ar fi fost f\u0103cut\u0103 de o persoan\u0103 din afara sistemului, poate trecea neobservat\u0103. Dar c\u00e2nd aceast\u0103 afirma\u0163ie este f\u0103cut\u0103 de ministrul educa\u0163iei, cel care ar trebui s\u0103 \u015ftie c\u0103 aceast\u0103 problem\u0103 are cauze multiple, este grav. \u00cenainte s\u0103 fac\u0103 aceste declara\u0163ii, domnul ministru ar fi trebuit s\u0103 se uite la m\u0103surile luate chiar de dumnealui \u00een mandatul actual, care, de fapt, creeaz\u0103 premisele cre\u015fterii analfabetismului func\u0163ional \u015fi a abandonului \u015fcolar. Mai mult, este de o ironie amar\u0103 \u015fi o inconsecven\u0163\u0103 flagrant\u0103 ca tocmai o personalitate provenit\u0103 din mediul academic \u2013 rectorul celei mai \u201etitrate\u201d universit\u0103\u0163i din Rom\u00e2nia \u2013 s\u0103 vorbeasc\u0103 despre calitatea slab\u0103 a corpului didactic, \u00een condi\u0163iile \u00een care a contribuit la formarea \u015fi preg\u0103tirea profesional\u0103 ini\u0163ial\u0103 a multora dintre profesorii de ast\u0103zi.<\/p>\n\n\n\n<p><em>Domnule ministru, dac\u0103 preg\u0103tirea profesorilor este deficitar\u0103, cine poart\u0103 responsabilitatea pentru calitatea form\u0103rii ini\u0163iale oferite de universit\u0103\u0163ile din Rom\u00e2nia, inclusiv de aceea pe care a\u0163i condus-o? Sistemul universitar, aflat sub jurisdic\u0163ia Ministerului Educa\u0163iei \u015fi Cercet\u0103rii, produce absolven\u0163i care devin, ulterior, profesorii de care vorbi\u0163i. A acuza cadrele didactice \u00eenseamn\u0103, implicit, a pune la \u00eendoial\u0103 \u015fi a devaloriza munca celor care i-au format, inclusiv a dumneavoastr\u0103. Nu cumva sistemul universitar, prin presiuni de-a lungul timpului, a distrus liceele pedagogice, care formau educatori \u015fi \u00eenv\u0103\u0163\u0103tori de valoare, oblig\u00e2nd viitorii profesori s\u0103 urmeze facult\u0103\u0163i \u015fi masterate, multe doar pe h\u00e2rtie, f\u0103r\u0103 o minim\u0103 practic\u0103 pedagogic\u0103?<\/em><\/p>\n\n\n\n<p>Cadrele didactice din Rom\u00e2nia lucreaz\u0103, de foarte mult timp, \u00eentr-un sistem subfinan\u0163at, birocratic \u015fi supus reformelor haotice. A ignora cauzele sistemice \u015fi a reduce totul la \u201eincompeten\u0163a\u201d profesorilor este o \u00eencercare de a devia aten\u0163ia public\u0103 de la problemele structurale \u015fi de la m\u0103surile \u201ede criz\u0103\u201d pe care dumneavoastr\u0103 le-a\u0163i implementat \u00een ultimele luni.<\/p>\n\n\n\n<p>Subfinan\u0163area cronic\u0103, salariile demotivante, lipsa stabilit\u0103\u0163ii, \u201erespectul\u201d ar\u0103tat de clasa politic\u0103, programele \u015fcolare dep\u0103\u015fite, toate acestea nu atrag tineri valoro\u015fi c\u0103tre profesia didactic\u0103. La ora actual\u0103, \u015fcoala rom\u00e2neasc\u0103 se poate \u201el\u0103uda\u201d cu clase supra-aglomerate, lipsa resurselor didactice moderne, a personalului auxiliar, a psihologilor, a consilierilor \u015fcolari etc.<\/p>\n\n\n\n<p>Domnule ministru, responsabilitatea pentru starea sistemului de \u00eenv\u0103\u0163\u0103m\u00e2nt, care este o problem\u0103 de securitate na\u0163ional\u0103 \u2013 dup\u0103 cum chiar Pre\u015fedintele Rom\u00e2niei a recunoscut \u2013 revine \u00een primul r\u00e2nd Guvernului \u015fi Ministerului Educa\u0163iei \u015fi Cercet\u0103rii, care stabilesc bugetul, politicile \u015fi cadrul legislativ. \u00cens\u0103, p\u00e2n\u0103 acum, actualul Executiv nu a f\u0103cut altceva dec\u00e2t s\u0103 loveasc\u0103 \u00een singurul sistem care poate aduce plus valoare pe termen mediu \u015fi lung. Prin deciziile luate, dumneavoastr\u0103 \u015fi colegii din Guvern, a\u0163i scos din sistem mii de cadre didactice suplinitoare bine preg\u0103tite, persoane care urmau s\u0103 ocupe posturile eliberate de cei care vor ie\u015fi la pensie.<\/p>\n\n\n\n<p>V\u0103 invit\u0103m, domnule ministru, s\u0103 fi\u0163i dumneavoastr\u0103, m\u0103car pentru o zi, profesorul de sprijin \u00eentr-o clas\u0103 unde sunt \u015fi trei copii cu cerin\u0163e educa\u0163ionale speciale. Dup\u0103 o astfel de zi, pute\u0163i veni \u015fi comenta.<\/p>\n\n\n\n<p>Federa\u0163iile sindicale solicit\u0103 public ministrului educa\u0163iei s\u0103 \u00eenceteze atacurile la adresa personalului din \u00eenv\u0103\u0163\u0103m\u00e2nt, care nu sunt, de fapt, dec\u00e2t o \u00eencercare de mascare a haosului creat prin m\u0103surile impuse. L\u0103sa\u0163i declara\u0163iile ostile \u015fi modifica\u0163i de urgen\u0163\u0103 Legea nr. 141\/2025! Dac\u0103 tot vre\u0163i s\u0103 mai declara\u0163i ceva, v\u0103 supunem aten\u0163iei urm\u0103torul enun\u0163:<\/p>\n\n\n<div class=\"wp-block-image\">\n<figure class=\"alignright size-full is-resized\"><a href=\"http:\/\/www.slineamt.ro\/apostolul\/wp-content\/uploads\/2025\/11\/01-ap288-foto2.jpg\"><img loading=\"lazy\" decoding=\"async\" width=\"113\" height=\"57\" src=\"http:\/\/www.slineamt.ro\/apostolul\/wp-content\/uploads\/2025\/11\/01-ap288-foto2.jpg\" alt=\"\" class=\"wp-image-27997\" style=\"width:390px;height:auto\"\/><\/a><\/figure>\n<\/div>\n\n\n<p><strong>\u201e\u00cemi cer scuze pentru haosul creat \u015fi \u00eemi depun demisia!\u201d<\/strong><\/p>\n\n\n\n<p>Profesorii nu sunt \u201e\u0163apii isp\u0103\u015fitori\u201d ai unei crize pe care nu ei au generat-o. Ei sunt partenerii esen\u0163iali \u00een solu\u0163ionarea crizei \u015fi merit\u0103 respect, sprijin \u015fi resurse, nu acuza\u0163ii nedrepte!<\/p>\n\n\n\n<p><strong>PRE\u015eEDINTE FSLI,<\/strong>&nbsp;&nbsp;&nbsp;&nbsp;&nbsp;&nbsp;&nbsp;&nbsp;&nbsp;&nbsp;&nbsp;&nbsp;&nbsp;&nbsp;&nbsp;&nbsp;&nbsp;&nbsp;&nbsp;&nbsp;&nbsp;&nbsp;&nbsp;&nbsp;&nbsp;&nbsp;&nbsp;&nbsp;&nbsp;&nbsp;&nbsp;&nbsp;&nbsp;&nbsp;&nbsp;&nbsp;&nbsp;&nbsp;&nbsp;&nbsp;&nbsp;&nbsp;&nbsp;&nbsp;&nbsp; <strong>PRE\u015eEDINTE FSE \u201eSPIRU HARET\u201d,<\/strong><\/p>\n\n\n\n<p><strong><em>Simion HANCESCU<\/em><\/strong>&nbsp; &nbsp;&nbsp;&nbsp;&nbsp;&nbsp;&nbsp;&nbsp;&nbsp;&nbsp;&nbsp;&nbsp;&nbsp;&nbsp;&nbsp;&nbsp;&nbsp;&nbsp;&nbsp;&nbsp;&nbsp;&nbsp; &nbsp;&nbsp;&nbsp;&nbsp;&nbsp;&nbsp;&nbsp;&nbsp;&nbsp;&nbsp;&nbsp;&nbsp;&nbsp;&nbsp;&nbsp;&nbsp;&nbsp;&nbsp;&nbsp;&nbsp;<strong><em>Marius Ovidiu NISTOR<\/em><\/strong><\/p>\n\n\n\n<p>&nbsp;&nbsp;&nbsp;&nbsp;&nbsp;&nbsp;&nbsp;&nbsp;&nbsp;&nbsp;&nbsp;&nbsp;&nbsp;&nbsp;&nbsp;&nbsp;&nbsp;&nbsp;&nbsp;&nbsp; &nbsp;&nbsp;&nbsp;&nbsp;&nbsp;&nbsp;&nbsp;&nbsp;&nbsp;&nbsp;&nbsp;&nbsp;&nbsp;&nbsp;&nbsp;&nbsp;&nbsp;&nbsp;&nbsp;13 Noiembrie 2025<\/p>\n","protected":false},"excerpt":{"rendered":"<p>Federa\u0163ia Sindicatelor Libere din \u00cenv\u0103\u0163\u0103m\u00e2nt \u015fi Federa\u0163ia Sindicatelor din Educa\u0163ie \u201eSPIRU HARET\u201d, \u00een numele membrilor de sindicat ale c\u0103ror interese le reprezint\u0103, condamn\u0103 cele dou\u0103 declara\u0163ii recente ale domnului ministru al educa\u0163iei Daniel David, prin care le recomand\u0103 p\u0103rin\u0163ilor, elevilor&hellip;<\/p>\n<p class=\"more-link-p\"><a class=\"more-link\" href=\"https:\/\/www.slineamt.ro\/apostolul\/uncategorized\/ministrul-educatiei-ataca-profesorii-pentru-a-deturna-atentia-de-la-masurile-anti-educatie-impuse-de-guvernul-bolojan\/\">Read more &rarr;<\/a><\/p>\n","protected":false},"author":1,"featured_media":0,"comment_status":"open","ping_status":"closed","sticky":false,"template":"","format":"standard","meta":{"footnotes":""},"categories":[11,498,1],"tags":[],"class_list":["post-27995","post","type-post","status-publish","format-standard","hentry","category-viata-sindicala-imperative","category-288-noiembrie-2025","category-uncategorized"],"_links":{"self":[{"href":"https:\/\/www.slineamt.ro\/apostolul\/wp-json\/wp\/v2\/posts\/27995","targetHints":{"allow":["GET"]}}],"collection":[{"href":"https:\/\/www.slineamt.ro\/apostolul\/wp-json\/wp\/v2\/posts"}],"about":[{"href":"https:\/\/www.slineamt.ro\/apostolul\/wp-json\/wp\/v2\/types\/post"}],"author":[{"embeddable":true,"href":"https:\/\/www.slineamt.ro\/apostolul\/wp-json\/wp\/v2\/users\/1"}],"replies":[{"embeddable":true,"href":"https:\/\/www.slineamt.ro\/apostolul\/wp-json\/wp\/v2\/comments?post=27995"}],"version-history":[{"count":1,"href":"https:\/\/www.slineamt.ro\/apostolul\/wp-json\/wp\/v2\/posts\/27995\/revisions"}],"predecessor-version":[{"id":27998,"href":"https:\/\/www.slineamt.ro\/apostolul\/wp-json\/wp\/v2\/posts\/27995\/revisions\/27998"}],"wp:attachment":[{"href":"https:\/\/www.slineamt.ro\/apostolul\/wp-json\/wp\/v2\/media?parent=27995"}],"wp:term":[{"taxonomy":"category","embeddable":true,"href":"https:\/\/www.slineamt.ro\/apostolul\/wp-json\/wp\/v2\/categories?post=27995"},{"taxonomy":"post_tag","embeddable":true,"href":"https:\/\/www.slineamt.ro\/apostolul\/wp-json\/wp\/v2\/tags?post=27995"}],"curies":[{"name":"wp","href":"https:\/\/api.w.org\/{rel}","templated":true}]}}