{"id":2832,"date":"2013-10-28T21:41:47","date_gmt":"2013-10-28T21:41:47","guid":{"rendered":"http:\/\/www.cnrv.ro\/apostolul\/?p=2832"},"modified":"2013-10-28T21:41:47","modified_gmt":"2013-10-28T21:41:47","slug":"calendar-2013-bacalaureat-si-evaluarea-nationala","status":"publish","type":"post","link":"https:\/\/www.slineamt.ro\/apostolul\/scoala-nemteana-la-zi\/calendar-2013-bacalaureat-si-evaluarea-nationala\/","title":{"rendered":"Calendar 2013 &#8211; Bacalaureat \u015fi Evaluarea Na\u0163ional\u0103"},"content":{"rendered":"<p>Ministerul Educa\u0163iei a stabilit calendarul desf\u0103\u015fur\u0103rii examenelor na\u0163ionale astfel: \u00eenscrierea la Bacalaureat \u00eentre 26-30 mai. Proba de evaluare a competen\u0163elor lingvistice de comunicare oral\u0103 \u00een limba rom\u00e2n\u0103, \u00een perioada 10-12 iunie 2014. Competen\u0163ele digitale vor fi verificate \u00eentre 16 \u015fi 20 iunie, iar cele lingvistice \u00eentr-o limb\u0103 de circula\u0163ie interna\u0163ional\u0103, \u00eentre 23 \u015fi 27 iunie. Prima prob\u0103 scris\u0103, la limba rom\u00e2n\u0103, va avea loc pe 30 iunie. Pe 2 iulie este programat\u0103 proba obligatorie a profilului, iar pe 4 iulie \u2013 proba la alegere a profilului \u015fi specializ\u0103rii. Primele rezultate vor fi anun\u0163ate pe 7 iulie, iar rezultatele finale vor fi afi\u015fate pe 11 iulie.<br \/>\nElevii din clasele a VIII-a vor \u00eencheia cursurile pe 13 iunie \u015fi se vor \u00eenscrie la Evaluarea Na\u0163ional\u0103 \u00eentre 16 \u015fi 18 iunie. Probele, la limba \u015fi literatura rom\u00e2n\u0103 \u015fi matematic\u0103 se vor desf\u0103\u015fura pe 23 \u015fi 25 iunie, iar rezultatele finale vor fi transmise pe 1 iulie. Ca noutate, pentru acest an \u015fcolar, este faptul c\u0103 media de admitere la liceu va \u0163ine cont mai mult de notele de la Evaluarea Na\u0163ional\u0103, dec\u00e2t de cele din timpul gimnaziului. Astfel, examenul va conta \u00een propor\u0163ie de 75% \u2013 \u015fi nu de 50%, ca p\u00e2n\u0103 acum. <\/p>\n","protected":false},"excerpt":{"rendered":"<p>Ministerul Educa\u0163iei a stabilit calendarul desf\u0103\u015fur\u0103rii examenelor na\u0163ionale astfel: \u00eenscrierea la Bacalaureat \u00eentre 26-30 mai. Proba de evaluare a competen\u0163elor lingvistice de comunicare oral\u0103 \u00een limba rom\u00e2n\u0103, \u00een perioada 10-12 iunie 2014. Competen\u0163ele digitale vor fi verificate \u00eentre 16 \u015fi&hellip;<\/p>\n<p class=\"more-link-p\"><a class=\"more-link\" href=\"https:\/\/www.slineamt.ro\/apostolul\/scoala-nemteana-la-zi\/calendar-2013-bacalaureat-si-evaluarea-nationala\/\">Read more &rarr;<\/a><\/p>\n","protected":false},"author":1,"featured_media":0,"comment_status":"closed","ping_status":"closed","sticky":false,"template":"","format":"standard","meta":{"footnotes":""},"categories":[10,42],"tags":[],"class_list":["post-2832","post","type-post","status-publish","format-standard","hentry","category-scoala-nemteana-la-zi","category-numarul-159"],"_links":{"self":[{"href":"https:\/\/www.slineamt.ro\/apostolul\/wp-json\/wp\/v2\/posts\/2832","targetHints":{"allow":["GET"]}}],"collection":[{"href":"https:\/\/www.slineamt.ro\/apostolul\/wp-json\/wp\/v2\/posts"}],"about":[{"href":"https:\/\/www.slineamt.ro\/apostolul\/wp-json\/wp\/v2\/types\/post"}],"author":[{"embeddable":true,"href":"https:\/\/www.slineamt.ro\/apostolul\/wp-json\/wp\/v2\/users\/1"}],"replies":[{"embeddable":true,"href":"https:\/\/www.slineamt.ro\/apostolul\/wp-json\/wp\/v2\/comments?post=2832"}],"version-history":[{"count":0,"href":"https:\/\/www.slineamt.ro\/apostolul\/wp-json\/wp\/v2\/posts\/2832\/revisions"}],"wp:attachment":[{"href":"https:\/\/www.slineamt.ro\/apostolul\/wp-json\/wp\/v2\/media?parent=2832"}],"wp:term":[{"taxonomy":"category","embeddable":true,"href":"https:\/\/www.slineamt.ro\/apostolul\/wp-json\/wp\/v2\/categories?post=2832"},{"taxonomy":"post_tag","embeddable":true,"href":"https:\/\/www.slineamt.ro\/apostolul\/wp-json\/wp\/v2\/tags?post=2832"}],"curies":[{"name":"wp","href":"https:\/\/api.w.org\/{rel}","templated":true}]}}