{"id":2834,"date":"2013-10-28T21:42:10","date_gmt":"2013-10-28T21:42:10","guid":{"rendered":"http:\/\/www.cnrv.ro\/apostolul\/?p=2834"},"modified":"2013-10-28T21:42:10","modified_gmt":"2013-10-28T21:42:10","slug":"noaptea-cercetatorilor-la-piatra-neamt","status":"publish","type":"post","link":"https:\/\/www.slineamt.ro\/apostolul\/scoala-nemteana-la-zi\/noaptea-cercetatorilor-la-piatra-neamt\/","title":{"rendered":"\u201eNoaptea cercet\u0103torilor\u201d la Piatra-Neam\u0163"},"content":{"rendered":"<p>Ini\u0163iat de Uniunea European\u0103, Noaptea Cercet\u0103torilor este un proiect, care se desf\u0103\u015foar\u0103 \u00een toate \u0163\u0103rile membre \u015fi afiliate, \u00een a patra vineri a lunii septembrie (anul acesta \u00een data de 27), cu scopul de a promova \u015ftiin\u0163a \u015fi cercet\u0103torii \u00een r\u00e2ndurile publicului larg. Rezultatul dorit pe termen lung este de a atrage noua genera\u0163ie c\u0103tre activitatea de cercetare, \u00eencuraj\u00e2nd o carier\u0103 \u00een acest domeniu, de a cre\u015fte recunoa\u015fterea publicului larg fa\u0163\u0103 de munca nev\u0103zut\u0103 a cercet\u0103torilor \u015fi de a crea interac\u0163iunea cu publicul larg. \u00cencep\u00e2nd cu anul 2006, Noaptea Cercet\u0103torilor este un eveniment de sine st\u0103t\u0103tor din seria ac\u0163iunilor Marie Curie \u015fi s-a bucurat de un succes ce cre\u015fte de la an la an. \u00cen 2012, s-a desf\u0103\u015furat \u00een peste 800 de loca\u0163ii \u00een 300 de ora\u015fe din 32 de \u0163\u0103ri europene.<br \/>\n\u00cen Rom\u00e2nia, proiectul se desf\u0103\u015foar\u0103 din anul 2006, iar \u00een 2013 ora\u015fele partenere din \u0163ar\u0103 sunt: Bucure\u015fti, Sinaia, Suceava, Piatra Neam\u0163, Tulcea, Oradea, Bra\u015fov \u015fi Gala\u0163i. Pe 27 septembrie, \u00eencep\u00e2nd cu ora 17.00, \u00een Piatra Neam\u0163, la Turnul lui \u015etefan, vizitatorii au putut explora un adev\u0103rat t\u00e2rg al \u015ftiin\u0163ei, prin cele patru zone ale evenimentului SciFUN, Knowledge (experimente interactive), Agora(dezbateri legate de progresul tiin\u0163ific) \u015fi zona Uniunii Europene (concurs de cultur\u0103 \u015ftiin\u0163ific\u0103 european\u0103). Aceast\u0103 edi\u0163ie \u201eNoaptea Cercet\u0103torilor\u201d a fost organizat\u0103 sub egida Uniunii Europene de c\u0103tre Target Active Training \u00een parteneriat cu Inspectoratul General al Poli\u0163iei, Institutul Na\u0163ional de Cercetare \u00een Sport, Centrul de Studii Complexe, Europa FM \u015fi Anticipa\u0163ia, parte a grupului Nemira. Partener local: Prim\u0103ria Piatra Neam\u0163 (Red.)<\/p>\n","protected":false},"excerpt":{"rendered":"<p>Ini\u0163iat de Uniunea European\u0103, Noaptea Cercet\u0103torilor este un proiect, care se desf\u0103\u015foar\u0103 \u00een toate \u0163\u0103rile membre \u015fi afiliate, \u00een a patra vineri a lunii septembrie (anul acesta \u00een data de 27), cu scopul de a promova \u015ftiin\u0163a \u015fi cercet\u0103torii \u00een&hellip;<\/p>\n<p class=\"more-link-p\"><a class=\"more-link\" href=\"https:\/\/www.slineamt.ro\/apostolul\/scoala-nemteana-la-zi\/noaptea-cercetatorilor-la-piatra-neamt\/\">Read more &rarr;<\/a><\/p>\n","protected":false},"author":1,"featured_media":0,"comment_status":"closed","ping_status":"closed","sticky":false,"template":"","format":"standard","meta":{"footnotes":""},"categories":[10,42],"tags":[],"class_list":["post-2834","post","type-post","status-publish","format-standard","hentry","category-scoala-nemteana-la-zi","category-numarul-159"],"_links":{"self":[{"href":"https:\/\/www.slineamt.ro\/apostolul\/wp-json\/wp\/v2\/posts\/2834","targetHints":{"allow":["GET"]}}],"collection":[{"href":"https:\/\/www.slineamt.ro\/apostolul\/wp-json\/wp\/v2\/posts"}],"about":[{"href":"https:\/\/www.slineamt.ro\/apostolul\/wp-json\/wp\/v2\/types\/post"}],"author":[{"embeddable":true,"href":"https:\/\/www.slineamt.ro\/apostolul\/wp-json\/wp\/v2\/users\/1"}],"replies":[{"embeddable":true,"href":"https:\/\/www.slineamt.ro\/apostolul\/wp-json\/wp\/v2\/comments?post=2834"}],"version-history":[{"count":0,"href":"https:\/\/www.slineamt.ro\/apostolul\/wp-json\/wp\/v2\/posts\/2834\/revisions"}],"wp:attachment":[{"href":"https:\/\/www.slineamt.ro\/apostolul\/wp-json\/wp\/v2\/media?parent=2834"}],"wp:term":[{"taxonomy":"category","embeddable":true,"href":"https:\/\/www.slineamt.ro\/apostolul\/wp-json\/wp\/v2\/categories?post=2834"},{"taxonomy":"post_tag","embeddable":true,"href":"https:\/\/www.slineamt.ro\/apostolul\/wp-json\/wp\/v2\/tags?post=2834"}],"curies":[{"name":"wp","href":"https:\/\/api.w.org\/{rel}","templated":true}]}}