{"id":2836,"date":"2013-10-28T21:42:35","date_gmt":"2013-10-28T21:42:35","guid":{"rendered":"http:\/\/www.cnrv.ro\/apostolul\/?p=2836"},"modified":"2013-10-28T21:42:35","modified_gmt":"2013-10-28T21:42:35","slug":"o-minune-de-scoala","status":"publish","type":"post","link":"https:\/\/www.slineamt.ro\/apostolul\/scoala-nemteana-la-zi\/o-minune-de-scoala\/","title":{"rendered":"O minune de \u015fcoal\u0103"},"content":{"rendered":"<p> 15 decembrie 1855, Ia\u015fi. Se \u00eenfiin\u0163eaz\u0103 \u015ecoala Normal\u0103 \u201eVasile Lupu\u201d, model de organizare a unei institu\u0163ii de \u00eenv\u0103\u0163\u0103m\u00e2nt \u00een sud-estul Europei. \u00centre anii 1863-1868, prima \u015fcoal\u0103 normal\u0103 din Moldova, deja unit\u0103 cu Muntenia, a avut ca director pe Titu Maiorescu. Mai \u015ftim c\u0103 \u015ecoala Normal\u0103 de la Ia\u015fi era preferata lui Mihail Sadoveanu care a fost \u015fi pre\u015fedintele comitetului \u015fcolar, pred\u00e2nd aici \u015fi ore de limba rom\u00e2n\u0103. La orele sale, c\u00e2nd vorbea despre Eminescu sau Creang\u0103, veneau to\u0163i normali\u015ftii, din toate clasele. At\u00e2t era de iubit de elevi.<br \/>\nSpre sf\u00e2r\u015fitul vie\u0163ii sale, a povestit cu mare satisfac\u0163ie o \u00eent\u00e2mplare din 1923. Faptele s-au petrecut cam a\u015fa:<br \/>\n\u201e\u00cen perioada interbelic\u0103, \u015ecoala Normal\u0103 de la Ia\u015fi a cunoscut o evolu\u0163ie permanent ascendent\u0103 sub \u00eendrumarea competent\u0103 a unor directori ca V. Todicescu \u015fi \u015et. B\u00e2rs\u0103nescu. \u00cen mai, 1923, a avut loc, sus la Breazu o reuniune a \u015fcolilor normale din Ardeal, Bucovina \u015fi Basarabia. Din provinciile rom\u00e2ne\u015fti \u00eentoarse acas\u0103 dup\u0103 r\u0103zboiul de re\u00e2ntregire.<br \/>\n\u00cen ultima sear\u0103 \u00eenainte de plecare, oaspe\u0163ii, afl\u00e2nd c\u0103 Mihail Sadoveanu e pre\u015fedinte, cerur\u0103 s\u0103-l vad\u0103 imediat. Era miezul nop\u0163ii. Ce s\u0103 fac\u0103? Factorii de r\u0103spundere hot\u0103r\u00e2r\u0103 s\u0103-i duc\u0103 pe elevi la maestru, la casa din Ia\u015fi. Zis \u015fi f\u0103cut. Pornir\u0103 un \u015firag de c\u0103m\u0103\u015fi albe (uniforma normali\u015ftilor era costumul na\u0163ional), spre vila lui Sadoveanu. La vil\u0103, stins totul. D\u00e2nd ocol casei, v\u0103zur\u0103 prin oblon, lumin\u0103 \u00een camera maestrului. \u00cel z\u0103rir\u0103, lucra la birou. Elevii f\u0103cur\u0103 cerc \u015fi \u00eencepur\u0103 s\u0103 c\u00e2nte (se \u015ftie c\u0103 normali\u015ftii c\u00e2nt\u0103 foarte frumos). \u201eLa \u00eenceput, povestea Sadoveanu, credeam c\u0103 visez, c\u0103 am tulbur\u0103ri de auz. Am deschis canaturile u\u015fii \u015fi mi-a ap\u0103rut un tablou feeric, \u00een b\u0103taia lunii. \u00cen fund, livada \u00eenflorit\u0103. \u00cen fa\u0163a, \u00een cerc, toate provinciile \u0163\u0103rii \u00eentregite veniser\u0103 pentru o serenad\u0103 de recuno\u015ftin\u0163\u0103. A fost cea mai emo\u0163ionant\u0103 r\u0103splat\u0103 a scrisului meu\u201d. Doamne, ce trecut!. Ce istorie incredibil\u0103!.<br \/>\nDe ce v-am narat cele de mai sus? Pentru c\u0103 la \u015ecoala Normal\u0103 \u201eVasile Lupu\u201d din Ia\u015fi au \u00eenv\u0103\u0163at destui nem\u0163eni. Unul dintre ei? \u00cenv\u0103\u0163\u0103torul Grigore Grigorescu din Hangu Neam\u0163. N-a uitat niciodat\u0103 cuvintele lui Maiorescu: \u201eun \u00eenv\u0103\u0163\u0103tor trebuie s\u0103 ocupe un loc de frunte \u00een via\u0163a social\u0103, s\u0103 fie un pionier \u00een ac\u0163iunea de culturalizare a maselor populare, un factor activ \u00een procesul de construc\u0163ie a culturii moderne a Rom\u00e2niei\u201d.<\/p>\n<p>Dumitru RUSU<\/p>\n","protected":false},"excerpt":{"rendered":"<p>15 decembrie 1855, Ia\u015fi. Se \u00eenfiin\u0163eaz\u0103 \u015ecoala Normal\u0103 \u201eVasile Lupu\u201d, model de organizare a unei institu\u0163ii de \u00eenv\u0103\u0163\u0103m\u00e2nt \u00een sud-estul Europei. \u00centre anii 1863-1868, prima \u015fcoal\u0103 normal\u0103 din Moldova, deja unit\u0103 cu Muntenia, a avut ca director pe Titu Maiorescu.&hellip;<\/p>\n<p class=\"more-link-p\"><a class=\"more-link\" href=\"https:\/\/www.slineamt.ro\/apostolul\/scoala-nemteana-la-zi\/o-minune-de-scoala\/\">Read more &rarr;<\/a><\/p>\n","protected":false},"author":1,"featured_media":0,"comment_status":"closed","ping_status":"closed","sticky":false,"template":"","format":"standard","meta":{"footnotes":""},"categories":[10,42],"tags":[],"class_list":["post-2836","post","type-post","status-publish","format-standard","hentry","category-scoala-nemteana-la-zi","category-numarul-159"],"_links":{"self":[{"href":"https:\/\/www.slineamt.ro\/apostolul\/wp-json\/wp\/v2\/posts\/2836","targetHints":{"allow":["GET"]}}],"collection":[{"href":"https:\/\/www.slineamt.ro\/apostolul\/wp-json\/wp\/v2\/posts"}],"about":[{"href":"https:\/\/www.slineamt.ro\/apostolul\/wp-json\/wp\/v2\/types\/post"}],"author":[{"embeddable":true,"href":"https:\/\/www.slineamt.ro\/apostolul\/wp-json\/wp\/v2\/users\/1"}],"replies":[{"embeddable":true,"href":"https:\/\/www.slineamt.ro\/apostolul\/wp-json\/wp\/v2\/comments?post=2836"}],"version-history":[{"count":0,"href":"https:\/\/www.slineamt.ro\/apostolul\/wp-json\/wp\/v2\/posts\/2836\/revisions"}],"wp:attachment":[{"href":"https:\/\/www.slineamt.ro\/apostolul\/wp-json\/wp\/v2\/media?parent=2836"}],"wp:term":[{"taxonomy":"category","embeddable":true,"href":"https:\/\/www.slineamt.ro\/apostolul\/wp-json\/wp\/v2\/categories?post=2836"},{"taxonomy":"post_tag","embeddable":true,"href":"https:\/\/www.slineamt.ro\/apostolul\/wp-json\/wp\/v2\/tags?post=2836"}],"curies":[{"name":"wp","href":"https:\/\/api.w.org\/{rel}","templated":true}]}}