{"id":2838,"date":"2013-10-28T21:43:09","date_gmt":"2013-10-28T21:43:09","guid":{"rendered":"http:\/\/www.cnrv.ro\/apostolul\/?p=2838"},"modified":"2013-10-28T21:43:09","modified_gmt":"2013-10-28T21:43:09","slug":"telegrame","status":"publish","type":"post","link":"https:\/\/www.slineamt.ro\/apostolul\/scoala-nemteana-la-zi\/telegrame\/","title":{"rendered":"Telegrame"},"content":{"rendered":"<p>* Pe 28 septembrie, \u00een cadrul proiectului Let&#8217;s Do It Romania, buna colaborare a \u015ecolii Bicazu Ardelean cu Direc\u0163ia de Administrare a Parcului Na\u0163ional Ceahl\u0103u s-a materializat, conform unei tradi\u0163ii recente, \u00eentr-o ac\u0163iune ce a vizat ecologizarea unuia dintre cele \u015fapte trasee turistice ale muntelui: Bistra Mare \u2013 Poiana St\u0103nilelor \u2013 Cabana Dochia. Au fost implica\u0163i 115 pre\u015fcolari \u015fi elevi ai \u015fcolii, care au gospod\u0103rit peste 60 de saci de de\u015feuri. Cre\u015fterea nivelului de cuno\u015ftin\u0163e despre protec\u0163ia mediului \u015fi stimularea unui comportament responsabil fa\u0163\u0103 de natur\u0103, unul dintre dezideratele proiectului Let\u0103&#8217;s Do It Romania, a rodit astfel, frumos \u015fi eficient.<br \/>\n* Prin proiectul Comenius Stars Over Europe, c\u00e2\u0163iva elevi \u015fi profesori de la Colegiul Na\u0163ional \u201e\u015etefan cel Mare\u201d din T\u00e2rgu-Neam\u0163 au f\u0103cut un schimb de experien\u0163\u0103 \u00een Grecia, \u00een perioada 23-27 septembrie. Vizita s-a desf\u0103\u015furat la \u015fcoal\u0103 general\u0103 din ora\u015ful Volos, situat la jum\u0103tatea distan\u0163ei dintre Salonic \u015fi Atena \u015fi a avut un program \u00eenc\u0103rcat, \u00eemp\u0103r\u0163it \u00eentre workshopuri pe \u015ftiin\u0163e astronomice,muzic\u0103, desen, literatur\u0103, mitologie \u015fi activit\u0103\u0163ile din timpul liber. Proiectul Comenius \u201eStars Over Europe\u201d va continua \u015fi \u00een anul viitor, c\u00e2nd \u015fi al\u0163i elevi admi\u015fi \u00een proiect vor avea \u015fansa de a se deplasa \u00een Turcia sau Italia.<br \/>\n* Inspectoratul \u015ecolar Neam\u0163 a organizat pe 4 octombrie, o suit\u0103 de evenimente \u015fi manifest\u0103ri consacrate Zilei Interna\u0163ionale a Educa\u0163iei, cu participarea elevilor \u015fi cadrelor didactice din unit\u0103\u0163ile \u015fcolare din Neam\u0163 (Liceul de Arte \u201eVictor Brauner\u201d, Palatul Copiilor Piatra-Neam\u0163, \u015ecoala Gimnazial\u0103 Nr. 8 Piatra-Neam\u0163, \u015ecoala Gimnazial\u0103 \u201eNicu Albu\u201d Piatra \u2013 Neam\u0163, \u015ecoala Gimnazial\u0103 \u201eDaniela Cuciuc\u201d Piatra-Neam\u0163 s.a.). \u015ei, \u00een parteneriat cu reprezentan\u0163ii Camerei de Comer\u0163 Neam\u0163 a oferit, \u00een cadrul \u201eT\u00e2rgului de carte\u201d, premii din partea editurilor pentru copiii care au participat la Olimpiada na\u0163ional\u0103 \u015fi la Concursurile Na\u0163ionale ale Ministerului Educa\u0163iei Na\u0163ionale.<br \/>\n* Pe 26 septembrie, profesorii \u015fi elevii \u015ecolii Gimnaziale \u201eDaniela Cuciuc\u201d din Piatra-Neam\u0163 au s\u0103rb\u0103torit Ziua European\u0103 a Limbilor Str\u0103ine \u00een cadru festiv, argument\u00e2nd importan\u0163a studierii limbilor str\u0103ine \u015fi cultivarea unei diversit\u0103\u0163i culturale \u015fi lingvistice, \u201eo ac\u0163iune reu\u015fit\u0103, care-i \u00eenva\u0163\u0103 pe copii s\u0103 fie cet\u0103\u0163eni europeni, cu deschidere c\u0103tre toate popoarele, c\u0103tre toate culturile\u201d, dup\u0103 cum a declarat Niculina Ni\u0163\u0103, directoarea \u015ecolii \u201eDaniela Cuciuc\u201d.Printre realiz\u0103rile europene ale institu\u0163iei se citeaz\u0103 un ghid de bune practici \u00een patru limbi \u015fi un dic\u0163ionar multilingvistic cu referire la valorile morale \u00een povestirile populare.<br \/>\n* Proiectul Comenius Companie virtual\u0103 pentru o realitate optimist\u0103 se deruleaz\u0103 la Liceul Teoretic Bicaz, \u00een perioada 2012 \u2013 2014, cu sprijinul Agen\u0163iei Na\u0163ionale pentru Programe Comunitare \u00een Domeniul Educa\u0163iei \u015fi Form\u0103rii Profesionale a Comisiei Europene. Elevii din Bicaz au drept sarcin\u0103 final\u0103 construirea unui container la scara de 1\/1, func\u0163ional, \u015fi dotat cu toate utilit\u0103\u0163ile, un prototip ce va fi prezentat \u00een Fran\u0163a, \u00een iunie 2014, c\u00e2nd va avea loc finalizarea \u015fi activitatea de \u00eenchidere a proiectului. Recenta vizit\u0103 la Bicaz a unor delega\u0163ii de profesori \u015fi elevi din Fran\u0163a, Polonia, Germania \u015fi Italia pentru constat\u0103rile de etap\u0103 s-a \u00eencheiat cu succes. Urm\u0103toare activitate, la care va participa \u015fi o delega\u0163ie din Bicaz, se va derula \u00een Germania, \u00een februarie 2014.<br \/>\n* Parlamentarii USL propun reintroducerea uniformei \u015fcolare de la gr\u0103dini\u0163\u0103, la absolvirea liceului. 43 de deputa\u0163i \u015fi senatori PSD, PNL \u015fi PC au depus un proiect de lege la Senat care prevede ca \u00een \u00eenv\u0103\u0163\u0103m\u00e2ntul preuniversitar s\u0103 se reintroduc\u0103 uniformele \u00eencep\u00e2nd cu 1 ianuarie 2014 \u015fi, dac\u0103 legea propus\u0103 de parlamentarii USL va fi aprobat\u0103, de la acea dat\u0103 toat\u0103 lumea se va \u00eenregimenta. M\u0103sura ar \u00eent\u0103ri disciplina \u00een institu\u0163iile de \u00eenv\u0103\u0163\u0103m\u00e2nt, ar preveni \u015fi combate violen\u0163a \u00een \u015fcoli, \u015fi ar evita discriminarea \u00eentre elevi promov\u00e2nd, astfel, egalitatea de \u015fanse, aspectul uniform al clasei \u015fi men\u0163inerea decen\u0163ei. Modelul uniformelor ar urma s\u0103 fie stabilit de c\u0103tre directorul \u015fcolii \u015fi Consiliul de Administra\u0163ie al institu\u0163iei, Consiliul p\u0103rin\u0163ilor \u015fi cel al elevilor.<br \/>\n*\u00cen anul \u015fcolar 2012-2013, s-au \u00eenregistrat peste 1.000 de repeten\u0163i, conform unui Raport al Inspectoratului \u015ecolar. \u00cen toamna anului 2012, erau \u00eenscri\u015fi \u00een jude\u0163ul Neam\u0163 66.164 de elevi, dintre care 23.171 de copii erau \u00een ciclul primar \u015fi au promovat \u00een procent de 99,53%. (109 de repeten\u0163i). La nivel gimnazial, s-au \u00eenscris 21.748 de elevi \u015fi au promovat 98,53% (321 de repeten\u0163i). La liceeni, s-au \u00eenscris \u00een clasele IX-XIII 19.672 de elevi, procentul de promovabilitate fiind de 97,93% (404 de repeten\u0163i). La \u00eenv\u0103\u0163\u0103m\u00e2ntul liceal seral \u015fi frecvent\u0103 redus\u0103, au fost \u00een cataloage 1.573 de tineri \u015fi au promovat 1.375 \u2013 ceea ce \u00eenseamn\u0103 o promovabilitate de 88,14% . Tot \u00een anul \u015fcolar trecut, elevii nem\u0163eni au s\u0103rit bini\u015for peste milionul de absen\u0163e, dintre cele1.271.489 consemnate, doar 561.553 fiind motivate.<br \/>\n*Pe14 octombrie, la Colegiul Na\u0163ional de Informatic\u0103 s-a desf\u0103\u015furat un seminar organizat de Asocia\u0163ia pentru prevenirea \u015fi combaterea consumului de droguri \u015fi a violen\u0163ei \u00een familie \u201eAquila\u201d. Tema seminarului, \u201eSolu\u0163ii pentru a stopa consumul de droguri \u015fi agresivitatea cauz\u0103 a consumului\u201d s-a dovedit a fi incitant\u0103, invita\u0163ii prezent\u00e2ndu-\u015fi documentat opiniile despre subiectul ales, despre efectele nocive ale consumului de droguri, dar \u015fi despre importan\u0163a comunic\u0103rii directe \u00een prevenirea \u015fi tratarea acestui flagel. La eveniment au participat tineri din cadrul a trei institu\u0163ii de \u00eenv\u0103\u0163\u0103m\u00e2nt (Colegiul Na\u0163ional \u201ePetru Rare\u015f\u201d, Colegiul Na\u0163ional de Informatic\u0103 \u015fi Liceul Tehnologic \u201eDimitrie Leonida\u201d), cadre didactice, voluntari ai Asocia\u0163iei \u201eAquila\u201d, invita\u0163i<br \/>\n*La Roman, \u00een proiectul multilateral Comenius \u201eTineret f\u0103r\u0103 frontiere\u201d, o delega\u0163ie format\u0103 din profesori \u015fi elevi din Italia, Suedia, Danemarca, Letonia, Ungaria, Turcia, Spania, Portugalia, Olanda, Germania \u015fi Polonia a fost timp de o s\u0103pt\u0103m\u00e2n\u0103 oaspetele elevilor de la Liceul Teologic Romano-Catolic \u201eSf\u00e2ntul Francisc de Assisi\u201d \u015fi de la \u015ecoala Gimnazial\u0103 \u201eMihai Eminescu\u201d, care deruleaz\u0103 acest proiectul cu finan\u0163are european\u0103. Deschiderea oficial\u0103 a lucr\u0103rilor proiectului a avut loc pe 30 septembrie, la Liceul Teologic Franciscan, urmat\u0103 de vizite la \u015fcoli \u015fi obiective culturale, de seminarii \u015fi discu\u0163ii despre ce \u00eenseamn\u0103 a fi un t\u00e2n\u0103r european, indiferent de \u0163ara \u00een care locuie\u015fti. La finalul proiectului va fi elaborat un ghid pentru facilitarea mobilit\u0103\u0163ilor tinerilor \u00een Europa \u015fi va fi organizat\u0103 o conferin\u0163\u0103 interna\u0163ional\u0103 cu tema \u201eDreptul cet\u0103\u0163enilor la liber\u0103 circula\u0163ie \u015fi \u015federe \u00een Uniunea European\u0103\u201d.<br \/>\nPo\u015ft\u0103ri\u0163a CRISTINEL<\/p>\n","protected":false},"excerpt":{"rendered":"<p>* Pe 28 septembrie, \u00een cadrul proiectului Let&#8217;s Do It Romania, buna colaborare a \u015ecolii Bicazu Ardelean cu Direc\u0163ia de Administrare a Parcului Na\u0163ional Ceahl\u0103u s-a materializat, conform unei tradi\u0163ii recente, \u00eentr-o ac\u0163iune ce a vizat ecologizarea unuia dintre cele&hellip;<\/p>\n<p class=\"more-link-p\"><a class=\"more-link\" href=\"https:\/\/www.slineamt.ro\/apostolul\/scoala-nemteana-la-zi\/telegrame\/\">Read more &rarr;<\/a><\/p>\n","protected":false},"author":1,"featured_media":0,"comment_status":"closed","ping_status":"closed","sticky":false,"template":"","format":"standard","meta":{"footnotes":""},"categories":[10,42],"tags":[],"class_list":["post-2838","post","type-post","status-publish","format-standard","hentry","category-scoala-nemteana-la-zi","category-numarul-159"],"_links":{"self":[{"href":"https:\/\/www.slineamt.ro\/apostolul\/wp-json\/wp\/v2\/posts\/2838","targetHints":{"allow":["GET"]}}],"collection":[{"href":"https:\/\/www.slineamt.ro\/apostolul\/wp-json\/wp\/v2\/posts"}],"about":[{"href":"https:\/\/www.slineamt.ro\/apostolul\/wp-json\/wp\/v2\/types\/post"}],"author":[{"embeddable":true,"href":"https:\/\/www.slineamt.ro\/apostolul\/wp-json\/wp\/v2\/users\/1"}],"replies":[{"embeddable":true,"href":"https:\/\/www.slineamt.ro\/apostolul\/wp-json\/wp\/v2\/comments?post=2838"}],"version-history":[{"count":0,"href":"https:\/\/www.slineamt.ro\/apostolul\/wp-json\/wp\/v2\/posts\/2838\/revisions"}],"wp:attachment":[{"href":"https:\/\/www.slineamt.ro\/apostolul\/wp-json\/wp\/v2\/media?parent=2838"}],"wp:term":[{"taxonomy":"category","embeddable":true,"href":"https:\/\/www.slineamt.ro\/apostolul\/wp-json\/wp\/v2\/categories?post=2838"},{"taxonomy":"post_tag","embeddable":true,"href":"https:\/\/www.slineamt.ro\/apostolul\/wp-json\/wp\/v2\/tags?post=2838"}],"curies":[{"name":"wp","href":"https:\/\/api.w.org\/{rel}","templated":true}]}}