{"id":2840,"date":"2013-10-28T21:43:59","date_gmt":"2013-10-28T21:43:59","guid":{"rendered":"http:\/\/www.cnrv.ro\/apostolul\/?p=2840"},"modified":"2013-10-28T21:43:59","modified_gmt":"2013-10-28T21:43:59","slug":"apel","status":"publish","type":"post","link":"https:\/\/www.slineamt.ro\/apostolul\/viata-sindicala-imperative\/apel\/","title":{"rendered":"Apel"},"content":{"rendered":"<p>\u00cen baza hot\u0103r\u00e2rii Colegiului Na\u0163ional al Liderilor F.S.L.I. (Federa\u0163ia Sindicatelor Libere din \u00cenv\u0103\u0163\u0103m\u00e2nt) desf\u0103\u015furat \u00een data de 16.10.2013, Sindicatul din \u00cenv\u0103\u0163\u0103m\u00e2nt Neam\u0163 cheam\u0103 to\u0163i membrii s\u0103i de sindicat s\u0103 participe la Greva de avertisment, f\u0103r\u0103 \u00eencetarea lucrului (grev\u0103 japonez\u0103), \u00een zilele de 28 \u2013 29 si 30 octombrie 2013.<br \/>\nBiroul Operativ al organiza\u0163iei de sindicat din fiecare unitate \u015fcolar\u0103 se va constitui \u00een Comitet de grev\u0103, care va organiza \u015fi monitoriza ac\u0163iunea grevist\u0103, ce se va desf\u0103\u015fura pe tot parcursul activit\u0103\u0163ilor \u015fcolare din orarul zilelor respective.<br \/>\nRug\u0103m liderii de sindicat s\u0103 prezinte colegilor no\u015ftri lista de revendic\u0103ri \u00eenainte de \u00eenceputul ac\u0163iunii greviste.<br \/>\nLa Mitingul de protest de la Bucure\u015fti de pe 6 noiembrie, jude\u0163ul Neam\u0163 va avea 50 de reprezentan\u0163i \u015fi vor veni peste 7000 de cadre didactice din toate filialele din \u0163ar\u0103. Dup\u0103 aceast\u0103 dat\u0103 se va a\u015ftepta reac\u0163ia guvernan\u0163ilor \u015fi, \u00een func\u0163ie de aceasta, se va decide calendarul ac\u0163iunilor de protest viitoare.<br \/>\nNumai uni\u0163i, vom dovedi c\u0103 suntem o for\u0163\u0103 care trebuie ascultat\u0103!<\/p>\n<p>Biroul Operativ al S.L.L.I.C.S. Neam\u0163<\/p>\n","protected":false},"excerpt":{"rendered":"<p>\u00cen baza hot\u0103r\u00e2rii Colegiului Na\u0163ional al Liderilor F.S.L.I. (Federa\u0163ia Sindicatelor Libere din \u00cenv\u0103\u0163\u0103m\u00e2nt) desf\u0103\u015furat \u00een data de 16.10.2013, Sindicatul din \u00cenv\u0103\u0163\u0103m\u00e2nt Neam\u0163 cheam\u0103 to\u0163i membrii s\u0103i de sindicat s\u0103 participe la Greva de avertisment, f\u0103r\u0103 \u00eencetarea lucrului (grev\u0103 japonez\u0103), \u00een&hellip;<\/p>\n<p class=\"more-link-p\"><a class=\"more-link\" href=\"https:\/\/www.slineamt.ro\/apostolul\/viata-sindicala-imperative\/apel\/\">Read more &rarr;<\/a><\/p>\n","protected":false},"author":1,"featured_media":0,"comment_status":"closed","ping_status":"closed","sticky":false,"template":"","format":"standard","meta":{"footnotes":""},"categories":[11,42],"tags":[],"class_list":["post-2840","post","type-post","status-publish","format-standard","hentry","category-viata-sindicala-imperative","category-numarul-159"],"_links":{"self":[{"href":"https:\/\/www.slineamt.ro\/apostolul\/wp-json\/wp\/v2\/posts\/2840","targetHints":{"allow":["GET"]}}],"collection":[{"href":"https:\/\/www.slineamt.ro\/apostolul\/wp-json\/wp\/v2\/posts"}],"about":[{"href":"https:\/\/www.slineamt.ro\/apostolul\/wp-json\/wp\/v2\/types\/post"}],"author":[{"embeddable":true,"href":"https:\/\/www.slineamt.ro\/apostolul\/wp-json\/wp\/v2\/users\/1"}],"replies":[{"embeddable":true,"href":"https:\/\/www.slineamt.ro\/apostolul\/wp-json\/wp\/v2\/comments?post=2840"}],"version-history":[{"count":0,"href":"https:\/\/www.slineamt.ro\/apostolul\/wp-json\/wp\/v2\/posts\/2840\/revisions"}],"wp:attachment":[{"href":"https:\/\/www.slineamt.ro\/apostolul\/wp-json\/wp\/v2\/media?parent=2840"}],"wp:term":[{"taxonomy":"category","embeddable":true,"href":"https:\/\/www.slineamt.ro\/apostolul\/wp-json\/wp\/v2\/categories?post=2840"},{"taxonomy":"post_tag","embeddable":true,"href":"https:\/\/www.slineamt.ro\/apostolul\/wp-json\/wp\/v2\/tags?post=2840"}],"curies":[{"name":"wp","href":"https:\/\/api.w.org\/{rel}","templated":true}]}}