{"id":2846,"date":"2013-10-28T21:47:49","date_gmt":"2013-10-28T21:47:49","guid":{"rendered":"http:\/\/www.cnrv.ro\/apostolul\/?p=2846"},"modified":"2013-10-28T21:47:49","modified_gmt":"2013-10-28T21:47:49","slug":"ziua-mondiala-a-educatorului","status":"publish","type":"post","link":"https:\/\/www.slineamt.ro\/apostolul\/viata-sindicala-imperative\/ziua-mondiala-a-educatorului\/","title":{"rendered":"Ziua Mondial\u0103 a Educatorului"},"content":{"rendered":"<p><span style=\"letter-spacing: 0.05em; line-height: 1.6875;\"><a href=\"http:\/\/www.cnrv.ro\/apostolul\/wp-content\/uploads\/Simion-HANCESCU.jpg\"><img loading=\"lazy\" decoding=\"async\" class=\"alignleft size-medium wp-image-2779\" alt=\"Simion HANCESCU\" src=\"http:\/\/www.cnrv.ro\/apostolul\/wp-content\/uploads\/Simion-HANCESCU-300x201.jpg\" width=\"300\" height=\"201\" \/><\/a>Pe data de 5 octombrie \u00een \u00eentreaga lume dasc\u0103lii sunt s\u0103rb\u0103tori\u0163i, recunosc\u00e2ndu-li-se meritul lor \u00een formarea valorilor, culturii \u015fi moralei unei societ\u0103\u0163i. Educa\u0163ia \u015fi, implicit, educatorul stau la baza evolu\u0163iei pozitive a unui stat pentru c\u0103 sunt, a\u015fa cum spunea Nelson Mandela\u201darmele cele mai puternice capabile s\u0103 schimbe lumea\u201d.<\/span><\/p>\n<p>Din nefericire, \u00een cei 23 de ani de democra\u0163ie original\u0103 rom\u00e2neasc\u0103, educa\u0163ia a fost pentru guvernan\u0163i o povar\u0103 financiar\u0103, acord\u00e2ndu-i-se acestui domeniu clamat \u015fi legiferat \u00een mod ipocrit, \u201eprioritate na\u0163ional\u0103\u201d, bugete iresponsabil de mici. A\u015fa s-a ajuns la \u201eperforman\u0163a\u201d de a \u00eenchide peste 20.000 de localuri ale unit\u0103\u0163ilor de \u00eenv\u0103\u0163\u0103m\u00e2nt, iar statutul social al celui pe care \u00eel s\u0103rb\u0103torim pe data de 5 octombrie s-a degradat continuu, fiindc\u0103 \u201er\u0103splata\u201d pentru nobila munc\u0103 prestat\u0103 poate intra \u00een categoria \u201eajutoarelor sociale\u201d. Pentru mul\u0163i politicieni cu putere de decizie din aceast\u0103 \u0163ar\u0103, al c\u0103ror orizont al ra\u0163iunii tinde c\u0103tre un punct \u015fi care se c\u0103l\u0103uzesc dup\u0103 principiul \u201edup\u0103 noi potopul\u201d, dasc\u0103lii nu produc nimic.<\/p>\n<p>A sosit timpul s\u0103 construim o lege a educa\u0163iei realist\u0103, coerent\u0103 \u015fi progresist\u0103, s\u0103 \u00eenceteze subfinan\u0163area \u00eenv\u0103\u0163\u0103m\u00e2ntului, s\u0103 se reg\u00e2ndeasc\u0103 grila de salarizare pentru \u00eenv\u0103\u0163\u0103m\u00e2nt \u00een sensul recunoa\u015fterii importan\u0163ei muncii didactice, s\u0103 \u00eenceteze politizarea func\u0163iilor de conducere, iar programele \u015fcolare s\u0103 fie \u00een concordan\u0163\u0103 cu realitatea cerin\u0163elor de pe pia\u0163a muncii.<\/p>\n<p>Ast\u0103zi, de Ziua Mondial\u0103 a Educatorului avem \u015fi noi dreptul s\u0103 cerem s\u0103 fim respecta\u0163i la fel cum sunt respecta\u0163i dasc\u0103lii din \u0163\u0103rile civilizate, vrem stima pe care o merit\u0103m pentru c\u0103 educ\u0103m genera\u0163iile viitoare ale Rom\u00e2niei, vrem s\u0103 tr\u0103im \u015fi noi decent. Vrem, de fapt, s\u0103 se respecte promisiunile f\u0103cute \u00een campaniile electorale \u015fi nu cerem prea mult.<\/p>\n<p>&nbsp;<\/p>\n<p>LA MUL\u0162I ANI STIMATE DASC\u0102L \u015fi ne ajute Dumnezeu ca speran\u0163ele noastre s\u0103 devin\u0103 realitate!<\/p>\n<p>&nbsp;<\/p>\n<p align=\"right\"><b><i>PRE\u015eEDINTE FSLI,<\/i><\/b><\/p>\n<p align=\"right\"><b><i>Simion HANCESCU<\/i><\/b><\/p>\n<p>\u00a0Bucure\u015fti, 4.10.2013<\/p>\n","protected":false},"excerpt":{"rendered":"<p>Pe data de 5 octombrie \u00een \u00eentreaga lume dasc\u0103lii sunt s\u0103rb\u0103tori\u0163i, recunosc\u00e2ndu-li-se meritul lor \u00een formarea valorilor, culturii \u015fi moralei unei societ\u0103\u0163i. Educa\u0163ia \u015fi, implicit, educatorul stau la baza evolu\u0163iei pozitive a unui stat pentru c\u0103 sunt, a\u015fa cum spunea&hellip;<\/p>\n<p class=\"more-link-p\"><a class=\"more-link\" href=\"https:\/\/www.slineamt.ro\/apostolul\/viata-sindicala-imperative\/ziua-mondiala-a-educatorului\/\">Read more &rarr;<\/a><\/p>\n","protected":false},"author":1,"featured_media":0,"comment_status":"closed","ping_status":"closed","sticky":false,"template":"","format":"standard","meta":{"footnotes":""},"categories":[11,42],"tags":[],"class_list":["post-2846","post","type-post","status-publish","format-standard","hentry","category-viata-sindicala-imperative","category-numarul-159"],"_links":{"self":[{"href":"https:\/\/www.slineamt.ro\/apostolul\/wp-json\/wp\/v2\/posts\/2846","targetHints":{"allow":["GET"]}}],"collection":[{"href":"https:\/\/www.slineamt.ro\/apostolul\/wp-json\/wp\/v2\/posts"}],"about":[{"href":"https:\/\/www.slineamt.ro\/apostolul\/wp-json\/wp\/v2\/types\/post"}],"author":[{"embeddable":true,"href":"https:\/\/www.slineamt.ro\/apostolul\/wp-json\/wp\/v2\/users\/1"}],"replies":[{"embeddable":true,"href":"https:\/\/www.slineamt.ro\/apostolul\/wp-json\/wp\/v2\/comments?post=2846"}],"version-history":[{"count":0,"href":"https:\/\/www.slineamt.ro\/apostolul\/wp-json\/wp\/v2\/posts\/2846\/revisions"}],"wp:attachment":[{"href":"https:\/\/www.slineamt.ro\/apostolul\/wp-json\/wp\/v2\/media?parent=2846"}],"wp:term":[{"taxonomy":"category","embeddable":true,"href":"https:\/\/www.slineamt.ro\/apostolul\/wp-json\/wp\/v2\/categories?post=2846"},{"taxonomy":"post_tag","embeddable":true,"href":"https:\/\/www.slineamt.ro\/apostolul\/wp-json\/wp\/v2\/tags?post=2846"}],"curies":[{"name":"wp","href":"https:\/\/api.w.org\/{rel}","templated":true}]}}