{"id":4253,"date":"2016-01-02T08:20:39","date_gmt":"2016-01-02T08:20:39","guid":{"rendered":"http:\/\/www.slineamt.ro\/apostolul\/?p=4253"},"modified":"2016-01-02T08:20:39","modified_gmt":"2016-01-02T08:20:39","slug":"cei-mai-tari-dintre-voluntari","status":"publish","type":"post","link":"https:\/\/www.slineamt.ro\/apostolul\/ultima-ora-la-roman\/cei-mai-tari-dintre-voluntari\/","title":{"rendered":"Cei mai tari dintre voluntari!"},"content":{"rendered":"<p><a href=\"http:\/\/www.slineamt.ro\/apostolul\/wp-content\/uploads\/2016\/01\/musatinii.jpg\"><img loading=\"lazy\" decoding=\"async\" class=\"size-full wp-image-4254 alignleft\" src=\"http:\/\/www.slineamt.ro\/apostolul\/wp-content\/uploads\/2016\/01\/musatinii.jpg\" alt=\"musatinii\" width=\"284\" height=\"213\" \/><\/a>O nou\u0103 nominalizare, \u00eenc\u0103 o recunoa\u015ftere major\u0103 la nivel jude\u0163ean, unde au fost desemna\u0163i drept cei mai tari dintre voluntari! A\u015fa \u00eencheie anul 2015 Asocia\u0163ia de voluntari \u201eMu\u015fatinii\u201d, din cadrul Colegiului Na\u0163ional \u201eRoman Vod\u0103\u201d, gra\u0163ie succesului din cadrul galei desf\u0103\u015furat\u0103 la \u00eenceputul lunii decembrie, la Piatra-Neam\u0163, \u00een cadrul c\u0103reia au fost recunoscu\u0163i ca cei mai activi voluntari nem\u0163eni.<\/p>\n<p>Ac\u0163iunea a avut loc la Mall Forum Center, pe tabloul organizatorilor figur\u00e2nd Ministerul Tineretului \u015fi Sportului, Direc\u0163ia Jude\u0163ean\u0103 pentru Sport \u015fi Tineret, Asocia\u0163ia de Sprijin Comunitar Piatra-Neam\u0163, Consiliul Local al Tinerilor Piatra-Neam\u0163 \u015fi Centrul de Volun\u00adtariat Neam\u0163, evenimentul reunind organiza\u0163iile care s-au f\u0103cut remarcate prin ac\u0163iunile lor de voluntariat \u00een anul 2015. La aceast\u0103 gal\u0103 Romanul a fost reprezentat de c\u0103tre Asocia\u0163ia \u201eMu\u015fatinii\u201d, cu o echip\u0103 coordonat\u0103 de c\u0103tre prof. Dr. Ovidiu Albert, de la Colegiul Na\u0163ional \u201eRoman Vod\u0103\u201d.<\/p>\n<p>\u201eEste vorba despre premiul acordat pentru Voluntarul anului acordat de Direc\u0163ia Jude\u0163ean\u0103 pentru Sport \u015fi Tineret Neam\u0163, \u00een pofida aparen\u0163elor fiind vorba despre un premiu colectiv \u015fi nu despre o distinc\u0163ie individual\u0103. M\u0103 bucur c\u0103 am fost prezen\u0163i \u00een aceast\u0103 gal\u0103, f\u0103c\u00e2nd cinste at\u00e2t asocia\u0163iei noastre, c\u00e2t \u015fi Romanului. Practic, aceast\u0103 recunoa\u015ftere vine ca o \u00eencununare a unei munci de ani de zile, a consecven\u0163ei \u015fi a d\u0103ruirii de care zi de zi ace\u015fti copii minuna\u0163i au dat dovad\u0103 \u00een toate ac\u0163iunile de voluntariat puse \u00een slujba comunit\u0103\u0163ii\u201d, a spus prof. Dr. Ovidiu Albert, pre\u015fedintele Asocia\u0163iei de voluntari \u201eMu\u015fatinii\u201d.<\/p>\n<p>Preciz\u0103m c\u0103 \u00een urm\u0103 cu doi ani, la o alt\u0103 gal\u0103 a volun\u00adtariatului, Asocia\u0163ia \u201eMu\u015fatinii\u201d a primit \u015fi premiul pentru Cel mai bun coordonator de voluntari, nominalizat\u0103 la acea vreme fiind Daria Pricope, dup\u0103 cum, \u00een 2011, mu\u015fatinii \u015fi-au adjudecat premiul \u00eent\u00e2i cu proiectul \u201eReporter de liceu\u201d.<\/p>\n<p>A.OPRI\u015e<\/p>\n","protected":false},"excerpt":{"rendered":"<p>O nou\u0103 nominalizare, \u00eenc\u0103 o recunoa\u015ftere major\u0103 la nivel jude\u0163ean, unde au fost desemna\u0163i drept cei mai tari dintre voluntari! A\u015fa \u00eencheie anul 2015 Asocia\u0163ia de voluntari \u201eMu\u015fatinii\u201d, din cadrul Colegiului Na\u0163ional \u201eRoman Vod\u0103\u201d, gra\u0163ie succesului din cadrul galei desf\u0103\u015furat\u0103&hellip;<\/p>\n<p class=\"more-link-p\"><a class=\"more-link\" href=\"https:\/\/www.slineamt.ro\/apostolul\/ultima-ora-la-roman\/cei-mai-tari-dintre-voluntari\/\">Read more &rarr;<\/a><\/p>\n","protected":false},"author":1,"featured_media":0,"comment_status":"open","ping_status":"open","sticky":false,"template":"","format":"standard","meta":{"footnotes":""},"categories":[8,63],"tags":[],"class_list":["post-4253","post","type-post","status-publish","format-standard","hentry","category-ultima-ora-la-roman","category-numarul-183"],"_links":{"self":[{"href":"https:\/\/www.slineamt.ro\/apostolul\/wp-json\/wp\/v2\/posts\/4253","targetHints":{"allow":["GET"]}}],"collection":[{"href":"https:\/\/www.slineamt.ro\/apostolul\/wp-json\/wp\/v2\/posts"}],"about":[{"href":"https:\/\/www.slineamt.ro\/apostolul\/wp-json\/wp\/v2\/types\/post"}],"author":[{"embeddable":true,"href":"https:\/\/www.slineamt.ro\/apostolul\/wp-json\/wp\/v2\/users\/1"}],"replies":[{"embeddable":true,"href":"https:\/\/www.slineamt.ro\/apostolul\/wp-json\/wp\/v2\/comments?post=4253"}],"version-history":[{"count":1,"href":"https:\/\/www.slineamt.ro\/apostolul\/wp-json\/wp\/v2\/posts\/4253\/revisions"}],"predecessor-version":[{"id":4255,"href":"https:\/\/www.slineamt.ro\/apostolul\/wp-json\/wp\/v2\/posts\/4253\/revisions\/4255"}],"wp:attachment":[{"href":"https:\/\/www.slineamt.ro\/apostolul\/wp-json\/wp\/v2\/media?parent=4253"}],"wp:term":[{"taxonomy":"category","embeddable":true,"href":"https:\/\/www.slineamt.ro\/apostolul\/wp-json\/wp\/v2\/categories?post=4253"},{"taxonomy":"post_tag","embeddable":true,"href":"https:\/\/www.slineamt.ro\/apostolul\/wp-json\/wp\/v2\/tags?post=4253"}],"curies":[{"name":"wp","href":"https:\/\/api.w.org\/{rel}","templated":true}]}}