{"id":4256,"date":"2016-01-02T08:22:53","date_gmt":"2016-01-02T08:22:53","guid":{"rendered":"http:\/\/www.slineamt.ro\/apostolul\/?p=4256"},"modified":"2016-01-02T08:22:53","modified_gmt":"2016-01-02T08:22:53","slug":"4256","status":"publish","type":"post","link":"https:\/\/www.slineamt.ro\/apostolul\/ultima-ora-la-roman\/4256\/","title":{"rendered":""},"content":{"rendered":"<p>+3 foto: luna performantei\u00a0 (2).jpg; luna performantei\u00a0 (3).jpg; luna performantei\u00a0 (4).jpg<\/p>\n<p>&nbsp;<\/p>\n<p>Decembrie, luna performan\u0163ei\u2026<\/p>\n<p>&nbsp;<\/p>\n<p><a href=\"http:\/\/www.slineamt.ro\/apostolul\/wp-content\/uploads\/2016\/01\/luna-performantei-2.jpg\"><img loading=\"lazy\" decoding=\"async\" class=\"size-medium wp-image-4257 alignleft\" src=\"http:\/\/www.slineamt.ro\/apostolul\/wp-content\/uploads\/2016\/01\/luna-performantei-2-300x225.jpg\" alt=\"luna performantei  (2)\" width=\"300\" height=\"225\" srcset=\"https:\/\/www.slineamt.ro\/apostolul\/wp-content\/uploads\/2016\/01\/luna-performantei-2-300x225.jpg 300w, https:\/\/www.slineamt.ro\/apostolul\/wp-content\/uploads\/2016\/01\/luna-performantei-2.jpg 307w\" sizes=\"auto, (max-width: 300px) 100vw, 300px\" \/><\/a><a href=\"http:\/\/www.slineamt.ro\/apostolul\/wp-content\/uploads\/2016\/01\/luna-performantei-3.jpg\"><img loading=\"lazy\" decoding=\"async\" class=\"size-medium wp-image-4258 alignright\" src=\"http:\/\/www.slineamt.ro\/apostolul\/wp-content\/uploads\/2016\/01\/luna-performantei-3-300x225.jpg\" alt=\"luna performantei  (3)\" width=\"300\" height=\"225\" srcset=\"https:\/\/www.slineamt.ro\/apostolul\/wp-content\/uploads\/2016\/01\/luna-performantei-3-300x225.jpg 300w, https:\/\/www.slineamt.ro\/apostolul\/wp-content\/uploads\/2016\/01\/luna-performantei-3.jpg 320w\" sizes=\"auto, (max-width: 300px) 100vw, 300px\" \/><\/a>Luna decembrie a fost plin\u0103 de evenimente \u015fi \u00een \u015fcolile roma\u015fcane care practic\u0103 sportul de performan\u0163\u0103. De departe, cei mai vizibili au fost membrii Clubului de arte mar\u0163iale \u201eBao\u201d Roman, coordonat de maestrul Mihai Cristea, care \u00een dou\u0103 competi\u0163ii au adunat 16 medalii de aur, 8 de argint \u015fi 6 de bronz. Cele mai multe au fost ob\u0163inute la Boto\u015fani unde \u00een perioada 5 \u2013 6 decembrie a avut loc \u00eentrecerea de Qwan Qi Do \u201eCupa Interna\u0163ional\u0103 Boto\u015fani\u201d, edi\u0163ia a II-a, la startul c\u0103reia s-au aliniat circa 600 de sportivi din Rom\u00e2nia, Republica Moldova \u015fi Anglia. Rezultate remarcabile au ob\u0163inut sportivii de la \u201eBao\u201d \u015fi \u00een cadrul etapei cont\u00e2nd pentru Campionatul na\u0163ional de Qwan Qi Do \u2013 Co Vo Dao (arme tradi\u0163ionale) g\u0103zduit\u0103 chiar de Sala sporturilor din municipiul Roman.<\/p>\n<p>S-a remarcat \u00een ambele concursuri Mihai Alexandru Bandur, care a ob\u0163inut 3 medalii de aur \u015fi una de bronz.<\/p>\n<p>\u201eSunt foarte m\u00e2ndru c\u0103 am reu\u015fit s\u0103 urc pe podium \u015fi astfel s\u0103 punctez pentru clubul nostru la acest final de sezon \u015fi de an, \u00een care \u201eBao\u201d Roman a s\u0103rb\u0103torit 25 de ani de la \u00eenfiin\u0163are. Pentru 2016 \u00eemi doresc s\u0103 fiu s\u0103n\u0103tos, s\u0103 nu m\u0103 accidentez, s\u0103 m\u0103 antrenez ca \u015fi p\u00e2n\u0103 acum ca s\u0103 pot c\u0103lca pe urmele celor care au scris istorie \u00een Qwan Qi Do la Roman, unde avem mul\u0163i campioni \u015fi vicecampioni europeni \u015fi mondiali\u201d, a spus elevul maestrului Mihai Cristea care, la 17 ani, este deja o figur\u0103 emblematic\u0103 a sportului roma\u015fcan.<\/p>\n<p>Tot la Roman, luna decembrie a marcat un adev\u0103rat festin atletic, concursul regional Memorialul \u201eConstantinescu Nehoi\u201d, adun\u00e2nd la startul edi\u0163iei 2015 un num\u0103r record de participan\u0163i.<\/p>\n<p><a href=\"http:\/\/www.slineamt.ro\/apostolul\/wp-content\/uploads\/2016\/01\/luna-performantei-4.jpg\"><img loading=\"lazy\" decoding=\"async\" class=\"size-medium wp-image-4259 alignleft\" src=\"http:\/\/www.slineamt.ro\/apostolul\/wp-content\/uploads\/2016\/01\/luna-performantei-4-300x225.jpg\" alt=\"luna performantei  (4)\" width=\"300\" height=\"225\" srcset=\"https:\/\/www.slineamt.ro\/apostolul\/wp-content\/uploads\/2016\/01\/luna-performantei-4-300x225.jpg 300w, https:\/\/www.slineamt.ro\/apostolul\/wp-content\/uploads\/2016\/01\/luna-performantei-4.jpg 320w\" sizes=\"auto, (max-width: 300px) 100vw, 300px\" \/><\/a>\u201eAnul acesta s-au \u00eenscris \u00een concurs circa 300 de tineri sportivi reprezent\u00e2nd cluburi puternice din mai multe ora\u015fe ale Moldovei recunoscute prin consecven\u0163a performan\u0163elor realizate \u00een timp. Practic, printre oaspe\u0163ii no\u015ftri s-au aflat campionii de m\u00e2ine, viitorul atletismului rom\u00e2nesc \u015fi m\u0103 bucur mult pentru c\u0103 am reu\u015fit s\u0103 aducem competi\u0163ia la un asemenea nivel, fiecare edi\u0163ie fiind un omagiu binemeritat celui care a fost profesor Constantinescu Nehoi, unul dintre cei mai mari tehnicieni ai Rom\u00e2niei, care \u015fi-a d\u0103ruit \u00eentreaga via\u0163\u0103 atletismului\u201d, a declarant prof. Traian Macovei, pre\u015fedintele Clubului Atletic Roman, organizatorul competi\u0163iei.<\/p>\n<p>Tot \u00een acest registru se poate \u00eenscrie \u015fi cea de a III-a edi\u0163ie a Cupei \u201eMariko Ynn\u201d la flot\u0103ri, animat\u0103 de roma\u015fcanul Dan St\u0103nescu, cel care \u00een luna august 2015 a intrat \u00een \u201eCartea recordurilor\u201d ca urmare a stabilirii, la Bucure\u015fti, a recordului mondial de flot\u0103ri anduran\u0163\u0103.<\/p>\n<p>Invitatul de onoare din acest an al cupei a fost Radu Valahu, cunoscutul campion de scandenberg&amp; power lifting, apreciat \u015fi aplaudat de c\u0103tre to\u0163i cei prezen\u0163i cu acest prilej \u00een sala SPA a Hotelului \u201eMariko Ynn\u201d din Roman, principalul sus\u0163in\u0103tor al concursului.<\/p>\n<p>A. OPRI\u015e<\/p>\n","protected":false},"excerpt":{"rendered":"<p>+3 foto: luna performantei\u00a0 (2).jpg; luna performantei\u00a0 (3).jpg; luna performantei\u00a0 (4).jpg &nbsp; Decembrie, luna performan\u0163ei\u2026 &nbsp; Luna decembrie a fost plin\u0103 de evenimente \u015fi \u00een \u015fcolile roma\u015fcane care practic\u0103 sportul de performan\u0163\u0103. De departe, cei mai vizibili au fost membrii&hellip;<\/p>\n<p class=\"more-link-p\"><a class=\"more-link\" href=\"https:\/\/www.slineamt.ro\/apostolul\/ultima-ora-la-roman\/4256\/\">Read more &rarr;<\/a><\/p>\n","protected":false},"author":1,"featured_media":0,"comment_status":"open","ping_status":"open","sticky":false,"template":"","format":"standard","meta":{"footnotes":""},"categories":[8,63],"tags":[],"class_list":["post-4256","post","type-post","status-publish","format-standard","hentry","category-ultima-ora-la-roman","category-numarul-183"],"_links":{"self":[{"href":"https:\/\/www.slineamt.ro\/apostolul\/wp-json\/wp\/v2\/posts\/4256","targetHints":{"allow":["GET"]}}],"collection":[{"href":"https:\/\/www.slineamt.ro\/apostolul\/wp-json\/wp\/v2\/posts"}],"about":[{"href":"https:\/\/www.slineamt.ro\/apostolul\/wp-json\/wp\/v2\/types\/post"}],"author":[{"embeddable":true,"href":"https:\/\/www.slineamt.ro\/apostolul\/wp-json\/wp\/v2\/users\/1"}],"replies":[{"embeddable":true,"href":"https:\/\/www.slineamt.ro\/apostolul\/wp-json\/wp\/v2\/comments?post=4256"}],"version-history":[{"count":2,"href":"https:\/\/www.slineamt.ro\/apostolul\/wp-json\/wp\/v2\/posts\/4256\/revisions"}],"predecessor-version":[{"id":4261,"href":"https:\/\/www.slineamt.ro\/apostolul\/wp-json\/wp\/v2\/posts\/4256\/revisions\/4261"}],"wp:attachment":[{"href":"https:\/\/www.slineamt.ro\/apostolul\/wp-json\/wp\/v2\/media?parent=4256"}],"wp:term":[{"taxonomy":"category","embeddable":true,"href":"https:\/\/www.slineamt.ro\/apostolul\/wp-json\/wp\/v2\/categories?post=4256"},{"taxonomy":"post_tag","embeddable":true,"href":"https:\/\/www.slineamt.ro\/apostolul\/wp-json\/wp\/v2\/tags?post=4256"}],"curies":[{"name":"wp","href":"https:\/\/api.w.org\/{rel}","templated":true}]}}