{"id":4262,"date":"2016-01-02T08:24:52","date_gmt":"2016-01-02T08:24:52","guid":{"rendered":"http:\/\/www.slineamt.ro\/apostolul\/?p=4262"},"modified":"2016-01-02T08:24:52","modified_gmt":"2016-01-02T08:24:52","slug":"mestesugurile-pe-maini-bune","status":"publish","type":"post","link":"https:\/\/www.slineamt.ro\/apostolul\/ultima-ora-la-roman\/mestesugurile-pe-maini-bune\/","title":{"rendered":"Me\u015fte\u015fugurile, pe m\u00e2ini bune!"},"content":{"rendered":"<p><a href=\"http:\/\/www.slineamt.ro\/apostolul\/wp-content\/uploads\/2016\/01\/micii-mestesugari-1.jpg\"><img loading=\"lazy\" decoding=\"async\" class=\"size-medium wp-image-4263 alignleft\" src=\"http:\/\/www.slineamt.ro\/apostolul\/wp-content\/uploads\/2016\/01\/micii-mestesugari-1-300x199.jpg\" alt=\"micii mestesugari 1\" width=\"300\" height=\"199\" srcset=\"https:\/\/www.slineamt.ro\/apostolul\/wp-content\/uploads\/2016\/01\/micii-mestesugari-1-300x199.jpg 300w, https:\/\/www.slineamt.ro\/apostolul\/wp-content\/uploads\/2016\/01\/micii-mestesugari-1.jpg 340w\" sizes=\"auto, (max-width: 300px) 100vw, 300px\" \/><\/a>* Numeroasele ini\u0163iative care au avut loc \u00een ultimii ani \u00een \u015fcolile roma\u015fcane \u00een vederea revigor\u0103rii tradi\u0163iilor populare \u00een r\u00e2ndul tinerilor \u00ee\u015fi arat\u0103 \u00eencet \u015fi minunat roadele. Un argument de dat\u0103 recent\u0103 \u00een acest sens const\u0103 \u00een succesul \u00eenregistrat \u00een luna decembrie de c\u0103tre un grup de volun\u00adtari, membri ai Asocia\u0163iei \u201eMu\u015fatinii\u201d Roman, pasiona\u0163i de crea\u0163ia popular\u0103. Ace\u015ftia au expus produse de artizanat la un T\u00e2rg al Solidarit\u0103\u0163ii Sociale, organizat recent la Piatra Neam\u0163, unde s-au bucurat de o apreciere deosebit\u0103, cu aceast\u0103 ocazie reu\u015find s\u0103 v\u00e2nd\u0103 din produsele prezentate, vizitatorii t\u00e2rgului fiind surprin\u015fi de priceperea \u201emu\u015fatinilor\u201d roma\u015fcani. \u201e\u00cen asocia\u0163ia noastr\u0103 tinerii \u015ftiu c\u0103 pot beneficia de un mediu sigur unde se pot dezvolta, se pot \u00eent\u00e2lni pentru a dezvolta idei \u015fi proiecte, pe care singuri le gestioneaz\u0103, interven\u0163ia mea nefiind necesar\u0103 dec\u00e2t, eventual, \u00een situa\u0163iile \u00een care exuberan\u0163a lor \u00eentrece limita posibilit\u0103\u0163ilor reale de a ac\u0163iona \u00eentr-o anumit\u0103 situa\u0163ie. O astfel de ini\u0163iativ\u0103 este \u015fi cea legat\u0103 de tradi\u0163iile populare, mai precis cea referitoare la valorificarea abilit\u0103\u0163ilor de me\u015fteri populari ale unora dintre cei care activeaz\u0103 ca voluntari \u00een cadrul asocia\u0163iei noastre\u201d, a m\u0103rturisit Prof. Dr. Ovidiu Albert, Pre\u015fedintele Asocia\u0163iei de voluntari \u201eMu\u015fatinii\u201d din cadrul Colegiului Na\u0163ional \u201eRoman Vod\u0103\u201d.<\/p>\n<p>* Un alt succes al elevilor pasiona\u0163i de promovarea tradi\u0163iilor a avut drept protagoni\u015fti pe micii me\u015fte\u015fugari de la \u015ecoala gimnazial\u0103 \u201eCarmen Sylva\u201d din comuna Horia care au reprezentat institu\u0163ia la un T\u00e2rg al me\u015fte\u015fugarilor organizat \u00een luna decembrie, chiar \u00een ajun de Mo\u015f Nicolae, la Piatra Neam\u0163, \u00een parteneriat cu Centrul pentru Cultur\u0103 \u015fi Arte \u201eCarmen Saeculare\u201d.<\/p>\n<p>Cu acest prilej copiii din Horia au prezentat crea\u0163ii reprezent\u00e2nd \u00eengera\u015fi, co\u015furi cu flori, prin\u0163ese, precum \u015fi un impun\u0103tor Mo\u015f Nicolae, toate acestea fiind confec\u0163ionate din p\u0103nu\u015fi de porumb. Succesul a fost pe m\u0103sura m\u0103iestriei copiilor care lucreaz\u0103 astfel de podoabe artizanale \u00een cadrul atelierului \u00eenfiin\u0163at la \u015fcoal\u0103 \u00een urm\u0103 cu trei ani, sub coordonarea Prof. \u00eenv. pre\u015fcolar Carmen Mititelu. Tot aici, au fost realizate \u015fi altfel de crea\u0163ii adecvate unor zile speciale din calendar, cum ar fi m\u0103r\u0163i\u015foarele ecologice, de 1 Martie, pe viitor conducerea institu\u0163iei av\u00e2nd \u00een plan s\u0103 deschid\u0103 un mic atelier-expozi\u0163ie cu lucr\u0103rile realizate de elevii \u015fcolii.<\/p>\n<p>* Tot \u00een contextul amplorii pe care au luat-o activit\u0103\u0163ile legate de tradi\u0163iile aproape uitate, la \u015ecoala Gimnazial\u0103 din comuna G\u00e2din\u0163i se va desf\u0103\u015fura proiectul educa\u0163ional \u201eM\u00e2ini dibace de rom\u00e2ni\u201d, aflat la edi\u0163ia a III-a. Practic, este vorba despre un concurs de art\u0103 \u015fi crea\u0163ie me\u015fte\u015fug\u0103reasc\u0103 programat s\u0103 se deruleze \u00een perioada decembrie 2015 \u2013 martie 2016 \u00een cadrul c\u0103ruia vor fi implica\u0163i 150 de pre\u015fcolari \u015fi elevi \u015fi 15 cadre didactice de la \u015ecoala G\u00e2din\u0163i, precum \u015fi 260 de pre\u015fcolari \u015fi elevi \u015fi 26 de cadre didactice de la o serie de \u015fcoli partenere. Activit\u0103\u0163ile tradi\u0163ionale vizate se refer\u0103 la \u00eempletit, \u0163esut, cusut, cro\u015fetat, brodat, confec\u0163ionat podoabe, confec\u0163ionat m\u0103\u015fti, pictat icoane pe lemn, sticl\u0103 sau piatr\u0103, \u00eencondeiat ou\u0103 sau \u00eempletit fibre vegetale, concursul adres\u00e2ndu-se copiilor cu v\u00e2rste cuprinse \u00eentre patru \u015fi 14 ani.<\/p>\n<p>\u00cen urma activit\u0103\u0163ilor derulate prin proiect copiii vor dob\u00e2ndi statutul de creatori de art\u0103 popular\u0103 \u015fi cunosc\u0103tori ai secretelor me\u015fte\u015fugului tradi\u0163ional din satul sau zona de origine, la finalul concursului urm\u00e2nd s\u0103 fie acordate premii pentru cele mai reu\u015fite presta\u0163ii, pe categorii de v\u00e2rst\u0103 \u015fi sec\u0163iuni.<\/p>\n<p>A.OPRI\u015e<\/p>\n","protected":false},"excerpt":{"rendered":"<p>* Numeroasele ini\u0163iative care au avut loc \u00een ultimii ani \u00een \u015fcolile roma\u015fcane \u00een vederea revigor\u0103rii tradi\u0163iilor populare \u00een r\u00e2ndul tinerilor \u00ee\u015fi arat\u0103 \u00eencet \u015fi minunat roadele. Un argument de dat\u0103 recent\u0103 \u00een acest sens const\u0103 \u00een succesul \u00eenregistrat \u00een&hellip;<\/p>\n<p class=\"more-link-p\"><a class=\"more-link\" href=\"https:\/\/www.slineamt.ro\/apostolul\/ultima-ora-la-roman\/mestesugurile-pe-maini-bune\/\">Read more &rarr;<\/a><\/p>\n","protected":false},"author":1,"featured_media":0,"comment_status":"open","ping_status":"open","sticky":false,"template":"","format":"standard","meta":{"footnotes":""},"categories":[8,63],"tags":[],"class_list":["post-4262","post","type-post","status-publish","format-standard","hentry","category-ultima-ora-la-roman","category-numarul-183"],"_links":{"self":[{"href":"https:\/\/www.slineamt.ro\/apostolul\/wp-json\/wp\/v2\/posts\/4262","targetHints":{"allow":["GET"]}}],"collection":[{"href":"https:\/\/www.slineamt.ro\/apostolul\/wp-json\/wp\/v2\/posts"}],"about":[{"href":"https:\/\/www.slineamt.ro\/apostolul\/wp-json\/wp\/v2\/types\/post"}],"author":[{"embeddable":true,"href":"https:\/\/www.slineamt.ro\/apostolul\/wp-json\/wp\/v2\/users\/1"}],"replies":[{"embeddable":true,"href":"https:\/\/www.slineamt.ro\/apostolul\/wp-json\/wp\/v2\/comments?post=4262"}],"version-history":[{"count":1,"href":"https:\/\/www.slineamt.ro\/apostolul\/wp-json\/wp\/v2\/posts\/4262\/revisions"}],"predecessor-version":[{"id":4264,"href":"https:\/\/www.slineamt.ro\/apostolul\/wp-json\/wp\/v2\/posts\/4262\/revisions\/4264"}],"wp:attachment":[{"href":"https:\/\/www.slineamt.ro\/apostolul\/wp-json\/wp\/v2\/media?parent=4262"}],"wp:term":[{"taxonomy":"category","embeddable":true,"href":"https:\/\/www.slineamt.ro\/apostolul\/wp-json\/wp\/v2\/categories?post=4262"},{"taxonomy":"post_tag","embeddable":true,"href":"https:\/\/www.slineamt.ro\/apostolul\/wp-json\/wp\/v2\/tags?post=4262"}],"curies":[{"name":"wp","href":"https:\/\/api.w.org\/{rel}","templated":true}]}}