{"id":4265,"date":"2016-01-02T08:26:56","date_gmt":"2016-01-02T08:26:56","guid":{"rendered":"http:\/\/www.slineamt.ro\/apostolul\/?p=4265"},"modified":"2016-01-02T08:27:21","modified_gmt":"2016-01-02T08:27:21","slug":"4265","status":"publish","type":"post","link":"https:\/\/www.slineamt.ro\/apostolul\/ultima-ora-la-roman\/4265\/","title":{"rendered":"Omagiu domnului profesor\u2026"},"content":{"rendered":"<p><a href=\"http:\/\/www.slineamt.ro\/apostolul\/wp-content\/uploads\/2016\/01\/omagiu.jpg\"><img loading=\"lazy\" decoding=\"async\" class=\"size-full wp-image-4266 alignleft\" src=\"http:\/\/www.slineamt.ro\/apostolul\/wp-content\/uploads\/2016\/01\/omagiu.jpg\" alt=\"omagiu\" width=\"284\" height=\"213\" \/><\/a><a href=\"http:\/\/www.slineamt.ro\/apostolul\/wp-content\/uploads\/2016\/01\/omagiu-2.jpg\"><img loading=\"lazy\" decoding=\"async\" class=\"size-full wp-image-4268 alignright\" src=\"http:\/\/www.slineamt.ro\/apostolul\/wp-content\/uploads\/2016\/01\/omagiu-2.jpg\" alt=\"omagiu 2\" width=\"213\" height=\"284\" \/><\/a>Complexul Muzeal Neam\u0163, Muzeul de Istorie Roman \u015fi Muzeul Br\u0103ilei \u201eCarol I\u201d au organizat joi, 10 decembrie, la Muzeul de Istorie din Roman, o manifestare de \u00eenalt\u0103 \u0163inut\u0103 intelectual\u0103, \u00een cadrul c\u0103reia a fost omagiat Prof. Dr. Vasile Ursachi, fondator \u015fi director al muzeului roma\u015fcan timp de aproape o jum\u0103tate de veac. Cu acest prilej a fost lansat volumul omagial intitulat Miscellanea Historica Et Archaeologica In Honorem Vasile Ursachi Octogenarii, un dar binemeritat care a v\u0103zut lumina tiparului la Editura Istros, din Br\u0103ila \u015fi poart\u0103 semn\u0103turile lui Costin Croitoru, \u015fi Cercet. Dr. George Dan H\u00e2nceanu, unul dintre ucenicii maestrului omagiat.<\/p>\n<p>Evenimentul a adunat oficialit\u0103\u0163i locale, intelectuali de marc\u0103 din Roman \u015fi Piatra Neam\u0163, oaspe\u0163i titra\u0163i din Bac\u0103u \u015fi Br\u0103ila, \u00eentre care \u015fi Prof. Univ. Dr. Ionel C\u00e2ndea, directorul muzeului br\u0103ilean \u201eCarol I\u201d.<\/p>\n<p>Prof. Dr. Vasile Ursachi a venit la Roman \u00een anul 1957, a preluat muzeul roma\u015fcan cu c\u00e2teva piese, l\u0103s\u00e2ndu-l ucenicilor s\u0103i cu o zestre de peste 250.000 de piese \u015fi cu o recunoa\u015ftere la nivel na\u0163ional.<\/p>\n<p>A p\u0103storit institu\u0163ia 47 de ani \u015fi patru luni, timp \u00een care a fost un cercet\u0103tor neobosit (peste 25 de \u015fantiere), cu descoperiri arheologice fundamentale ca marea a\u015fezare a dacilor liberi de la V\u0103leni, sau situl de la Bradu.<\/p>\n<p>A semnat numeroase lucr\u0103ri de specialitate, iar pentru activitatea Domniei sale a primit \u00een anul 2004 Ordinul Meritul Cultural \u00een Grad de Comandor, cea mai important\u0103 distinc\u0163ie acordat\u0103 p\u00e2n\u0103 acum de Pre\u015fedintele Rom\u00e2niei unei personalit\u0103\u0163i culturale din Moldova. Ca un element de statistic\u0103, distinsul muzeograf \u015fi arheolog a fost primul profesor din jude\u0163ul Neam\u0163 care a ob\u0163inut titlul de Doctor \u00een Istorie, fiind unul dintre cei doi premian\u0163i ai Academiei Rom\u00e2ne din istoria urbei mu\u015fatine, al\u0103turi de regretatul profesor Mircea Gligor de la C.N. \u201eRoman Vod\u0103\u201d.<\/p>\n<p>Cet\u0103\u0163ean de Onoare al municipiului Roman, Prof. Dr. Vasile Ursachi a fost omagiat \u015fi \u00een 2014, tot \u00een preajma zilei de na\u015ftere, \u00een cadrul unei ceremonii organizat\u0103 de Prim\u0103ria Roman, de data aceasta \u00eempreun\u0103 cu Dna. Prof. Minodora Ursachi, so\u0163ia maestrului, omul care i-a fost al\u0103turi pe tot parcursul carierei, la r\u00e2ndul ei unul din intelectualii de marc\u0103 ai urbei care s-a remarcat decenii la r\u00e2nd \u00een calitate de muzeograf \u015fef la Muzeul de Art\u0103 Roman&#8230;<\/p>\n<p>A. OPRI\u015e<\/p>\n","protected":false},"excerpt":{"rendered":"<p>Complexul Muzeal Neam\u0163, Muzeul de Istorie Roman \u015fi Muzeul Br\u0103ilei \u201eCarol I\u201d au organizat joi, 10 decembrie, la Muzeul de Istorie din Roman, o manifestare de \u00eenalt\u0103 \u0163inut\u0103 intelectual\u0103, \u00een cadrul c\u0103reia a fost omagiat Prof. Dr. Vasile Ursachi, fondator&hellip;<\/p>\n<p class=\"more-link-p\"><a class=\"more-link\" href=\"https:\/\/www.slineamt.ro\/apostolul\/ultima-ora-la-roman\/4265\/\">Read more &rarr;<\/a><\/p>\n","protected":false},"author":1,"featured_media":0,"comment_status":"open","ping_status":"open","sticky":false,"template":"","format":"standard","meta":{"footnotes":""},"categories":[8,63],"tags":[],"class_list":["post-4265","post","type-post","status-publish","format-standard","hentry","category-ultima-ora-la-roman","category-numarul-183"],"_links":{"self":[{"href":"https:\/\/www.slineamt.ro\/apostolul\/wp-json\/wp\/v2\/posts\/4265","targetHints":{"allow":["GET"]}}],"collection":[{"href":"https:\/\/www.slineamt.ro\/apostolul\/wp-json\/wp\/v2\/posts"}],"about":[{"href":"https:\/\/www.slineamt.ro\/apostolul\/wp-json\/wp\/v2\/types\/post"}],"author":[{"embeddable":true,"href":"https:\/\/www.slineamt.ro\/apostolul\/wp-json\/wp\/v2\/users\/1"}],"replies":[{"embeddable":true,"href":"https:\/\/www.slineamt.ro\/apostolul\/wp-json\/wp\/v2\/comments?post=4265"}],"version-history":[{"count":3,"href":"https:\/\/www.slineamt.ro\/apostolul\/wp-json\/wp\/v2\/posts\/4265\/revisions"}],"predecessor-version":[{"id":4271,"href":"https:\/\/www.slineamt.ro\/apostolul\/wp-json\/wp\/v2\/posts\/4265\/revisions\/4271"}],"wp:attachment":[{"href":"https:\/\/www.slineamt.ro\/apostolul\/wp-json\/wp\/v2\/media?parent=4265"}],"wp:term":[{"taxonomy":"category","embeddable":true,"href":"https:\/\/www.slineamt.ro\/apostolul\/wp-json\/wp\/v2\/categories?post=4265"},{"taxonomy":"post_tag","embeddable":true,"href":"https:\/\/www.slineamt.ro\/apostolul\/wp-json\/wp\/v2\/tags?post=4265"}],"curies":[{"name":"wp","href":"https:\/\/api.w.org\/{rel}","templated":true}]}}