{"id":4286,"date":"2016-01-02T08:35:22","date_gmt":"2016-01-02T08:35:22","guid":{"rendered":"http:\/\/www.slineamt.ro\/apostolul\/?p=4286"},"modified":"2016-01-02T08:35:22","modified_gmt":"2016-01-02T08:35:22","slug":"timpul-care-pleaca-timpul-care-vine","status":"publish","type":"post","link":"https:\/\/www.slineamt.ro\/apostolul\/viata-sindicala-imperative\/timpul-care-pleaca-timpul-care-vine\/","title":{"rendered":"Timpul care pleac\u0103, timpul care vine&#8230;"},"content":{"rendered":"<p>Anul 2015 va trece \u00een cur\u00e2nd \u00een amintire. A fost un an cu de toate: negocieri \u00eendelungate pentru ceva cre\u015fteri salariale, concurs cu rezultate slabe pentru ocuparea func\u0163iilor din inspectoratele \u015fcolare jude\u0163ene \u015fi casele corpului didactic, \u00eencerc\u0103ri timide pentru debirocratizarea \u00eenv\u0103\u0163\u0103m\u00e2ntului, parlament\u0103ri sterile despre un viitor al \u00eenv\u0103\u0163\u0103m\u00e2ntului rom\u00e2nesc, neconcretizate dec\u00e2t prin c\u00e2teva ac\u0163iuni firave \u015fi insuficiente pentru a \u00eencepe o dezvoltare realist\u0103 \u015fi durabil\u0103 a sistemului educa\u0163ional.<\/p>\n<p>Au continuat demersurile \u00een justi\u0163ie pentru recunoa\u015fterea unor drepturi ale celor care lucreaz\u0103 \u00een \u00eenv\u0103\u0163\u0103m\u00e2nt \u015fi \u00eencepem s\u0103 ne obi\u015fnuim cu ideea c\u0103 \u00een Rom\u00e2nia multe drepturi legale trebuie ob\u0163inute prin hot\u0103r\u00e2ri judec\u0103tore\u015fti.<\/p>\n<p>Dar, ca \u015fi \u00een al\u0163i ani, cea mai vizibil\u0103 a fost har\u0163a politic\u0103 \u015fi promovarea, cu orice pre\u0163, a unor privilegii pentru clasa politic\u0103, contestat\u0103 vehement \u00een strad\u0103. S-a schimbat guvernul, dar n\u0103ravurile politice au r\u0103mas acelea\u015fi \u015fi degringolada continu\u0103.<\/p>\n<p>Vom avea \u00een cur\u00e2nd un nou \u00eenceput. Un alt an va veni. Va fi mai bun? Este greu de spus. Mai ales c\u0103 noul an semne bune nu are. \u015ei este suficient s\u0103 te ui\u0163i \u00een bugetul pentru anul 2016, pentru a-\u0163i da seama c\u0103 \u00eenv\u0103\u0163\u0103m\u00e2ntul a r\u0103mas \u201eprioritate na\u0163ional\u0103\u201d.<\/p>\n<p>Dar, trebuie s\u0103 r\u0103m\u00e2nem optimi\u015fti \u015fi s\u0103 sper\u0103m c\u0103 soarele va ajunge \u015fi \u00een sistemul de \u00eenv\u0103\u0163\u0103m\u00e2nt, de\u015fi nu avem prea multe posibilit\u0103\u0163i s\u0103 gr\u0103bim acest lucru.<\/p>\n<p>Deci, s\u0103 sper\u0103m pentru a rezista p\u00e2n\u0103 va veni timpul nostru, a celor care lucr\u0103m \u00een \u00eenv\u0103\u0163\u0103m\u00e2nt \u015fi odat\u0103 cu el \u015fi o meritat\u0103 binecuv\u00e2ntare pentru \u00eentreaga na\u0163iune rom\u00e2n\u0103.<\/p>\n<p>\u00cen ajun de schimbarea timpului s\u0103 ne dorim s\u0103 fim s\u0103n\u0103to\u015fi, s\u0103 \u00eei avem pe cei dragi l\u00e2ng\u0103 noi \u015fi s\u0103 ne bucur\u0103m \u00een lini\u015fte de or\u00e2nduiala s\u0103rb\u0103torilor de iarn\u0103.<\/p>\n<p>La mul\u0163i ani!<\/p>\n<p>&nbsp;<\/p>\n<p>Biroul operativ al Sindicatului din \u00cenv\u0103\u0163\u0103m\u00e2nt Neam\u0163<\/p>\n<p>Pre\u015fedinte, prof. Gabriel PLOSC\u0102<\/p>\n","protected":false},"excerpt":{"rendered":"<p>Anul 2015 va trece \u00een cur\u00e2nd \u00een amintire. A fost un an cu de toate: negocieri \u00eendelungate pentru ceva cre\u015fteri salariale, concurs cu rezultate slabe pentru ocuparea func\u0163iilor din inspectoratele \u015fcolare jude\u0163ene \u015fi casele corpului didactic, \u00eencerc\u0103ri timide pentru debirocratizarea&hellip;<\/p>\n<p class=\"more-link-p\"><a class=\"more-link\" href=\"https:\/\/www.slineamt.ro\/apostolul\/viata-sindicala-imperative\/timpul-care-pleaca-timpul-care-vine\/\">Read more &rarr;<\/a><\/p>\n","protected":false},"author":1,"featured_media":0,"comment_status":"open","ping_status":"open","sticky":false,"template":"","format":"standard","meta":{"footnotes":""},"categories":[11,63],"tags":[],"class_list":["post-4286","post","type-post","status-publish","format-standard","hentry","category-viata-sindicala-imperative","category-numarul-183"],"_links":{"self":[{"href":"https:\/\/www.slineamt.ro\/apostolul\/wp-json\/wp\/v2\/posts\/4286","targetHints":{"allow":["GET"]}}],"collection":[{"href":"https:\/\/www.slineamt.ro\/apostolul\/wp-json\/wp\/v2\/posts"}],"about":[{"href":"https:\/\/www.slineamt.ro\/apostolul\/wp-json\/wp\/v2\/types\/post"}],"author":[{"embeddable":true,"href":"https:\/\/www.slineamt.ro\/apostolul\/wp-json\/wp\/v2\/users\/1"}],"replies":[{"embeddable":true,"href":"https:\/\/www.slineamt.ro\/apostolul\/wp-json\/wp\/v2\/comments?post=4286"}],"version-history":[{"count":1,"href":"https:\/\/www.slineamt.ro\/apostolul\/wp-json\/wp\/v2\/posts\/4286\/revisions"}],"predecessor-version":[{"id":4287,"href":"https:\/\/www.slineamt.ro\/apostolul\/wp-json\/wp\/v2\/posts\/4286\/revisions\/4287"}],"wp:attachment":[{"href":"https:\/\/www.slineamt.ro\/apostolul\/wp-json\/wp\/v2\/media?parent=4286"}],"wp:term":[{"taxonomy":"category","embeddable":true,"href":"https:\/\/www.slineamt.ro\/apostolul\/wp-json\/wp\/v2\/categories?post=4286"},{"taxonomy":"post_tag","embeddable":true,"href":"https:\/\/www.slineamt.ro\/apostolul\/wp-json\/wp\/v2\/tags?post=4286"}],"curies":[{"name":"wp","href":"https:\/\/api.w.org\/{rel}","templated":true}]}}