{"id":4333,"date":"2016-02-14T13:56:08","date_gmt":"2016-02-14T13:56:08","guid":{"rendered":"http:\/\/www.slineamt.ro\/apostolul\/?p=4333"},"modified":"2016-02-14T13:56:08","modified_gmt":"2016-02-14T13:56:08","slug":"note-de-lector-virgil-razesu-vieti-paralele","status":"publish","type":"post","link":"https:\/\/www.slineamt.ro\/apostolul\/arte-si-meseriii\/note-de-lector-virgil-razesu-vieti-paralele\/","title":{"rendered":"Note de lector:    VIRGIL R\u0102ZE\u015eU: VIE\u0162I PARALELE"},"content":{"rendered":"<p>&nbsp;<\/p>\n<p><a href=\"http:\/\/www.slineamt.ro\/apostolul\/wp-content\/uploads\/2016\/02\/Razesu-pag-6.jpg\" rel=\"attachment wp-att-4334\"><img loading=\"lazy\" decoding=\"async\" class=\"size-medium wp-image-4334 alignleft\" src=\"http:\/\/www.slineamt.ro\/apostolul\/wp-content\/uploads\/2016\/02\/Razesu-pag-6-180x300.jpg\" alt=\"Razesu - pag 6\" width=\"180\" height=\"300\" srcset=\"https:\/\/www.slineamt.ro\/apostolul\/wp-content\/uploads\/2016\/02\/Razesu-pag-6-180x300.jpg 180w, https:\/\/www.slineamt.ro\/apostolul\/wp-content\/uploads\/2016\/02\/Razesu-pag-6.jpg 255w\" sizes=\"auto, (max-width: 180px) 100vw, 180px\" \/><\/a>\u00cen cei peste \u015faizeci de ani, de c\u00e2nd Virgil R\u0103ze\u015fu s-a stabilit la Piatra-Neam\u0163, numele s\u0103u a devenit cu fiecare an, tot mai cunoscut, la \u00eenceput, \u00een lumea medical\u0103 (ca medic specialist, \u015fef de sec\u0163ie chirurgie, ca ini\u0163iator \u015fi organizator al Reuniunilor Chirurgilor din Moldova), apoi de c\u0103tre locuitorii capitalei jude\u0163ului \u015fi nu numai.<\/p>\n<p>Virgil R\u0103ze\u015fu n\u0103scut la Br\u0103ila, (07.02.1932) a beneficiat de o instruc\u0163ie \u015fi o educa\u0163ie deosebite (a fost elev al prestigiosului liceu \u201eVasile Alecsandri\u201d din Gala\u0163i, \u00eenc\u0103 \u00eenainte de \u201efaimoasa\u201d reform\u0103 comunist\u0103 a \u00eenv\u0103\u0163\u0103m\u00e2ntului din Rom\u00e2nia. A urmat anii de studii universitare la Facultatea de Medicin\u0103 din Bucure\u015fti).<\/p>\n<p>Bog\u0103\u0163ia zestrei sale profesionale, i-a permis, fie \u00een colaborare, fie \u00een nume propriu, s\u0103 elaboreze o serie de lucr\u0103ri \u015ftiin\u0163ifice (peste 200) care l-au impus \u00een lumea \u015ftiin\u0163ific\u0103 medical\u0103 fiind primit \u00een r\u00e2ndul U.S.S.M \u015fi A.O.\u015e \u015fi r\u0103spl\u0103tit cu numeroase distinc\u0163ii (amintim doar Premiul pentru Opera Omnia al A.O.\u015e. din Rom\u00e2nia).<\/p>\n<p>Virgil R\u0103ze\u015fu s-a remarcat \u015fi ca un intelectual deosebit datorit\u0103 unei bogate zestre livre\u015fti \u015fi treptat, treptat a p\u0103truns \u00een lumea literar\u0103, mai \u00eent\u00e2i ca traduc\u0103tor (Pitigrilli, \u201eB\u0103rbatul care caut\u0103 dragoste\u201d; J. G. Prod\u0315 homme, \u201eSimfoniile lui Beethoven\u201d, \u015f. a.), apoi ca autor de proz\u0103 scurt\u0103 (\u201eNunt\u0103 de aur\u201d \u015f. a.), romane (\u201ePrin v\u0103mile vie\u0163ii; \u201eInelul pierdut\u201d, \u201eGlontele cu parfum de crin\u201d), \u015fi publicistic\u0103, pe care le-am comentat la vremea respectiv\u0103, afirm\u00e2nd c\u0103 ne afl\u0103m \u00een fa\u0163a unui scriitor veritabil, cu toate c\u0103 cei ce s-au aflat \u015fi se afl\u0103 vremelnic \u00een fruntea breslei scriitorice\u015fti, locale sau centrale, se prefac c\u0103 nu observ\u0103 valoarea c\u0103r\u0163ilor sale refuz\u00e2ndu-i p\u0103trunderea acestuia \u00een r\u00e2ndurile Uniunii Scriitorilor, cu toate c\u0103, printre cei aproape 3000 de scriitori membri, se afl\u0103 foarte mul\u0163i care au o \u201ezestre\u201d mult mai \u201esub\u0163ire\u201d dec\u00e2t a scriitorului-medic de la Piatra-Neam\u0163.<\/p>\n<p>\u00cen septembrie 2015, la T\u00e2rgul de carte \u201eLibris\u201d de la Piatra-Neam\u0163, Virgil R\u0103ze\u015fu a fost prezent cu o traducere (Faraonul, un roman de Boleslaw Prus) \u015fi cu romanul \u201eVie\u0163i paralele\u201d, la care ne vom referi \u00een continuare.<\/p>\n<p>Plas\u00e2ndu-\u015fi \u00eentr-un mod firesc personajul principal Savrami Emanuel (Manoli) \u00een diverse medii sociale \u015fi economice din mai multe p\u0103r\u0163i ale Europei, Virgil R\u0103ze\u015fu reu\u015fe\u015fte s\u0103 prezinte cititorului numeroase prefaceri de pe continent \u015fi \u00een mod deosebit o imagine real\u0103 a prefacerilor din societatea german\u0103, \u00een perioada premerg\u0103toare celui de Al Doilea R\u0103zboi Mondial (v. cap.11).<\/p>\n<p>\u00cen peregrin\u0103rile sale, pe Dun\u0103re \u00eentre Gala\u0163i \u015fi Ulm (Germania) dar \u015fi \u00een alte localit\u0103\u0163i din Germania, Savrami Emanuel (Manoli) intr\u0103 \u00een leg\u0103tur\u0103 cu multe alte personaje secundare, ale c\u0103ror vie\u0163i sunt istorisite de autor, \u00een capitole separate, adev\u0103rate nara\u0163iuni ce pot fi considerate ceea ce numim \u00een teoria literar\u0103 \u201epoveste \u00een poveste\u201d sau \u201epovestire \u00een ram\u0103\u201d, toate acestea av\u00e2nd menirea s\u0103 completeze \u00een mod fericit imaginea european\u0103, dar mai ales a unei Germanii ce se preg\u0103tea de declan\u015farea unui r\u0103zboi f\u0103r\u0103 precedent.<\/p>\n<p>Nu lipsite de interes sunt imaginile ora\u015fului Br\u0103ila (locul de na\u015ftere al autorului) \u015fi ale \u00eemprejurimilor, adev\u0103rate pagini de poem \u00een proz\u0103 (vezi cap.15).<\/p>\n<p>Cartea de acum, la fel \u015fi cele publicate anterior, poate chiar mai mult dec\u00e2t acelea, demonstreaz\u0103 c\u0103 doctorul \u00een chirurgie Virgil R\u0103ze\u015fu este un scriitor \u00eenzestrat cu un har deosebit al povestirii \u015fi, \u00een acela\u015fi timp un de\u0163in\u0103tor al unei \u015ftiin\u0163e aparte, aceea a conceperii \u015fi construc\u0163iei narative, de la cele mai simple specii ale genului epic \u00een proz\u0103 \u2013 momentul \u015fi schi\u0163a \u2013 la cele mai complexe \u2013 nuvela \u015fi romanul.<\/p>\n<p>\u00cen romanul din urm\u0103, autorul \u015fi-a ales o tem\u0103 \u015fi un subiect inedite plas\u00e2ndu-\u015fi ac\u0163iunea \u00eentr-un cadru geografic \u015fi istoric autentic \u2013 Europa secolului al XX-lea din perioada Primului R\u0103zboi Mondial p\u00e2n\u0103 la cel de Al Doilea R\u0103zboi Mondial, dar cu reverbera\u0163ii puternice asupra vie\u0163ii sociale \u015fi politice a aceluia\u015fi spa\u0163iu, \u00eens\u0103 \u00een actualitatea imediat\u0103 a b\u0103tr\u00e2nului continent fr\u0103m\u00e2ntat, poate mai mult ca oric\u00e2nd, de convulsii ce stau gata, gata s\u0103 izbucneasc\u0103.<\/p>\n<p>Arta autorului se manifest\u0103 \u00een creionarea personajului principal, secondat de o \u00eentreag\u0103 galerie de personaje, plasate \u00een diferite spa\u0163ii, de o parte \u015fi de alta a Dun\u0103rii pe tot traseul acesteia, de la izvoare (ora\u015ful Ulm) \u015fi p\u00e2n\u0103 aproape de v\u0103rsarea \u00een mare, la Br\u0103ila. Al\u0103turi de aceste personaje de fic\u0163iune autorul introduce \u00een roman nume cunoscute \u00een via\u0163a social politic\u0103 de pe continent.<\/p>\n<p>Exist\u0103 deja, printre cei care au realizat o lectur\u0103 de suprafa\u0163\u0103 a romanului, ideea c\u0103 titlul ar fi nepotrivit pe motiv c\u0103 via\u0163a unui om este una singur\u0103 \u015fi acela\u015fi ins nu poate avea \u201edou\u0103 vie\u0163i paralele\u201d. Nu \u00eemp\u0103rt\u0103\u015fim aceea\u015fi p\u0103rere, deoarece la o lectur\u0103 mai atent\u0103 urm\u0103rind inten\u0163iile \u015fi ideile autorului, se poate constata c\u0103 Virgil R\u0103ze\u015fu are \u00een vedere alte vie\u0163i paralele ale unor personaje cu via\u0163a personajului principal.<\/p>\n<p>Demn\u0103 de remarcat este \u015fi rezolvarea destinelor din acest roman \u00een finalul nara\u0163iunii. Cititorul ajuns la ultimele pagini \u00een care se vorbe\u015fte despre sf\u00e2r\u015fitul r\u0103zboiului, este gata s\u0103-\u015fi pun\u0103 \u00eentrebarea: \u015fi cu aceste destine cum r\u0103m\u00e2ne? Autorul a g\u0103sit solu\u0163ia. \u00centr-un epilog de c\u00e2teva pagini ofer\u0103 un r\u0103spuns firesc \u015fi c\u00e2t mai aproape de realitate, a\u015fa cum este nara\u0163iunea.<\/p>\n<p>Nu putem \u00eencheia aceste c\u00e2teva considera\u0163ii dac\u0103 nu men\u0163ion\u0103m limba literar\u0103 de o acurate\u0163e aparte folosit\u0103 pe tot parcursul romanului, f\u0103r\u0103 multe neologisme care abund\u0103 \u00een proza rom\u00e2n\u0103 contemporan\u0103; o construc\u0163ie lipsit\u0103 de o multitudine a figurilor de stil, mai pu\u0163in alambicat\u0103 \u015fi \u00een care patimile \u015fi umorile autorului sunt inexistente.<\/p>\n<p>\u015ei \u00eenc\u0103 ceva, Virgil R\u0103ze\u015fu a realizat \u015fi de aceast\u0103 dat\u0103 un roman adev\u0103rat ce poate fi considerat un model pentru cei care \u00ee\u015fi eticheteaz\u0103 crea\u0163iile literare, c\u00e2nd le \u00eencredin\u0163eaz\u0103 tiparului cu precizarea \u00eenscris\u0103 sub titlul \u201eroman\u201d.<\/p>\n<p>&nbsp;<\/p>\n<p>Constantin TOM\u015eA<\/p>\n","protected":false},"excerpt":{"rendered":"<p>&nbsp; \u00cen cei peste \u015faizeci de ani, de c\u00e2nd Virgil R\u0103ze\u015fu s-a stabilit la Piatra-Neam\u0163, numele s\u0103u a devenit cu fiecare an, tot mai cunoscut, la \u00eenceput, \u00een lumea medical\u0103 (ca medic specialist, \u015fef de sec\u0163ie chirurgie, ca ini\u0163iator \u015fi&hellip;<\/p>\n<p class=\"more-link-p\"><a class=\"more-link\" href=\"https:\/\/www.slineamt.ro\/apostolul\/arte-si-meseriii\/note-de-lector-virgil-razesu-vieti-paralele\/\">Read more &rarr;<\/a><\/p>\n","protected":false},"author":1,"featured_media":0,"comment_status":"open","ping_status":"open","sticky":false,"template":"","format":"standard","meta":{"footnotes":""},"categories":[7,64],"tags":[],"class_list":["post-4333","post","type-post","status-publish","format-standard","hentry","category-arte-si-meseriii","category-numarul-184"],"_links":{"self":[{"href":"https:\/\/www.slineamt.ro\/apostolul\/wp-json\/wp\/v2\/posts\/4333","targetHints":{"allow":["GET"]}}],"collection":[{"href":"https:\/\/www.slineamt.ro\/apostolul\/wp-json\/wp\/v2\/posts"}],"about":[{"href":"https:\/\/www.slineamt.ro\/apostolul\/wp-json\/wp\/v2\/types\/post"}],"author":[{"embeddable":true,"href":"https:\/\/www.slineamt.ro\/apostolul\/wp-json\/wp\/v2\/users\/1"}],"replies":[{"embeddable":true,"href":"https:\/\/www.slineamt.ro\/apostolul\/wp-json\/wp\/v2\/comments?post=4333"}],"version-history":[{"count":1,"href":"https:\/\/www.slineamt.ro\/apostolul\/wp-json\/wp\/v2\/posts\/4333\/revisions"}],"predecessor-version":[{"id":4335,"href":"https:\/\/www.slineamt.ro\/apostolul\/wp-json\/wp\/v2\/posts\/4333\/revisions\/4335"}],"wp:attachment":[{"href":"https:\/\/www.slineamt.ro\/apostolul\/wp-json\/wp\/v2\/media?parent=4333"}],"wp:term":[{"taxonomy":"category","embeddable":true,"href":"https:\/\/www.slineamt.ro\/apostolul\/wp-json\/wp\/v2\/categories?post=4333"},{"taxonomy":"post_tag","embeddable":true,"href":"https:\/\/www.slineamt.ro\/apostolul\/wp-json\/wp\/v2\/tags?post=4333"}],"curies":[{"name":"wp","href":"https:\/\/api.w.org\/{rel}","templated":true}]}}